{"id":49334,"date":"2025-10-24T09:00:00","date_gmt":"2025-10-24T07:00:00","guid":{"rendered":"https:\/\/www.kunstloft.co.uk\/magazine\/?p=29975"},"modified":"2025-10-24T06:26:22","modified_gmt":"2025-10-24T04:26:22","slug":"beleuchtungsideen-die-ihren-arbeitsbereich-zum-strahlen-bringen","status":"publish","type":"post","link":"https:\/\/www.kunstloft.de\/magazin\/beleuchtungsideen-die-ihren-arbeitsbereich-zum-strahlen-bringen\/","title":{"rendered":"13 Beleuchtungsideen, mit denen Dein Arbeitsplatz erstrahlt"},"content":{"rendered":"\t\t<div data-elementor-type=\"wp-post\" data-elementor-id=\"49334\" class=\"elementor elementor-49334\">\n\t\t\t\t\t\t<section class=\"elementor-section elementor-top-section elementor-element elementor-element-c2485f6 elementor-section-boxed elementor-section-height-default elementor-section-height-default\" data-id=\"c2485f6\" data-element_type=\"section\" data-e-type=\"section\">\n\t\t\t\t\t\t<div class=\"elementor-container elementor-column-gap-default\">\n\t\t\t\t\t<div class=\"elementor-column elementor-col-100 elementor-top-column elementor-element elementor-element-282a76c\" data-id=\"282a76c\" data-element_type=\"column\" data-e-type=\"column\">\n\t\t\t<div class=\"elementor-widget-wrap elementor-element-populated\">\n\t\t\t\t\t\t<div class=\"elementor-element elementor-element-b9ed986 elementor-widget elementor-widget-heading\" data-id=\"b9ed986\" data-element_type=\"widget\" data-e-type=\"widget\" data-widget_type=\"heading.default\">\n\t\t\t\t<div class=\"elementor-widget-container\">\n\t\t\t\t\t<h1 class=\"elementor-heading-title elementor-size-default\">13 Beleuchtungsideen, mit denen Dein Arbeitsplatz erstrahlt<\/h1>\t\t\t\t<\/div>\n\t\t\t\t<\/div>\n\t\t\t\t<div class=\"elementor-element elementor-element-2eb5ea1 elementor-widget elementor-widget-image\" data-id=\"2eb5ea1\" data-element_type=\"widget\" data-e-type=\"widget\" data-widget_type=\"image.default\">\n\t\t\t\t<div class=\"elementor-widget-container\">\n\t\t\t\t\t\t\t\t\t\t\t\t\t\t\t<img fetchpriority=\"high\" decoding=\"async\" width=\"950\" height=\"855\" src=\"https:\/\/www.kunstloft.de\/magazin\/wp-content\/uploads\/2025\/10\/Beleuchtungsideen-1024x922.jpg\" class=\"attachment-large size-large wp-image-49385\" alt=\"Wohnzimmer mit gro\u00dfen Fenstern und Deckenleuchte \u2013 stilvolles Interieur\" srcset=\"https:\/\/www.kunstloft.de\/magazin\/wp-content\/uploads\/2025\/10\/Beleuchtungsideen-1024x922.jpg 1024w, https:\/\/www.kunstloft.de\/magazin\/wp-content\/uploads\/2025\/10\/Beleuchtungsideen-300x270.jpg 300w, https:\/\/www.kunstloft.de\/magazin\/wp-content\/uploads\/2025\/10\/Beleuchtungsideen-640x576.jpg 640w, https:\/\/www.kunstloft.de\/magazin\/wp-content\/uploads\/2025\/10\/Beleuchtungsideen.jpg 1500w\" sizes=\"(max-width: 767px) 89vw, (max-width: 1000px) 54vw, (max-width: 1071px) 543px, 580px\" \/>\t\t\t\t\t\t\t\t\t\t\t\t\t\t\t<\/div>\n\t\t\t\t<\/div>\n\t\t\t\t<div class=\"elementor-element elementor-element-ac93f9c elementor-widget elementor-widget-text-editor\" data-id=\"ac93f9c\" data-element_type=\"widget\" data-e-type=\"widget\" data-widget_type=\"text-editor.default\">\n\t\t\t\t<div class=\"elementor-widget-container\">\n\t\t\t\t\t\t\t\t\t<p>Seien wir ehrlich: Ein trister, dunkel beleuchteter Arbeitsplatz kann Deine Produktivit\u00e4t erheblich beeintr\u00e4chtigen. Die richtige Beleuchtung kann Deine Art zu arbeiten, zu denken und zu f\u00fchlen komplett ver\u00e4ndern. Ganz egal, ob Du in einem gem\u00fctlichen Homeoffice oder in einem gesch\u00e4ftigen Studio arbeitest \u2013 Beleuchtung ist nicht nur funktional, sondern auch transformierend.<\/p>\t\t\t\t\t\t\t\t<\/div>\n\t\t\t\t<\/div>\n\t\t\t\t\t<\/div>\n\t\t<\/div>\n\t\t\t\t\t<\/div>\n\t\t<\/section>\n\t\t\t\t<section class=\"elementor-section elementor-top-section elementor-element elementor-element-e17f7db elementor-section-boxed elementor-section-height-default elementor-section-height-default\" data-id=\"e17f7db\" data-element_type=\"section\" data-e-type=\"section\">\n\t\t\t\t\t\t<div class=\"elementor-container elementor-column-gap-default\">\n\t\t\t\t\t<div class=\"elementor-column elementor-col-100 elementor-top-column elementor-element elementor-element-441a71c\" data-id=\"441a71c\" data-element_type=\"column\" data-e-type=\"column\">\n\t\t\t<div class=\"elementor-widget-wrap elementor-element-populated\">\n\t\t\t\t\t\t<section class=\"elementor-section elementor-inner-section elementor-element elementor-element-1f26a3c elementor-section-boxed elementor-section-height-default elementor-section-height-default\" data-id=\"1f26a3c\" data-element_type=\"section\" data-e-type=\"section\">\n\t\t\t\t\t\t<div class=\"elementor-container elementor-column-gap-default\">\n\t\t\t\t\t<div class=\"elementor-column elementor-col-100 elementor-inner-column elementor-element elementor-element-fc4c2fa\" data-id=\"fc4c2fa\" data-element_type=\"column\" data-e-type=\"column\">\n\t\t\t<div class=\"elementor-widget-wrap elementor-element-populated\">\n\t\t\t\t\t\t<div class=\"elementor-element elementor-element-58b171a elementor-widget elementor-widget-heading\" data-id=\"58b171a\" data-element_type=\"widget\" data-e-type=\"widget\" data-widget_type=\"heading.default\">\n\t\t\t\t<div class=\"elementor-widget-container\">\n\t\t\t\t\t<h3 class=\"elementor-heading-title elementor-size-default\">Inhaltsverzeichnis<\/h3>\t\t\t\t<\/div>\n\t\t\t\t<\/div>\n\t\t\t\t<div class=\"elementor-element elementor-element-9b87e02 elementor-widget elementor-widget-text-editor\" data-id=\"9b87e02\" data-element_type=\"widget\" data-e-type=\"widget\" id=\"1\" data-widget_type=\"text-editor.default\">\n\t\t\t\t<div class=\"elementor-widget-container\">\n\t\t\t\t\t\t\t\t\t<ul><li style=\"list-style-type: none;\"><ul><li><a href=\"#1\" rel=\"noopener\">Warum Beleuchtung in Deinem Arbeitsplatz wichtig ist<\/a><\/li><li><a style=\"background-color: #ffffff;\" href=\"#2\" rel=\"noopener\">Die goldenen Regeln der Arbeitsplatzbeleuchtung<\/a><ul><li><a href=\"#3\" rel=\"noopener\">Nat\u00fcrliches Licht \u2013 Dein bester Freund<\/a><\/li><li><a href=\"#4\" rel=\"noopener\">Aufgabenbeleuchtung \u2013 Fokus auf die Details<\/a><\/li><li><a href=\"#5\" rel=\"noopener\">Ambient-Beleuchtung \u2013 Schaffe die richtige Stimmung<\/a><\/li><li><a href=\"#6\" rel=\"noopener\">LED-Tischlampen \u2013 Energiesparend und stylisch<\/a><\/li><li><a href=\"#7\" rel=\"noopener\">Schlanke Stehlampen \u2013 Stil, der \u00fcberzeugt<\/a><\/li><li><a href=\"#8\" rel=\"noopener\">Unterbauleuchten \u2013 Schluss mit Schatten<\/a><\/li><li><a href=\"#9\" rel=\"noopener\">Pendelleuchten \u2013 Verleihe Deinem Arbeitsplatz Pers\u00f6nlichkeit<\/a><\/li><li><a href=\"#10\" rel=\"noopener\">Wandleuchten \u2013 Platz sparen, Charme hinzuf\u00fcgen<\/a><\/li><li><a href=\"#11\" rel=\"noopener\">Smarte Beleuchtungssysteme \u2013 Kontrolle auf Knopfdruck<\/a><\/li><li><a href=\"#12\" rel=\"noopener\">Lichtfarbtemperatur \u2013 Warm vs. Kalt<\/a><\/li><li><a href=\"#13\" rel=\"noopener\">Dekorative Akzentbeleuchtung \u2013 Das i-T\u00fcpfelchen<\/a><\/li><li><a href=\"#14\" rel=\"noopener\">Beleuchtung f\u00fcr Videocalls \u2013 Sieh auf dem Bildschirm bestens aus<\/a><\/li><li><a href=\"#15\" rel=\"noopener\">Vergiss Blendung und Schatten nicht<\/a><\/li><\/ul><\/li><li><a href=\"#16\" rel=\"noopener\">Helle Ideen f\u00fcr einen produktiven Tag<\/a><\/li><li><a href=\"#17\" rel=\"noopener\">H\u00e4ufig gestellte Fragen<\/a><\/li><\/ul><\/li><\/ul>\t\t\t\t\t\t\t\t<\/div>\n\t\t\t\t<\/div>\n\t\t\t\t\t<\/div>\n\t\t<\/div>\n\t\t\t\t\t<\/div>\n\t\t<\/section>\n\t\t\t\t\t<\/div>\n\t\t<\/div>\n\t\t\t\t\t<\/div>\n\t\t<\/section>\n\t\t\t\t<section class=\"elementor-section elementor-top-section elementor-element elementor-element-679da72 elementor-section-boxed elementor-section-height-default elementor-section-height-default\" data-id=\"679da72\" data-element_type=\"section\" data-e-type=\"section\">\n\t\t\t\t\t\t<div class=\"elementor-container elementor-column-gap-default\">\n\t\t\t\t\t<div class=\"elementor-column elementor-col-100 elementor-top-column elementor-element elementor-element-1d80278\" data-id=\"1d80278\" data-element_type=\"column\" data-e-type=\"column\">\n\t\t\t<div class=\"elementor-widget-wrap elementor-element-populated\">\n\t\t\t\t\t\t<div class=\"elementor-element elementor-element-3b7a789 elementor-widget elementor-widget-heading\" data-id=\"3b7a789\" data-element_type=\"widget\" data-e-type=\"widget\" id=\"1\" data-widget_type=\"heading.default\">\n\t\t\t\t<div class=\"elementor-widget-container\">\n\t\t\t\t\t<h2 class=\"elementor-heading-title elementor-size-default\">Warum Beleuchtung in Deinem Arbeitsplatz wichtig ist<\/h2>\t\t\t\t<\/div>\n\t\t\t\t<\/div>\n\t\t\t\t<div class=\"elementor-element elementor-element-f658233 elementor-widget elementor-widget-text-editor\" data-id=\"f658233\" data-element_type=\"widget\" data-e-type=\"widget\" data-widget_type=\"text-editor.default\">\n\t\t\t\t<div class=\"elementor-widget-container\">\n\t\t\t\t\t\t\t\t\t<p><span style=\"font-weight: 400;\">F\u00fchlst Du Dich am Schreibtisch manchmal schlapp \u2013 selbst nach einer erholsamen Nacht? Schuld daran k\u00f6nnte <\/span><b>schlechte Beleuchtung<\/b><span style=\"font-weight: 400;\"> sein. Die Art und Weise, wie Dein Arbeitsplatz ausgeleuchtet ist, beeinflusst alles: Deine Stimmung, Dein Energielevel, Deine Konzentration und sogar Deine K\u00f6rperhaltung.<\/span><\/p>\n<p><span style=\"font-weight: 400;\">Schummriges Licht \u00fcberanstrengt die Augen. Blendung von oben kann Kopfschmerzen verursachen. Und schlechte Beleuchtung? Die saugt Dir schlichtweg die Motivation aus.<\/span><\/p>\n<p><b>Gute Beleuchtung<\/b><span style=\"font-weight: 400;\"> dagegen gibt Dir Energie, macht Deinen <\/span><b>Raum einladender<\/b><span style=\"font-weight: 400;\"> und f\u00f6rdert Deine Kreativit\u00e4t. Es ist, als w\u00fcrdest Du Deinem Gehirn einen kleinen Sonnenstrahl schenken \u2013 selbst an grauen Tagen.<\/span><\/p>\t\t\t\t\t\t\t\t<\/div>\n\t\t\t\t<\/div>\n\t\t\t\t\t<\/div>\n\t\t<\/div>\n\t\t\t\t\t<\/div>\n\t\t<\/section>\n\t\t\t\t<section class=\"elementor-section elementor-top-section elementor-element elementor-element-65a6664 elementor-section-boxed elementor-section-height-default elementor-section-height-default\" data-id=\"65a6664\" data-element_type=\"section\" data-e-type=\"section\">\n\t\t\t\t\t\t<div class=\"elementor-container elementor-column-gap-default\">\n\t\t\t\t\t<div class=\"elementor-column elementor-col-100 elementor-top-column elementor-element elementor-element-b977854\" data-id=\"b977854\" data-element_type=\"column\" data-e-type=\"column\">\n\t\t\t<div class=\"elementor-widget-wrap elementor-element-populated\">\n\t\t\t\t\t\t<div class=\"elementor-element elementor-element-6455c7d elementor-widget elementor-widget-heading\" data-id=\"6455c7d\" data-element_type=\"widget\" data-e-type=\"widget\" id=\"2\" data-widget_type=\"heading.default\">\n\t\t\t\t<div class=\"elementor-widget-container\">\n\t\t\t\t\t<h2 class=\"elementor-heading-title elementor-size-default\">Die goldenen Regeln der Arbeitsplatzbeleuchtung\n<\/h2>\t\t\t\t<\/div>\n\t\t\t\t<\/div>\n\t\t\t\t<div class=\"elementor-element elementor-element-2ecdff5 elementor-widget elementor-widget-text-editor\" data-id=\"2ecdff5\" data-element_type=\"widget\" data-e-type=\"widget\" data-widget_type=\"text-editor.default\">\n\t\t\t\t<div class=\"elementor-widget-container\">\n\t\t\t\t\t\t\t\t\t<p>Bevor wir in spannende Ideen eintauchen, schauen wir uns ein paar grundlegende Beleuchtungsprinzipien an:<\/p>\n<ul>\n<li><b>Setze auf Licht-Ebenen<\/b><b><br \/><\/b><span style=\"font-weight: 400;\"> Ambient-, Aufgaben- und Akzentbeleuchtung sollten harmonisch zusammenwirken.<\/span><\/li>\n<li><b>Halte Deine Beleuchtung flexibel einstellbar<\/b><b><br \/><\/b><span style=\"font-weight: 400;\"> So kannst Du sie im Laufe des Tages anpassen.<\/span><\/li>\n<li style=\"font-weight: 400;\" aria-level=\"1\"><b>Vermeide Blendung<\/b><b><br \/><\/b><span style=\"font-weight: 400;\"> Stelle keine Lampen direkt hinter Bildschirmen auf.<\/span><\/li>\n<li style=\"font-weight: 400;\" aria-level=\"1\"><b>Finde die richtige Helligkeitsbalance<\/b><b><br \/><\/b><span style=\"font-weight: 400;\"> Dein Licht sollte den Bildschirm erg\u00e4nzen \u2013 nicht mit ihm konkurrieren.<\/span><\/li>\n<\/ul>\t\t\t\t\t\t\t\t<\/div>\n\t\t\t\t<\/div>\n\t\t\t\t<div class=\"elementor-element elementor-element-f56cd8a elementor-widget elementor-widget-text-editor\" data-id=\"f56cd8a\" data-element_type=\"widget\" data-e-type=\"widget\" data-widget_type=\"text-editor.default\">\n\t\t\t\t<div class=\"elementor-widget-container\">\n\t\t\t\t\t\t\t\t\t<p><span style=\"font-weight: 400;\">Alles klar? Super! Dann lass uns <\/span><b>13 effektvolle Beleuchtungsideen<\/b><span style=\"font-weight: 400;\"> entdecken, mit denen Du Deinen Raum zum Strahlen bringst. Ganz egal, ob Du eine gem\u00fctliche Leseecke schaffen, Deinen Arbeitsplatz heller gestalten oder Deinem Wohnzimmer eine elegante Note verleihen m\u00f6chtest \u2013 hier wirst Du f\u00fcndig. Von Ambient-Beleuchtung bis zu <\/span><b>auff\u00e4lligen Statement-Pieces<\/b><span style=\"font-weight: 400;\"> sorgt jede Idee daf\u00fcr, Deinen Raum auf stilvolle und praktische Weise zu verwandeln. Mach Dich bereit, kreative Lichtl\u00f6sungen kennenzulernen, die Stimmung und Erscheinungsbild Deines Zuhauses im Handumdrehen aufwerten.<\/span><\/p>\t\t\t\t\t\t\t\t<\/div>\n\t\t\t\t<\/div>\n\t\t\t\t\t<\/div>\n\t\t<\/div>\n\t\t\t\t\t<\/div>\n\t\t<\/section>\n\t\t\t\t<section class=\"elementor-section elementor-top-section elementor-element elementor-element-df20d31 elementor-section-boxed elementor-section-height-default elementor-section-height-default\" data-id=\"df20d31\" data-element_type=\"section\" data-e-type=\"section\">\n\t\t\t\t\t\t<div class=\"elementor-container elementor-column-gap-default\">\n\t\t\t\t\t<div class=\"elementor-column elementor-col-100 elementor-top-column elementor-element elementor-element-92adba4\" data-id=\"92adba4\" data-element_type=\"column\" data-e-type=\"column\">\n\t\t\t<div class=\"elementor-widget-wrap elementor-element-populated\">\n\t\t\t\t\t\t<div class=\"elementor-element elementor-element-c6505d1 elementor-widget elementor-widget-heading\" data-id=\"c6505d1\" data-element_type=\"widget\" data-e-type=\"widget\" id=\"3\" data-widget_type=\"heading.default\">\n\t\t\t\t<div class=\"elementor-widget-container\">\n\t\t\t\t\t<h3 class=\"elementor-heading-title elementor-size-default\">1. Nat\u00fcrliches Licht \u2013 Dein bester Freund<\/h3>\t\t\t\t<\/div>\n\t\t\t\t<\/div>\n\t\t\t\t<div class=\"elementor-element elementor-element-1e99969 elementor-widget elementor-widget-text-editor\" data-id=\"1e99969\" data-element_type=\"widget\" data-e-type=\"widget\" data-widget_type=\"text-editor.default\">\n\t\t\t\t<div class=\"elementor-widget-container\">\n\t\t\t\t\t\t\t\t\t<p><span style=\"font-weight: 400;\">Wenn Du ein Fenster in der N\u00e4he hast, nutze es! <\/span><a href=\"https:\/\/www.kunstloft.de\/magazin\/10-von-der-natur-inspirierte-ideen\/\" target=\"_blank\" rel=\"noopener\"><span style=\"font-weight: 400;\">Nat\u00fcrliches Licht ist der heilige Gral<\/span><\/a><span style=\"font-weight: 400;\"> der Arbeitsplatzbeleuchtung. Es hilft, Deinen Schlaf-Wach-Rhythmus zu regulieren, hebt die Stimmung und l\u00e4sst Deinen Arbeitsplatz lebendiger wirken.<\/span><span style=\"font-weight: 400;\"><br \/><\/span><\/p>\n<p><span style=\"font-weight: 400;\">Aber: Setz Dich nicht den ganzen Tag direkt ans Fenster. Direktes Sonnenlicht kann auf dem Bildschirm blenden. Verwende leichte Vorh\u00e4nge, um das Licht zu soften, und platziere Deinen Schreibtisch parallel zum Fenster, damit sich das Licht gleichm\u00e4\u00dfig verteilt.<\/span><span style=\"font-weight: 400;\"><br \/><br \/><\/span><\/p>\t\t\t\t\t\t\t\t<\/div>\n\t\t\t\t<\/div>\n\t\t\t\t\t<\/div>\n\t\t<\/div>\n\t\t\t\t\t<\/div>\n\t\t<\/section>\n\t\t\t\t<section class=\"elementor-section elementor-top-section elementor-element elementor-element-10c8a9e elementor-section-boxed elementor-section-height-default elementor-section-height-default\" data-id=\"10c8a9e\" data-element_type=\"section\" data-e-type=\"section\">\n\t\t\t\t\t\t<div class=\"elementor-container elementor-column-gap-default\">\n\t\t\t\t\t<div class=\"elementor-column elementor-col-100 elementor-top-column elementor-element elementor-element-1e51b7f\" data-id=\"1e51b7f\" data-element_type=\"column\" data-e-type=\"column\">\n\t\t\t<div class=\"elementor-widget-wrap elementor-element-populated\">\n\t\t\t\t\t\t<div class=\"elementor-element elementor-element-4e7fab4 elementor-widget elementor-widget-image\" data-id=\"4e7fab4\" data-element_type=\"widget\" data-e-type=\"widget\" data-widget_type=\"image.default\">\n\t\t\t\t<div class=\"elementor-widget-container\">\n\t\t\t\t\t\t\t\t\t\t\t\t\t\t\t<img decoding=\"async\" width=\"950\" height=\"688\" src=\"https:\/\/www.kunstloft.de\/magazin\/wp-content\/uploads\/2025\/10\/Natuerliches-Licht-MOD013PL-02BS1KL06118-1024x742.png\" class=\"attachment-large size-large wp-image-49388\" alt=\"Helles Wohnzimmer mit gro\u00dfem Wandbild und moderner H\u00e4ngeleuchte\" srcset=\"https:\/\/www.kunstloft.de\/magazin\/wp-content\/uploads\/2025\/10\/Natuerliches-Licht-MOD013PL-02BS1KL06118-1024x742.png 1024w, https:\/\/www.kunstloft.de\/magazin\/wp-content\/uploads\/2025\/10\/Natuerliches-Licht-MOD013PL-02BS1KL06118-300x217.png 300w, https:\/\/www.kunstloft.de\/magazin\/wp-content\/uploads\/2025\/10\/Natuerliches-Licht-MOD013PL-02BS1KL06118-640x464.png 640w, https:\/\/www.kunstloft.de\/magazin\/wp-content\/uploads\/2025\/10\/Natuerliches-Licht-MOD013PL-02BS1KL06118.png 1380w\" sizes=\"(max-width: 767px) 89vw, (max-width: 1000px) 54vw, (max-width: 1071px) 543px, 580px\" \/>\t\t\t\t\t\t\t\t\t\t\t\t\t\t\t<\/div>\n\t\t\t\t<\/div>\n\t\t\t\t<div class=\"elementor-element elementor-element-6de67bd elementor-widget elementor-widget-text-editor\" data-id=\"6de67bd\" data-element_type=\"widget\" data-e-type=\"widget\" data-widget_type=\"text-editor.default\">\n\t\t\t\t<div class=\"elementor-widget-container\">\n\t\t\t\t\t\t\t\t\t<p><strong>Wandkunst von KunstLoft:<\/strong> <a href=\"https:\/\/www.kunstloft.de\/7355-oel-gemaelde-leises-wellenrauschen\/\" target=\"_blank\" rel=\"noopener\">XXL \u00d6l Gem\u00e4lde &#8218;Leises Wellenrauschen&#8216;<\/a>\u00a0|\u00a0 <strong>Pendelleuchte von KunstLoft:<\/strong> <a href=\"https:\/\/www.kunstloft.de\/18820-pendelleuchte-ring-10\/\" target=\"_blank\" rel=\"noopener\">Pendelleuchte &#8218;Ring 10&#8216;<\/a><\/p>\t\t\t\t\t\t\t\t<\/div>\n\t\t\t\t<\/div>\n\t\t\t\t\t<\/div>\n\t\t<\/div>\n\t\t\t\t\t<\/div>\n\t\t<\/section>\n\t\t\t\t<section class=\"elementor-section elementor-top-section elementor-element elementor-element-b7662ec elementor-section-boxed elementor-section-height-default elementor-section-height-default\" data-id=\"b7662ec\" data-element_type=\"section\" data-e-type=\"section\">\n\t\t\t\t\t\t<div class=\"elementor-container elementor-column-gap-default\">\n\t\t\t\t\t<div class=\"elementor-column elementor-col-100 elementor-top-column elementor-element elementor-element-ab87b29\" data-id=\"ab87b29\" data-element_type=\"column\" data-e-type=\"column\">\n\t\t\t<div class=\"elementor-widget-wrap elementor-element-populated\">\n\t\t\t\t\t\t<div class=\"elementor-element elementor-element-0309ce3 elementor-widget elementor-widget-heading\" data-id=\"0309ce3\" data-element_type=\"widget\" data-e-type=\"widget\" id=\"4\" data-widget_type=\"heading.default\">\n\t\t\t\t<div class=\"elementor-widget-container\">\n\t\t\t\t\t<h3 class=\"elementor-heading-title elementor-size-default\">2. Aufgabenbeleuchtung \u2013 Fokus auf die Details\n<\/h3>\t\t\t\t<\/div>\n\t\t\t\t<\/div>\n\t\t\t\t<div class=\"elementor-element elementor-element-c19b24d elementor-widget elementor-widget-text-editor\" data-id=\"c19b24d\" data-element_type=\"widget\" data-e-type=\"widget\" data-widget_type=\"text-editor.default\">\n\t\t\t\t<div class=\"elementor-widget-container\">\n\t\t\t\t\t\t\t\t\t<p><span style=\"font-weight: 400;\">Nicht alles muss im hellen Licht erstrahlen \u2013 hier kommt die Aufgabenbeleuchtung ins Spiel. Stell sie Dir wie einen Spot auf Deine Arbeit vor. T\u00e4tigkeiten wie Lesen, Schreiben, Zeichnen oder Gestalten brauchen gezieltes, direktes Licht.<\/span><\/p>\n<p><span style=\"font-weight: 400;\">Greif zu verstellbaren <\/span><a href=\"https:\/\/www.kunstloft.de\/tischleuchten\/\"><span style=\"font-weight: 400;\">Tischlampen<\/span><\/a><span style=\"font-weight: 400;\">, die sich biegen, drehen und schwenken lassen. Mit LEDs bekommst Du helles, k\u00fchles und zugleich energieeffizientes Licht.<\/span><\/p>\t\t\t\t\t\t\t\t<\/div>\n\t\t\t\t<\/div>\n\t\t\t\t\t<\/div>\n\t\t<\/div>\n\t\t\t\t\t<\/div>\n\t\t<\/section>\n\t\t\t\t<section class=\"elementor-section elementor-top-section elementor-element elementor-element-a8f9a4e elementor-section-boxed elementor-section-height-default elementor-section-height-default\" data-id=\"a8f9a4e\" data-element_type=\"section\" data-e-type=\"section\">\n\t\t\t\t\t\t<div class=\"elementor-container elementor-column-gap-default\">\n\t\t\t\t\t<div class=\"elementor-column elementor-col-100 elementor-top-column elementor-element elementor-element-6b1c626\" data-id=\"6b1c626\" data-element_type=\"column\" data-e-type=\"column\">\n\t\t\t<div class=\"elementor-widget-wrap elementor-element-populated\">\n\t\t\t\t\t\t<div class=\"elementor-element elementor-element-d66a6a2 elementor-widget-divider--view-line_text elementor-widget-divider--element-align-center elementor-widget elementor-widget-divider\" data-id=\"d66a6a2\" data-element_type=\"widget\" data-e-type=\"widget\" data-widget_type=\"divider.default\">\n\t\t\t\t<div class=\"elementor-widget-container\">\n\t\t\t\t\t\t\t<div class=\"elementor-divider\">\n\t\t\t<span class=\"elementor-divider-separator\">\n\t\t\t\t\t\t\t<span class=\"elementor-divider__text elementor-divider__element\">\n\t\t\t\tTISCHLAMPEN-IDEEN VON KUNSTLOFT\t\t\t\t<\/span>\n\t\t\t\t\t\t<\/span>\n\t\t<\/div>\n\t\t\t\t\t\t<\/div>\n\t\t\t\t<\/div>\n\t\t\t\t\t<\/div>\n\t\t<\/div>\n\t\t\t\t\t<\/div>\n\t\t<\/section>\n\t\t\t\t<section class=\"elementor-section elementor-top-section elementor-element elementor-element-b3aac4c elementor-section-boxed elementor-section-height-default elementor-section-height-default\" data-id=\"b3aac4c\" data-element_type=\"section\" data-e-type=\"section\">\n\t\t\t\t\t\t<div class=\"elementor-container elementor-column-gap-default\">\n\t\t\t\t\t<div class=\"elementor-column elementor-col-50 elementor-top-column elementor-element elementor-element-fb768ec\" data-id=\"fb768ec\" data-element_type=\"column\" data-e-type=\"column\">\n\t\t\t<div class=\"elementor-widget-wrap elementor-element-populated\">\n\t\t\t\t\t\t<div class=\"elementor-element elementor-element-9a93dc4 elementor-widget elementor-widget-image\" data-id=\"9a93dc4\" data-element_type=\"widget\" data-e-type=\"widget\" data-widget_type=\"image.default\">\n\t\t\t\t<div class=\"elementor-widget-container\">\n\t\t\t\t\t\t\t\t\t\t\t\t\t\t\t\t<a href=\"https:\/\/www.kunstloft.de\/12666-tischlampe-estudo-2\/\" target=\"_blank\">\n\t\t\t\t\t\t\t<img decoding=\"async\" width=\"300\" height=\"300\" src=\"https:\/\/www.kunstloft.de\/magazin\/wp-content\/uploads\/2025\/10\/Tischlampe-Estudo-2-300x300.webp\" class=\"attachment-medium size-medium wp-image-49406\" alt=\"Schlanke schwarze LED-Tischlampe mit verstellbarem Kopf \u2013 modernes Arbeitslicht\" srcset=\"https:\/\/www.kunstloft.de\/magazin\/wp-content\/uploads\/2025\/10\/Tischlampe-Estudo-2-300x300.webp 300w, https:\/\/www.kunstloft.de\/magazin\/wp-content\/uploads\/2025\/10\/Tischlampe-Estudo-2-150x150.webp 150w, https:\/\/www.kunstloft.de\/magazin\/wp-content\/uploads\/2025\/10\/Tischlampe-Estudo-2.webp 600w\" sizes=\"(max-width: 767px) 89vw, (max-width: 1000px) 54vw, (max-width: 1071px) 543px, 580px\" \/>\t\t\t\t\t\t\t\t<\/a>\n\t\t\t\t\t\t\t\t\t\t\t\t\t\t\t<\/div>\n\t\t\t\t<\/div>\n\t\t\t\t<div class=\"elementor-element elementor-element-694853c elementor-widget elementor-widget-text-editor\" data-id=\"694853c\" data-element_type=\"widget\" data-e-type=\"widget\" data-widget_type=\"text-editor.default\">\n\t\t\t\t<div class=\"elementor-widget-container\">\n\t\t\t\t\t\t\t\t\t<p><a href=\"https:\/\/www.kunstloft.de\/12666-tischlampe-estudo-2\/\" target=\"_blank\" rel=\"noopener\">Tischlampe &#8218;Estudo 2&#8216;<\/a><\/p>\t\t\t\t\t\t\t\t<\/div>\n\t\t\t\t<\/div>\n\t\t\t\t\t<\/div>\n\t\t<\/div>\n\t\t\t\t<div class=\"elementor-column elementor-col-50 elementor-top-column elementor-element elementor-element-776c00d\" data-id=\"776c00d\" data-element_type=\"column\" data-e-type=\"column\">\n\t\t\t<div class=\"elementor-widget-wrap elementor-element-populated\">\n\t\t\t\t\t\t<div class=\"elementor-element elementor-element-f40e176 elementor-widget elementor-widget-image\" data-id=\"f40e176\" data-element_type=\"widget\" data-e-type=\"widget\" data-widget_type=\"image.default\">\n\t\t\t\t<div class=\"elementor-widget-container\">\n\t\t\t\t\t\t\t\t\t\t\t\t\t\t\t\t<a href=\"https:\/\/www.kunstloft.de\/12653-tischlampe-mollis\/\" target=\"_blank\">\n\t\t\t\t\t\t\t<img loading=\"lazy\" decoding=\"async\" width=\"300\" height=\"300\" src=\"https:\/\/www.kunstloft.de\/magazin\/wp-content\/uploads\/2025\/10\/Tischlampe-Mollis-300x300.webp\" class=\"attachment-medium size-medium wp-image-49407\" alt=\"Zeitgen\u00f6ssische schwarze Tischlampe mit gebogenem Design \u2013 stilvolle B\u00fcrobeleuchtung\" srcset=\"https:\/\/www.kunstloft.de\/magazin\/wp-content\/uploads\/2025\/10\/Tischlampe-Mollis-300x300.webp 300w, https:\/\/www.kunstloft.de\/magazin\/wp-content\/uploads\/2025\/10\/Tischlampe-Mollis-150x150.webp 150w, https:\/\/www.kunstloft.de\/magazin\/wp-content\/uploads\/2025\/10\/Tischlampe-Mollis.webp 600w\" sizes=\"(max-width: 767px) 89vw, (max-width: 1000px) 54vw, (max-width: 1071px) 543px, 580px\" \/>\t\t\t\t\t\t\t\t<\/a>\n\t\t\t\t\t\t\t\t\t\t\t\t\t\t\t<\/div>\n\t\t\t\t<\/div>\n\t\t\t\t<div class=\"elementor-element elementor-element-00240b6 elementor-widget elementor-widget-text-editor\" data-id=\"00240b6\" data-element_type=\"widget\" data-e-type=\"widget\" data-widget_type=\"text-editor.default\">\n\t\t\t\t<div class=\"elementor-widget-container\">\n\t\t\t\t\t\t\t\t\t<p><a href=\"https:\/\/www.kunstloft.de\/12653-tischlampe-mollis\/\" target=\"_blank\" rel=\"noopener\">Tischlampe &#8218;Mollis&#8216;<\/a><\/p>\t\t\t\t\t\t\t\t<\/div>\n\t\t\t\t<\/div>\n\t\t\t\t\t<\/div>\n\t\t<\/div>\n\t\t\t\t\t<\/div>\n\t\t<\/section>\n\t\t\t\t<section class=\"elementor-section elementor-top-section elementor-element elementor-element-1747f10 elementor-section-boxed elementor-section-height-default elementor-section-height-default\" data-id=\"1747f10\" data-element_type=\"section\" data-e-type=\"section\">\n\t\t\t\t\t\t<div class=\"elementor-container elementor-column-gap-default\">\n\t\t\t\t\t<div class=\"elementor-column elementor-col-50 elementor-top-column elementor-element elementor-element-a893aab\" data-id=\"a893aab\" data-element_type=\"column\" data-e-type=\"column\">\n\t\t\t<div class=\"elementor-widget-wrap elementor-element-populated\">\n\t\t\t\t\t\t<div class=\"elementor-element elementor-element-0c844a5 elementor-widget elementor-widget-image\" data-id=\"0c844a5\" data-element_type=\"widget\" data-e-type=\"widget\" data-widget_type=\"image.default\">\n\t\t\t\t<div class=\"elementor-widget-container\">\n\t\t\t\t\t\t\t\t\t\t\t\t\t\t\t\t<a href=\"https:\/\/www.kunstloft.de\/24458-tischlampe-olivia\/\" target=\"_blank\">\n\t\t\t\t\t\t\t<img loading=\"lazy\" decoding=\"async\" width=\"300\" height=\"300\" src=\"https:\/\/www.kunstloft.de\/magazin\/wp-content\/uploads\/2025\/10\/Tischlampe-Olivia-300x300.webp\" class=\"attachment-medium size-medium wp-image-49409\" alt=\"Goldene Tischlampe mit ovalem Glas \u2013 elegante moderne Beleuchtung\" srcset=\"https:\/\/www.kunstloft.de\/magazin\/wp-content\/uploads\/2025\/10\/Tischlampe-Olivia-300x300.webp 300w, https:\/\/www.kunstloft.de\/magazin\/wp-content\/uploads\/2025\/10\/Tischlampe-Olivia-150x150.webp 150w, https:\/\/www.kunstloft.de\/magazin\/wp-content\/uploads\/2025\/10\/Tischlampe-Olivia.webp 600w\" sizes=\"(max-width: 767px) 89vw, (max-width: 1000px) 54vw, (max-width: 1071px) 543px, 580px\" \/>\t\t\t\t\t\t\t\t<\/a>\n\t\t\t\t\t\t\t\t\t\t\t\t\t\t\t<\/div>\n\t\t\t\t<\/div>\n\t\t\t\t<div class=\"elementor-element elementor-element-71d01fe elementor-widget elementor-widget-text-editor\" data-id=\"71d01fe\" data-element_type=\"widget\" data-e-type=\"widget\" data-widget_type=\"text-editor.default\">\n\t\t\t\t<div class=\"elementor-widget-container\">\n\t\t\t\t\t\t\t\t\t<p><a href=\"https:\/\/www.kunstloft.de\/24458-tischlampe-olivia\/\" target=\"_blank\" rel=\"noopener\">Tischlampe &#8218;Olivia&#8216;<\/a><\/p>\t\t\t\t\t\t\t\t<\/div>\n\t\t\t\t<\/div>\n\t\t\t\t\t<\/div>\n\t\t<\/div>\n\t\t\t\t<div class=\"elementor-column elementor-col-50 elementor-top-column elementor-element elementor-element-f5dbda3\" data-id=\"f5dbda3\" data-element_type=\"column\" data-e-type=\"column\">\n\t\t\t<div class=\"elementor-widget-wrap elementor-element-populated\">\n\t\t\t\t\t\t<div class=\"elementor-element elementor-element-1a43f56 elementor-widget elementor-widget-image\" data-id=\"1a43f56\" data-element_type=\"widget\" data-e-type=\"widget\" data-widget_type=\"image.default\">\n\t\t\t\t<div class=\"elementor-widget-container\">\n\t\t\t\t\t\t\t\t\t\t\t\t\t\t\t\t<a href=\"https:\/\/www.kunstloft.de\/24947-tischlampe-cabaret\/\" target=\"_blank\">\n\t\t\t\t\t\t\t<img loading=\"lazy\" decoding=\"async\" width=\"300\" height=\"300\" src=\"https:\/\/www.kunstloft.de\/magazin\/wp-content\/uploads\/2025\/10\/Tischlampe-Cabaret-300x300.webp\" class=\"attachment-medium size-medium wp-image-49404\" alt=\"Goldene Tischlampe mit Glaselement \u2013 luxuri\u00f6se Beleuchtung f\u00fcr B\u00fcro oder Wohnzimmer\" srcset=\"https:\/\/www.kunstloft.de\/magazin\/wp-content\/uploads\/2025\/10\/Tischlampe-Cabaret-300x300.webp 300w, https:\/\/www.kunstloft.de\/magazin\/wp-content\/uploads\/2025\/10\/Tischlampe-Cabaret-150x150.webp 150w, https:\/\/www.kunstloft.de\/magazin\/wp-content\/uploads\/2025\/10\/Tischlampe-Cabaret.webp 600w\" sizes=\"(max-width: 767px) 89vw, (max-width: 1000px) 54vw, (max-width: 1071px) 543px, 580px\" \/>\t\t\t\t\t\t\t\t<\/a>\n\t\t\t\t\t\t\t\t\t\t\t\t\t\t\t<\/div>\n\t\t\t\t<\/div>\n\t\t\t\t<div class=\"elementor-element elementor-element-86c88fb elementor-widget elementor-widget-text-editor\" data-id=\"86c88fb\" data-element_type=\"widget\" data-e-type=\"widget\" data-widget_type=\"text-editor.default\">\n\t\t\t\t<div class=\"elementor-widget-container\">\n\t\t\t\t\t\t\t\t\t<p><a href=\"https:\/\/www.kunstloft.de\/24947-tischlampe-cabaret\/\" target=\"_blank\" rel=\"noopener\">Tischlampe &#8218;Cabaret&#8216;<\/a><\/p>\t\t\t\t\t\t\t\t<\/div>\n\t\t\t\t<\/div>\n\t\t\t\t\t<\/div>\n\t\t<\/div>\n\t\t\t\t\t<\/div>\n\t\t<\/section>\n\t\t\t\t<section class=\"elementor-section elementor-top-section elementor-element elementor-element-ed034ab elementor-section-boxed elementor-section-height-default elementor-section-height-default\" data-id=\"ed034ab\" data-element_type=\"section\" data-e-type=\"section\">\n\t\t\t\t\t\t<div class=\"elementor-container elementor-column-gap-default\">\n\t\t\t\t\t<div class=\"elementor-column elementor-col-100 elementor-top-column elementor-element elementor-element-50c6e1a\" data-id=\"50c6e1a\" data-element_type=\"column\" data-e-type=\"column\">\n\t\t\t<div class=\"elementor-widget-wrap elementor-element-populated\">\n\t\t\t\t\t\t<div class=\"elementor-element elementor-element-19e6d34 elementor-widget elementor-widget-heading\" data-id=\"19e6d34\" data-element_type=\"widget\" data-e-type=\"widget\" id=\"5\" data-widget_type=\"heading.default\">\n\t\t\t\t<div class=\"elementor-widget-container\">\n\t\t\t\t\t<h3 class=\"elementor-heading-title elementor-size-default\">3. Ambient-Beleuchtung \u2013 Schaffe die richtige Stimmung<\/h3>\t\t\t\t<\/div>\n\t\t\t\t<\/div>\n\t\t\t\t<div class=\"elementor-element elementor-element-f9cbfd6 elementor-widget elementor-widget-text-editor\" data-id=\"f9cbfd6\" data-element_type=\"widget\" data-e-type=\"widget\" data-widget_type=\"text-editor.default\">\n\t\t\t\t<div class=\"elementor-widget-container\">\n\t\t\t\t\t\t\t\t\t<p><span style=\"font-weight: 400;\">Ambient-Beleuchtung bildet die Grundlage, wie die Grundierung vor dem Anstrich. Sie sorgt f\u00fcr einen sanften Lichtschein, der andere Lichtquellen effektiver wirken l\u00e4sst. Deckenlampen, <\/span><a href=\"https:\/\/www.kunstloft.de\/stehleuchten\/\"><span style=\"font-weight: 400;\">Stehlampen<\/span><\/a><span style=\"font-weight: 400;\"> oder an der Decke montierte Leuchten eignen sich daf\u00fcr perfekt.<\/span><span style=\"font-weight: 400;\"><br \/><\/span><\/p>\n<p><span style=\"font-weight: 400;\">Das Ziel? Keine dunklen Ecken. Es geht darum, eine gleichm\u00e4\u00dfige, sanfte Beleuchtung zu schaffen, die die anderen Lichtquellen optimal unterst\u00fctzt.<\/span><\/p>\t\t\t\t\t\t\t\t<\/div>\n\t\t\t\t<\/div>\n\t\t\t\t\t<\/div>\n\t\t<\/div>\n\t\t\t\t\t<\/div>\n\t\t<\/section>\n\t\t\t\t<section class=\"elementor-section elementor-top-section elementor-element elementor-element-cfaeb4d elementor-section-boxed elementor-section-height-default elementor-section-height-default\" data-id=\"cfaeb4d\" data-element_type=\"section\" data-e-type=\"section\">\n\t\t\t\t\t\t<div class=\"elementor-container elementor-column-gap-default\">\n\t\t\t\t\t<div class=\"elementor-column elementor-col-50 elementor-top-column elementor-element elementor-element-1d16d06\" data-id=\"1d16d06\" data-element_type=\"column\" data-e-type=\"column\">\n\t\t\t<div class=\"elementor-widget-wrap elementor-element-populated\">\n\t\t\t\t\t\t<div class=\"elementor-element elementor-element-ec98095 elementor-widget elementor-widget-image\" data-id=\"ec98095\" data-element_type=\"widget\" data-e-type=\"widget\" data-widget_type=\"image.default\">\n\t\t\t\t<div class=\"elementor-widget-container\">\n\t\t\t\t\t\t\t\t\t\t\t\t\t\t\t<img loading=\"lazy\" decoding=\"async\" width=\"600\" height=\"675\" src=\"https:\/\/www.kunstloft.de\/magazin\/wp-content\/uploads\/2025\/10\/Stehlampe-fuer-das-Schlafzimmer.png\" class=\"attachment-large size-large wp-image-49397\" alt=\"Schwarze Stehlampe mit verstellbarem Arm \u2013 klassische Leseleuchte f\u00fcrs Schlafzimmer\" srcset=\"https:\/\/www.kunstloft.de\/magazin\/wp-content\/uploads\/2025\/10\/Stehlampe-fuer-das-Schlafzimmer.png 600w, https:\/\/www.kunstloft.de\/magazin\/wp-content\/uploads\/2025\/10\/Stehlampe-fuer-das-Schlafzimmer-267x300.png 267w\" sizes=\"(max-width: 767px) 89vw, (max-width: 1000px) 54vw, (max-width: 1071px) 543px, 580px\" \/>\t\t\t\t\t\t\t\t\t\t\t\t\t\t\t<\/div>\n\t\t\t\t<\/div>\n\t\t\t\t\t<\/div>\n\t\t<\/div>\n\t\t\t\t<div class=\"elementor-column elementor-col-50 elementor-top-column elementor-element elementor-element-9ec2d37\" data-id=\"9ec2d37\" data-element_type=\"column\" data-e-type=\"column\">\n\t\t\t<div class=\"elementor-widget-wrap elementor-element-populated\">\n\t\t\t\t\t\t<div class=\"elementor-element elementor-element-dbb513b elementor-widget elementor-widget-image\" data-id=\"dbb513b\" data-element_type=\"widget\" data-e-type=\"widget\" data-widget_type=\"image.default\">\n\t\t\t\t<div class=\"elementor-widget-container\">\n\t\t\t\t\t\t\t\t\t\t\t\t\t\t\t\t<a href=\"https:\/\/www.kunstloft.de\/13535-stehlampe-estudo\/\" target=\"_blank\">\n\t\t\t\t\t\t\t<img loading=\"lazy\" decoding=\"async\" width=\"600\" height=\"675\" src=\"https:\/\/www.kunstloft.de\/magazin\/wp-content\/uploads\/2025\/10\/Stehlampen-fuer-das-Wohnzimmer.png\" class=\"attachment-large size-large wp-image-49403\" alt=\"Gem\u00fctliches Wohnzimmer mit moderner Stehlampe \u2013 stilvolle Leseecke\" srcset=\"https:\/\/www.kunstloft.de\/magazin\/wp-content\/uploads\/2025\/10\/Stehlampen-fuer-das-Wohnzimmer.png 600w, https:\/\/www.kunstloft.de\/magazin\/wp-content\/uploads\/2025\/10\/Stehlampen-fuer-das-Wohnzimmer-267x300.png 267w\" sizes=\"(max-width: 767px) 89vw, (max-width: 1000px) 54vw, (max-width: 1071px) 543px, 580px\" \/>\t\t\t\t\t\t\t\t<\/a>\n\t\t\t\t\t\t\t\t\t\t\t\t\t\t\t<\/div>\n\t\t\t\t<\/div>\n\t\t\t\t\t<\/div>\n\t\t<\/div>\n\t\t\t\t\t<\/div>\n\t\t<\/section>\n\t\t\t\t<section class=\"elementor-section elementor-top-section elementor-element elementor-element-b952012 elementor-section-boxed elementor-section-height-default elementor-section-height-default\" data-id=\"b952012\" data-element_type=\"section\" data-e-type=\"section\">\n\t\t\t\t\t\t<div class=\"elementor-container elementor-column-gap-default\">\n\t\t\t\t\t<div class=\"elementor-column elementor-col-100 elementor-top-column elementor-element elementor-element-21604cd\" data-id=\"21604cd\" data-element_type=\"column\" data-e-type=\"column\">\n\t\t\t<div class=\"elementor-widget-wrap elementor-element-populated\">\n\t\t\t\t\t\t<div class=\"elementor-element elementor-element-8d39559 elementor-widget elementor-widget-spacer\" data-id=\"8d39559\" data-element_type=\"widget\" data-e-type=\"widget\" data-widget_type=\"spacer.default\">\n\t\t\t\t<div class=\"elementor-widget-container\">\n\t\t\t\t\t\t\t<div class=\"elementor-spacer\">\n\t\t\t<div class=\"elementor-spacer-inner\"><\/div>\n\t\t<\/div>\n\t\t\t\t\t\t<\/div>\n\t\t\t\t<\/div>\n\t\t\t\t<div class=\"elementor-element elementor-element-865aba3 elementor-widget-divider--view-line_text elementor-widget-divider--element-align-center elementor-widget elementor-widget-divider\" data-id=\"865aba3\" data-element_type=\"widget\" data-e-type=\"widget\" data-widget_type=\"divider.default\">\n\t\t\t\t<div class=\"elementor-widget-container\">\n\t\t\t\t\t\t\t<div class=\"elementor-divider\">\n\t\t\t<span class=\"elementor-divider-separator\">\n\t\t\t\t\t\t\t<span class=\"elementor-divider__text elementor-divider__element\">\n\t\t\t\tSTEHLEUCHTEN-IDEEN VON KUNSTLOFT\t\t\t\t<\/span>\n\t\t\t\t\t\t<\/span>\n\t\t<\/div>\n\t\t\t\t\t\t<\/div>\n\t\t\t\t<\/div>\n\t\t\t\t\t<\/div>\n\t\t<\/div>\n\t\t\t\t\t<\/div>\n\t\t<\/section>\n\t\t\t\t<section class=\"elementor-section elementor-top-section elementor-element elementor-element-624da35 elementor-section-boxed elementor-section-height-default elementor-section-height-default\" data-id=\"624da35\" data-element_type=\"section\" data-e-type=\"section\">\n\t\t\t\t\t\t<div class=\"elementor-container elementor-column-gap-default\">\n\t\t\t\t\t<div class=\"elementor-column elementor-col-33 elementor-top-column elementor-element elementor-element-2ef0821\" data-id=\"2ef0821\" data-element_type=\"column\" data-e-type=\"column\">\n\t\t\t<div class=\"elementor-widget-wrap elementor-element-populated\">\n\t\t\t\t\t\t<div class=\"elementor-element elementor-element-e42eb5e elementor-widget elementor-widget-image\" data-id=\"e42eb5e\" data-element_type=\"widget\" data-e-type=\"widget\" data-widget_type=\"image.default\">\n\t\t\t\t<div class=\"elementor-widget-container\">\n\t\t\t\t\t\t\t\t\t\t\t\t\t\t\t\t<a href=\"https:\/\/www.kunstloft.de\/24959-stehlampe-marmo\/\" target=\"_blank\">\n\t\t\t\t\t\t\t<img loading=\"lazy\" decoding=\"async\" width=\"600\" height=\"675\" src=\"https:\/\/www.kunstloft.de\/magazin\/wp-content\/uploads\/2025\/10\/Stehlampe-Marmo.png\" class=\"attachment-large size-large wp-image-49398\" alt=\"Goldene Stehlampe mit rundem Design \u2013 luxuri\u00f6se moderne Beleuchtung\" srcset=\"https:\/\/www.kunstloft.de\/magazin\/wp-content\/uploads\/2025\/10\/Stehlampe-Marmo.png 600w, https:\/\/www.kunstloft.de\/magazin\/wp-content\/uploads\/2025\/10\/Stehlampe-Marmo-267x300.png 267w\" sizes=\"(max-width: 767px) 89vw, (max-width: 1000px) 54vw, (max-width: 1071px) 543px, 580px\" \/>\t\t\t\t\t\t\t\t<\/a>\n\t\t\t\t\t\t\t\t\t\t\t\t\t\t\t<\/div>\n\t\t\t\t<\/div>\n\t\t\t\t<div class=\"elementor-element elementor-element-045d89e elementor-widget elementor-widget-text-editor\" data-id=\"045d89e\" data-element_type=\"widget\" data-e-type=\"widget\" data-widget_type=\"text-editor.default\">\n\t\t\t\t<div class=\"elementor-widget-container\">\n\t\t\t\t\t\t\t\t\t<p><a href=\"https:\/\/www.kunstloft.de\/24959-stehlampe-marmo\/\" target=\"_blank\" rel=\"noopener\">Stehlampe &#8218;Marmo&#8216;<\/a><\/p>\t\t\t\t\t\t\t\t<\/div>\n\t\t\t\t<\/div>\n\t\t\t\t\t<\/div>\n\t\t<\/div>\n\t\t\t\t<div class=\"elementor-column elementor-col-33 elementor-top-column elementor-element elementor-element-0e2ffb5\" data-id=\"0e2ffb5\" data-element_type=\"column\" data-e-type=\"column\">\n\t\t\t<div class=\"elementor-widget-wrap elementor-element-populated\">\n\t\t\t\t\t\t<div class=\"elementor-element elementor-element-e7aefb3 elementor-widget elementor-widget-image\" data-id=\"e7aefb3\" data-element_type=\"widget\" data-e-type=\"widget\" data-widget_type=\"image.default\">\n\t\t\t\t<div class=\"elementor-widget-container\">\n\t\t\t\t\t\t\t\t\t\t\t\t\t\t\t\t<a href=\"https:\/\/www.kunstloft.de\/24956-stehlampe-cabaret\/\" target=\"_blank\">\n\t\t\t\t\t\t\t<img loading=\"lazy\" decoding=\"async\" width=\"950\" height=\"950\" src=\"https:\/\/www.kunstloft.de\/magazin\/wp-content\/uploads\/2025\/10\/Stehlampe-Cabaret-1024x1024.webp\" class=\"attachment-large size-large wp-image-49396\" alt=\"Goldene Stehlampe mit Glaselement \u2013 elegante Beleuchtung f\u00fcr Wohnzimmer oder B\u00fcro\" srcset=\"https:\/\/www.kunstloft.de\/magazin\/wp-content\/uploads\/2025\/10\/Stehlampe-Cabaret-1024x1024.webp 1024w, https:\/\/www.kunstloft.de\/magazin\/wp-content\/uploads\/2025\/10\/Stehlampe-Cabaret-300x300.webp 300w, https:\/\/www.kunstloft.de\/magazin\/wp-content\/uploads\/2025\/10\/Stehlampe-Cabaret-150x150.webp 150w, https:\/\/www.kunstloft.de\/magazin\/wp-content\/uploads\/2025\/10\/Stehlampe-Cabaret-640x640.webp 640w, https:\/\/www.kunstloft.de\/magazin\/wp-content\/uploads\/2025\/10\/Stehlampe-Cabaret-1536x1536.webp 1536w, https:\/\/www.kunstloft.de\/magazin\/wp-content\/uploads\/2025\/10\/Stehlampe-Cabaret.webp 1920w\" sizes=\"(max-width: 767px) 89vw, (max-width: 1000px) 54vw, (max-width: 1071px) 543px, 580px\" \/>\t\t\t\t\t\t\t\t<\/a>\n\t\t\t\t\t\t\t\t\t\t\t\t\t\t\t<\/div>\n\t\t\t\t<\/div>\n\t\t\t\t<div class=\"elementor-element elementor-element-80f4ca0 elementor-widget elementor-widget-text-editor\" data-id=\"80f4ca0\" data-element_type=\"widget\" data-e-type=\"widget\" data-widget_type=\"text-editor.default\">\n\t\t\t\t<div class=\"elementor-widget-container\">\n\t\t\t\t\t\t\t\t\t<p><a href=\"https:\/\/www.kunstloft.de\/24956-stehlampe-cabaret\/\" target=\"_blank\" rel=\"noopener\">Stehlampe &#8218;Cabaret&#8216;<\/a><\/p>\t\t\t\t\t\t\t\t<\/div>\n\t\t\t\t<\/div>\n\t\t\t\t\t<\/div>\n\t\t<\/div>\n\t\t\t\t<div class=\"elementor-column elementor-col-33 elementor-top-column elementor-element elementor-element-78b2c98\" data-id=\"78b2c98\" data-element_type=\"column\" data-e-type=\"column\">\n\t\t\t<div class=\"elementor-widget-wrap elementor-element-populated\">\n\t\t\t\t\t\t<div class=\"elementor-element elementor-element-b98610d elementor-widget elementor-widget-image\" data-id=\"b98610d\" data-element_type=\"widget\" data-e-type=\"widget\" data-widget_type=\"image.default\">\n\t\t\t\t<div class=\"elementor-widget-container\">\n\t\t\t\t\t\t\t\t\t\t\t\t\t\t\t\t<a href=\"https:\/\/www.kunstloft.de\/24960-stehlampe-pattern\/\" target=\"_blank\">\n\t\t\t\t\t\t\t<img loading=\"lazy\" decoding=\"async\" width=\"600\" height=\"675\" src=\"https:\/\/www.kunstloft.de\/magazin\/wp-content\/uploads\/2025\/10\/Stehlampe-Pattern.png\" class=\"attachment-large size-large wp-image-49399\" alt=\"Goldene Stehlampe mit drei runden Leuchten \u2013 moderner Luxus-Stil\" srcset=\"https:\/\/www.kunstloft.de\/magazin\/wp-content\/uploads\/2025\/10\/Stehlampe-Pattern.png 600w, https:\/\/www.kunstloft.de\/magazin\/wp-content\/uploads\/2025\/10\/Stehlampe-Pattern-267x300.png 267w\" sizes=\"(max-width: 767px) 89vw, (max-width: 1000px) 54vw, (max-width: 1071px) 543px, 580px\" \/>\t\t\t\t\t\t\t\t<\/a>\n\t\t\t\t\t\t\t\t\t\t\t\t\t\t\t<\/div>\n\t\t\t\t<\/div>\n\t\t\t\t<div class=\"elementor-element elementor-element-6a74187 elementor-widget elementor-widget-text-editor\" data-id=\"6a74187\" data-element_type=\"widget\" data-e-type=\"widget\" data-widget_type=\"text-editor.default\">\n\t\t\t\t<div class=\"elementor-widget-container\">\n\t\t\t\t\t\t\t\t\t<p><a href=\"https:\/\/www.kunstloft.de\/24960-stehlampe-pattern\/\" target=\"_blank\" rel=\"noopener\">Stehlampe &#8218;Pattern&#8216;<\/a><\/p>\t\t\t\t\t\t\t\t<\/div>\n\t\t\t\t<\/div>\n\t\t\t\t\t<\/div>\n\t\t<\/div>\n\t\t\t\t\t<\/div>\n\t\t<\/section>\n\t\t\t\t<section class=\"elementor-section elementor-top-section elementor-element elementor-element-9ae78f8 elementor-section-boxed elementor-section-height-default elementor-section-height-default\" data-id=\"9ae78f8\" data-element_type=\"section\" data-e-type=\"section\">\n\t\t\t\t\t\t<div class=\"elementor-container elementor-column-gap-default\">\n\t\t\t\t\t<div class=\"elementor-column elementor-col-100 elementor-top-column elementor-element elementor-element-9934104\" data-id=\"9934104\" data-element_type=\"column\" data-e-type=\"column\">\n\t\t\t<div class=\"elementor-widget-wrap elementor-element-populated\">\n\t\t\t\t\t\t<div class=\"elementor-element elementor-element-d041eba elementor-widget elementor-widget-heading\" data-id=\"d041eba\" data-element_type=\"widget\" data-e-type=\"widget\" id=\"6\" data-widget_type=\"heading.default\">\n\t\t\t\t<div class=\"elementor-widget-container\">\n\t\t\t\t\t<h3 class=\"elementor-heading-title elementor-size-default\">4. LED-Tischlampen \u2013 Energiesparend und stylisch<\/h3>\t\t\t\t<\/div>\n\t\t\t\t<\/div>\n\t\t\t\t<div class=\"elementor-element elementor-element-116588b elementor-widget elementor-widget-text-editor\" data-id=\"116588b\" data-element_type=\"widget\" data-e-type=\"widget\" data-widget_type=\"text-editor.default\">\n\t\t\t\t<div class=\"elementor-widget-container\">\n\t\t\t\t\t\t\t\t\t<p><span style=\"font-weight: 400;\">Kommen wir zur besten Schreibtischbeleuchtung: LED-Lampen. Diese kompakten Leuchten sind leistungsstark, stylisch und sparen eine Menge Energie. Einige Modelle verf\u00fcgen sogar \u00fcber <\/span><b>Touch-Sensoren<\/b><span style=\"font-weight: 400;\">, Dimmfunktionen und kabellose Ladefl\u00e4chen.<\/span><span style=\"font-weight: 400;\"><br \/><\/span><span style=\"font-weight: 400;\"><br \/><\/span><span style=\"font-weight: 400;\"> Ein Tipp: W\u00e4hle eine Lampe mit <\/span><b>einstellbarer Helligkeit und Farbtemperatur<\/b><span style=\"font-weight: 400;\">. So kannst Du das Licht an Deine Stimmung \u2013 oder sogar an Deinen n\u00e4chsten Zoom-Call \u2013 anpassen!<\/span><\/p>\t\t\t\t\t\t\t\t<\/div>\n\t\t\t\t<\/div>\n\t\t\t\t\t<\/div>\n\t\t<\/div>\n\t\t\t\t\t<\/div>\n\t\t<\/section>\n\t\t\t\t<section class=\"elementor-section elementor-top-section elementor-element elementor-element-16b8003 elementor-section-boxed elementor-section-height-default elementor-section-height-default\" data-id=\"16b8003\" data-element_type=\"section\" data-e-type=\"section\">\n\t\t\t\t\t\t<div class=\"elementor-container elementor-column-gap-default\">\n\t\t\t\t\t<div class=\"elementor-column elementor-col-100 elementor-top-column elementor-element elementor-element-d9cb66d\" data-id=\"d9cb66d\" data-element_type=\"column\" data-e-type=\"column\">\n\t\t\t<div class=\"elementor-widget-wrap elementor-element-populated\">\n\t\t\t\t\t\t<div class=\"elementor-element elementor-element-923362b elementor-widget elementor-widget-spacer\" data-id=\"923362b\" data-element_type=\"widget\" data-e-type=\"widget\" data-widget_type=\"spacer.default\">\n\t\t\t\t<div class=\"elementor-widget-container\">\n\t\t\t\t\t\t\t<div class=\"elementor-spacer\">\n\t\t\t<div class=\"elementor-spacer-inner\"><\/div>\n\t\t<\/div>\n\t\t\t\t\t\t<\/div>\n\t\t\t\t<\/div>\n\t\t\t\t<div class=\"elementor-element elementor-element-ca3e650 elementor-widget-divider--view-line_text elementor-widget-divider--element-align-center elementor-widget elementor-widget-divider\" data-id=\"ca3e650\" data-element_type=\"widget\" data-e-type=\"widget\" data-widget_type=\"divider.default\">\n\t\t\t\t<div class=\"elementor-widget-container\">\n\t\t\t\t\t\t\t<div class=\"elementor-divider\">\n\t\t\t<span class=\"elementor-divider-separator\">\n\t\t\t\t\t\t\t<span class=\"elementor-divider__text elementor-divider__element\">\n\t\t\t\tLED-SCHREIBTISCHLAMPE-IDEEN VON KUNSTLOFT\t\t\t\t<\/span>\n\t\t\t\t\t\t<\/span>\n\t\t<\/div>\n\t\t\t\t\t\t<\/div>\n\t\t\t\t<\/div>\n\t\t\t\t\t<\/div>\n\t\t<\/div>\n\t\t\t\t\t<\/div>\n\t\t<\/section>\n\t\t\t\t<section class=\"elementor-section elementor-top-section elementor-element elementor-element-3b2de51 elementor-section-boxed elementor-section-height-default elementor-section-height-default\" data-id=\"3b2de51\" data-element_type=\"section\" data-e-type=\"section\">\n\t\t\t\t\t\t<div class=\"elementor-container elementor-column-gap-default\">\n\t\t\t\t\t<div class=\"elementor-column elementor-col-33 elementor-top-column elementor-element elementor-element-f18dcb6\" data-id=\"f18dcb6\" data-element_type=\"column\" data-e-type=\"column\">\n\t\t\t<div class=\"elementor-widget-wrap elementor-element-populated\">\n\t\t\t\t\t\t<div class=\"elementor-element elementor-element-55e1ee5 elementor-widget elementor-widget-image\" data-id=\"55e1ee5\" data-element_type=\"widget\" data-e-type=\"widget\" data-widget_type=\"image.default\">\n\t\t\t\t<div class=\"elementor-widget-container\">\n\t\t\t\t\t\t\t\t\t\t\t\t\t\t\t\t<a href=\"https:\/\/www.kunstloft.de\/12663-tischlampe-ray\/\" target=\"_blank\">\n\t\t\t\t\t\t\t<img loading=\"lazy\" decoding=\"async\" width=\"600\" height=\"800\" src=\"https:\/\/www.kunstloft.de\/magazin\/wp-content\/uploads\/2025\/10\/Tischlampe-Ray.webp\" class=\"attachment-large size-large wp-image-49410\" alt=\"Schwarze Tischlampe mit gew\u00f6lbtem Schirm \u2013 Designerst\u00fcck f\u00fcrs B\u00fcro\" srcset=\"https:\/\/www.kunstloft.de\/magazin\/wp-content\/uploads\/2025\/10\/Tischlampe-Ray.webp 600w, https:\/\/www.kunstloft.de\/magazin\/wp-content\/uploads\/2025\/10\/Tischlampe-Ray-225x300.webp 225w\" sizes=\"(max-width: 767px) 89vw, (max-width: 1000px) 54vw, (max-width: 1071px) 543px, 580px\" \/>\t\t\t\t\t\t\t\t<\/a>\n\t\t\t\t\t\t\t\t\t\t\t\t\t\t\t<\/div>\n\t\t\t\t<\/div>\n\t\t\t\t<div class=\"elementor-element elementor-element-e7e7890 elementor-widget elementor-widget-text-editor\" data-id=\"e7e7890\" data-element_type=\"widget\" data-e-type=\"widget\" data-widget_type=\"text-editor.default\">\n\t\t\t\t<div class=\"elementor-widget-container\">\n\t\t\t\t\t\t\t\t\t<p><a href=\"https:\/\/www.kunstloft.de\/12663-tischlampe-ray\/\" target=\"_blank\" rel=\"noopener\">Tischlampe &#8218;Ray&#8216;<\/a><\/p>\t\t\t\t\t\t\t\t<\/div>\n\t\t\t\t<\/div>\n\t\t\t\t\t<\/div>\n\t\t<\/div>\n\t\t\t\t<div class=\"elementor-column elementor-col-33 elementor-top-column elementor-element elementor-element-07e0a25\" data-id=\"07e0a25\" data-element_type=\"column\" data-e-type=\"column\">\n\t\t\t<div class=\"elementor-widget-wrap elementor-element-populated\">\n\t\t\t\t\t\t<div class=\"elementor-element elementor-element-504e792 elementor-widget elementor-widget-image\" data-id=\"504e792\" data-element_type=\"widget\" data-e-type=\"widget\" data-widget_type=\"image.default\">\n\t\t\t\t<div class=\"elementor-widget-container\">\n\t\t\t\t\t\t\t\t\t\t\t\t\t\t\t\t<a href=\"https:\/\/www.kunstloft.de\/24955-tischlampe-eclipse-beam\/\" target=\"_blank\">\n\t\t\t\t\t\t\t<img loading=\"lazy\" decoding=\"async\" width=\"600\" height=\"600\" src=\"https:\/\/www.kunstloft.de\/magazin\/wp-content\/uploads\/2025\/10\/Tischlampe-Eclipse-Beam.webp\" class=\"attachment-large size-large wp-image-49405\" alt=\"Minimalistische schwarze Tischlampe mit rundem Sockel \u2013 elegantes Design\" srcset=\"https:\/\/www.kunstloft.de\/magazin\/wp-content\/uploads\/2025\/10\/Tischlampe-Eclipse-Beam.webp 600w, https:\/\/www.kunstloft.de\/magazin\/wp-content\/uploads\/2025\/10\/Tischlampe-Eclipse-Beam-300x300.webp 300w, https:\/\/www.kunstloft.de\/magazin\/wp-content\/uploads\/2025\/10\/Tischlampe-Eclipse-Beam-150x150.webp 150w\" sizes=\"(max-width: 767px) 89vw, (max-width: 1000px) 54vw, (max-width: 1071px) 543px, 580px\" \/>\t\t\t\t\t\t\t\t<\/a>\n\t\t\t\t\t\t\t\t\t\t\t\t\t\t\t<\/div>\n\t\t\t\t<\/div>\n\t\t\t\t<div class=\"elementor-element elementor-element-77d71cf elementor-widget elementor-widget-text-editor\" data-id=\"77d71cf\" data-element_type=\"widget\" data-e-type=\"widget\" data-widget_type=\"text-editor.default\">\n\t\t\t\t<div class=\"elementor-widget-container\">\n\t\t\t\t\t\t\t\t\t<p><a href=\"https:\/\/www.kunstloft.de\/24955-tischlampe-eclipse-beam\/\" target=\"_blank\" rel=\"noopener\">Tischlampe &#8218;Eclipse Beam&#8216;<\/a><\/p>\t\t\t\t\t\t\t\t<\/div>\n\t\t\t\t<\/div>\n\t\t\t\t\t<\/div>\n\t\t<\/div>\n\t\t\t\t<div class=\"elementor-column elementor-col-33 elementor-top-column elementor-element elementor-element-b8aeed5\" data-id=\"b8aeed5\" data-element_type=\"column\" data-e-type=\"column\">\n\t\t\t<div class=\"elementor-widget-wrap elementor-element-populated\">\n\t\t\t\t\t\t<div class=\"elementor-element elementor-element-eeb753a elementor-widget elementor-widget-image\" data-id=\"eeb753a\" data-element_type=\"widget\" data-e-type=\"widget\" data-widget_type=\"image.default\">\n\t\t\t\t<div class=\"elementor-widget-container\">\n\t\t\t\t\t\t\t\t\t\t\t\t\t\t\t\t<a href=\"https:\/\/www.kunstloft.de\/24457-tischlampe-nord\/\" target=\"_blank\">\n\t\t\t\t\t\t\t<img loading=\"lazy\" decoding=\"async\" width=\"600\" height=\"901\" src=\"https:\/\/www.kunstloft.de\/magazin\/wp-content\/uploads\/2025\/10\/Tischlampe-Nord.webp\" class=\"attachment-large size-large wp-image-49408\" alt=\"Schwarze moderne Tischlampe mit breitem Schirm \u2013 minimalistisches Schreibtischlicht\" srcset=\"https:\/\/www.kunstloft.de\/magazin\/wp-content\/uploads\/2025\/10\/Tischlampe-Nord.webp 600w, https:\/\/www.kunstloft.de\/magazin\/wp-content\/uploads\/2025\/10\/Tischlampe-Nord-200x300.webp 200w\" sizes=\"(max-width: 767px) 89vw, (max-width: 1000px) 54vw, (max-width: 1071px) 543px, 580px\" \/>\t\t\t\t\t\t\t\t<\/a>\n\t\t\t\t\t\t\t\t\t\t\t\t\t\t\t<\/div>\n\t\t\t\t<\/div>\n\t\t\t\t<div class=\"elementor-element elementor-element-ac466db elementor-widget elementor-widget-text-editor\" data-id=\"ac466db\" data-element_type=\"widget\" data-e-type=\"widget\" data-widget_type=\"text-editor.default\">\n\t\t\t\t<div class=\"elementor-widget-container\">\n\t\t\t\t\t\t\t\t\t<p><a href=\"https:\/\/www.kunstloft.de\/24457-tischlampe-nord\/\" target=\"_blank\" rel=\"noopener\">Tischlampe &#8218;Nord&#8216;<\/a><\/p>\t\t\t\t\t\t\t\t<\/div>\n\t\t\t\t<\/div>\n\t\t\t\t\t<\/div>\n\t\t<\/div>\n\t\t\t\t\t<\/div>\n\t\t<\/section>\n\t\t\t\t<section class=\"elementor-section elementor-top-section elementor-element elementor-element-00a5c4d elementor-section-boxed elementor-section-height-default elementor-section-height-default\" data-id=\"00a5c4d\" data-element_type=\"section\" data-e-type=\"section\">\n\t\t\t\t\t\t<div class=\"elementor-container elementor-column-gap-default\">\n\t\t\t\t\t<div class=\"elementor-column elementor-col-100 elementor-top-column elementor-element elementor-element-5859790\" data-id=\"5859790\" data-element_type=\"column\" data-e-type=\"column\">\n\t\t\t<div class=\"elementor-widget-wrap elementor-element-populated\">\n\t\t\t\t\t\t<div class=\"elementor-element elementor-element-d1f4391 elementor-widget elementor-widget-heading\" data-id=\"d1f4391\" data-element_type=\"widget\" data-e-type=\"widget\" id=\"7\" data-widget_type=\"heading.default\">\n\t\t\t\t<div class=\"elementor-widget-container\">\n\t\t\t\t\t<h3 class=\"elementor-heading-title elementor-size-default\">5. Schlanke Stehlampen \u2013 Stil, der \u00fcberzeugt<\/h3>\t\t\t\t<\/div>\n\t\t\t\t<\/div>\n\t\t\t\t<div class=\"elementor-element elementor-element-82e5fc1 elementor-widget elementor-widget-text-editor\" data-id=\"82e5fc1\" data-element_type=\"widget\" data-e-type=\"widget\" data-widget_type=\"text-editor.default\">\n\t\t\t\t<div class=\"elementor-widget-container\">\n\t\t\t\t\t\t\t\t\t<p><span style=\"font-weight: 400;\">Untersch\u00e4tze niemals die Wirkung einer guten Stehlampe. Wenn Dein Schreibtisch wenig Platz bietet, kann eine schlanke Stehlampe das n\u00f6tige Licht liefern, ohne wertvolle Fl\u00e4che zu beanspruchen.<\/span><\/p><p><span style=\"font-weight: 400;\">Achte auf <\/span><b>Lampen mit verstellbarem Kopf oder Arm<\/b><span style=\"font-weight: 400;\">. So kannst Du das Licht genau dorthin richten, wo Du es brauchst \u2013 und musst nie wieder bei Tabellen oder Dokumenten die Augen zusammenkneifen!<\/span><\/p>\t\t\t\t\t\t\t\t<\/div>\n\t\t\t\t<\/div>\n\t\t\t\t\t<\/div>\n\t\t<\/div>\n\t\t\t\t\t<\/div>\n\t\t<\/section>\n\t\t\t\t<section class=\"elementor-section elementor-top-section elementor-element elementor-element-a4ffe96 elementor-section-boxed elementor-section-height-default elementor-section-height-default\" data-id=\"a4ffe96\" data-element_type=\"section\" data-e-type=\"section\">\n\t\t\t\t\t\t<div class=\"elementor-container elementor-column-gap-default\">\n\t\t\t\t\t<div class=\"elementor-column elementor-col-100 elementor-top-column elementor-element elementor-element-ea15b68\" data-id=\"ea15b68\" data-element_type=\"column\" data-e-type=\"column\">\n\t\t\t<div class=\"elementor-widget-wrap elementor-element-populated\">\n\t\t\t\t\t\t<div class=\"elementor-element elementor-element-aca9b7c elementor-widget-divider--view-line_text elementor-widget-divider--element-align-center elementor-widget elementor-widget-divider\" data-id=\"aca9b7c\" data-element_type=\"widget\" data-e-type=\"widget\" data-widget_type=\"divider.default\">\n\t\t\t\t<div class=\"elementor-widget-container\">\n\t\t\t\t\t\t\t<div class=\"elementor-divider\">\n\t\t\t<span class=\"elementor-divider-separator\">\n\t\t\t\t\t\t\t<span class=\"elementor-divider__text elementor-divider__element\">\n\t\t\t\tELEGANTE STEINDLAMPEN-IDEEN VON KUNSTLOFT\t\t\t\t<\/span>\n\t\t\t\t\t\t<\/span>\n\t\t<\/div>\n\t\t\t\t\t\t<\/div>\n\t\t\t\t<\/div>\n\t\t\t\t\t<\/div>\n\t\t<\/div>\n\t\t\t\t\t<\/div>\n\t\t<\/section>\n\t\t\t\t<section class=\"elementor-section elementor-top-section elementor-element elementor-element-63dbd51 elementor-section-boxed elementor-section-height-default elementor-section-height-default\" data-id=\"63dbd51\" data-element_type=\"section\" data-e-type=\"section\">\n\t\t\t\t\t\t<div class=\"elementor-container elementor-column-gap-default\">\n\t\t\t\t\t<div class=\"elementor-column elementor-col-33 elementor-top-column elementor-element elementor-element-514cf3f\" data-id=\"514cf3f\" data-element_type=\"column\" data-e-type=\"column\">\n\t\t\t<div class=\"elementor-widget-wrap elementor-element-populated\">\n\t\t\t\t\t\t<div class=\"elementor-element elementor-element-7f7aa9b elementor-widget elementor-widget-image\" data-id=\"7f7aa9b\" data-element_type=\"widget\" data-e-type=\"widget\" data-widget_type=\"image.default\">\n\t\t\t\t<div class=\"elementor-widget-container\">\n\t\t\t\t\t\t\t\t\t\t\t\t\t\t\t\t<a href=\"https:\/\/www.kunstloft.de\/13536-stehlampe-ray\/\" target=\"_blank\">\n\t\t\t\t\t\t\t<img loading=\"lazy\" decoding=\"async\" width=\"600\" height=\"600\" src=\"https:\/\/www.kunstloft.de\/magazin\/wp-content\/uploads\/2025\/10\/Stehlampe-Ray.webp\" class=\"attachment-large size-large wp-image-49400\" alt=\"Zweifarbige schwarze und wei\u00dfe Stehlampe \u2013 elegantes minimalistisches Licht\" srcset=\"https:\/\/www.kunstloft.de\/magazin\/wp-content\/uploads\/2025\/10\/Stehlampe-Ray.webp 600w, https:\/\/www.kunstloft.de\/magazin\/wp-content\/uploads\/2025\/10\/Stehlampe-Ray-300x300.webp 300w, https:\/\/www.kunstloft.de\/magazin\/wp-content\/uploads\/2025\/10\/Stehlampe-Ray-150x150.webp 150w\" sizes=\"(max-width: 767px) 89vw, (max-width: 1000px) 54vw, (max-width: 1071px) 543px, 580px\" \/>\t\t\t\t\t\t\t\t<\/a>\n\t\t\t\t\t\t\t\t\t\t\t\t\t\t\t<\/div>\n\t\t\t\t<\/div>\n\t\t\t\t<div class=\"elementor-element elementor-element-d5aad17 elementor-widget elementor-widget-text-editor\" data-id=\"d5aad17\" data-element_type=\"widget\" data-e-type=\"widget\" data-widget_type=\"text-editor.default\">\n\t\t\t\t<div class=\"elementor-widget-container\">\n\t\t\t\t\t\t\t\t\t<p><a href=\"https:\/\/www.kunstloft.de\/13536-stehlampe-ray\/\" target=\"_blank\" rel=\"noopener\">Stehlampe &#8218;Ray&#8216;<\/a><\/p>\t\t\t\t\t\t\t\t<\/div>\n\t\t\t\t<\/div>\n\t\t\t\t\t<\/div>\n\t\t<\/div>\n\t\t\t\t<div class=\"elementor-column elementor-col-33 elementor-top-column elementor-element elementor-element-e4c5a61\" data-id=\"e4c5a61\" data-element_type=\"column\" data-e-type=\"column\">\n\t\t\t<div class=\"elementor-widget-wrap elementor-element-populated\">\n\t\t\t\t\t\t<div class=\"elementor-element elementor-element-d60fad7 elementor-widget elementor-widget-image\" data-id=\"d60fad7\" data-element_type=\"widget\" data-e-type=\"widget\" data-widget_type=\"image.default\">\n\t\t\t\t<div class=\"elementor-widget-container\">\n\t\t\t\t\t\t\t\t\t\t\t\t\t\t\t\t<a href=\"https:\/\/www.kunstloft.de\/18847-stehlampe-ring-1\/\" target=\"_blank\">\n\t\t\t\t\t\t\t<img loading=\"lazy\" decoding=\"async\" width=\"950\" height=\"950\" src=\"https:\/\/www.kunstloft.de\/magazin\/wp-content\/uploads\/2025\/10\/Stehlampe-Ring-1-1024x1024.webp\" class=\"attachment-large size-large wp-image-49401\" alt=\"Schwarze Stehlampe mit wei\u00dfem Kugelschirm \u2013 zeitloses modernes Design\" srcset=\"https:\/\/www.kunstloft.de\/magazin\/wp-content\/uploads\/2025\/10\/Stehlampe-Ring-1-1024x1024.webp 1024w, https:\/\/www.kunstloft.de\/magazin\/wp-content\/uploads\/2025\/10\/Stehlampe-Ring-1-300x300.webp 300w, https:\/\/www.kunstloft.de\/magazin\/wp-content\/uploads\/2025\/10\/Stehlampe-Ring-1-150x150.webp 150w, https:\/\/www.kunstloft.de\/magazin\/wp-content\/uploads\/2025\/10\/Stehlampe-Ring-1-640x640.webp 640w, https:\/\/www.kunstloft.de\/magazin\/wp-content\/uploads\/2025\/10\/Stehlampe-Ring-1-1536x1536.webp 1536w, https:\/\/www.kunstloft.de\/magazin\/wp-content\/uploads\/2025\/10\/Stehlampe-Ring-1.webp 1920w\" sizes=\"(max-width: 767px) 89vw, (max-width: 1000px) 54vw, (max-width: 1071px) 543px, 580px\" \/>\t\t\t\t\t\t\t\t<\/a>\n\t\t\t\t\t\t\t\t\t\t\t\t\t\t\t<\/div>\n\t\t\t\t<\/div>\n\t\t\t\t<div class=\"elementor-element elementor-element-ed5603d elementor-widget elementor-widget-text-editor\" data-id=\"ed5603d\" data-element_type=\"widget\" data-e-type=\"widget\" data-widget_type=\"text-editor.default\">\n\t\t\t\t<div class=\"elementor-widget-container\">\n\t\t\t\t\t\t\t\t\t<p><a href=\"https:\/\/www.kunstloft.de\/18847-stehlampe-ring-1\/\" target=\"_blank\" rel=\"noopener\">Stehlampe &#8218;Ring 1&#8216;<\/a><\/p>\t\t\t\t\t\t\t\t<\/div>\n\t\t\t\t<\/div>\n\t\t\t\t\t<\/div>\n\t\t<\/div>\n\t\t\t\t<div class=\"elementor-column elementor-col-33 elementor-top-column elementor-element elementor-element-b007749\" data-id=\"b007749\" data-element_type=\"column\" data-e-type=\"column\">\n\t\t\t<div class=\"elementor-widget-wrap elementor-element-populated\">\n\t\t\t\t\t\t<div class=\"elementor-element elementor-element-7ac368e elementor-widget elementor-widget-image\" data-id=\"7ac368e\" data-element_type=\"widget\" data-e-type=\"widget\" data-widget_type=\"image.default\">\n\t\t\t\t<div class=\"elementor-widget-container\">\n\t\t\t\t\t\t\t\t\t\t\t\t\t\t\t\t<a href=\"https:\/\/www.kunstloft.de\/18845-stehlampe-fad\/\" target=\"_blank\">\n\t\t\t\t\t\t\t<img loading=\"lazy\" decoding=\"async\" width=\"950\" height=\"950\" src=\"https:\/\/www.kunstloft.de\/magazin\/wp-content\/uploads\/2025\/10\/Stehlampe-Fad.webp\" class=\"attachment-large size-large wp-image-49442\" alt=\"Moderne schwarze Stehleuchte mit zwei verstellbaren LED-Leuchten und minimalistischem Design.\" srcset=\"https:\/\/www.kunstloft.de\/magazin\/wp-content\/uploads\/2025\/10\/Stehlampe-Fad.webp 1000w, https:\/\/www.kunstloft.de\/magazin\/wp-content\/uploads\/2025\/10\/Stehlampe-Fad-300x300.webp 300w, https:\/\/www.kunstloft.de\/magazin\/wp-content\/uploads\/2025\/10\/Stehlampe-Fad-150x150.webp 150w, https:\/\/www.kunstloft.de\/magazin\/wp-content\/uploads\/2025\/10\/Stehlampe-Fad-640x640.webp 640w\" sizes=\"(max-width: 767px) 89vw, (max-width: 1000px) 54vw, (max-width: 1071px) 543px, 580px\" \/>\t\t\t\t\t\t\t\t<\/a>\n\t\t\t\t\t\t\t\t\t\t\t\t\t\t\t<\/div>\n\t\t\t\t<\/div>\n\t\t\t\t<div class=\"elementor-element elementor-element-4a3680c elementor-widget elementor-widget-text-editor\" data-id=\"4a3680c\" data-element_type=\"widget\" data-e-type=\"widget\" data-widget_type=\"text-editor.default\">\n\t\t\t\t<div class=\"elementor-widget-container\">\n\t\t\t\t\t\t\t\t\t<p><a href=\"https:\/\/www.kunstloft.de\/18845-stehlampe-fad\/\" target=\"_blank\" rel=\"noopener\">Stehlampe &#8218;Solid&#8216;<\/a><\/p>\t\t\t\t\t\t\t\t<\/div>\n\t\t\t\t<\/div>\n\t\t\t\t\t<\/div>\n\t\t<\/div>\n\t\t\t\t\t<\/div>\n\t\t<\/section>\n\t\t\t\t<section class=\"elementor-section elementor-top-section elementor-element elementor-element-74a77b4 elementor-section-boxed elementor-section-height-default elementor-section-height-default\" data-id=\"74a77b4\" data-element_type=\"section\" data-e-type=\"section\">\n\t\t\t\t\t\t<div class=\"elementor-container elementor-column-gap-default\">\n\t\t\t\t\t<div class=\"elementor-column elementor-col-100 elementor-top-column elementor-element elementor-element-ead7cf3\" data-id=\"ead7cf3\" data-element_type=\"column\" data-e-type=\"column\">\n\t\t\t<div class=\"elementor-widget-wrap elementor-element-populated\">\n\t\t\t\t\t\t<div class=\"elementor-element elementor-element-1602bf1 elementor-widget elementor-widget-heading\" data-id=\"1602bf1\" data-element_type=\"widget\" data-e-type=\"widget\" id=\"8\" data-widget_type=\"heading.default\">\n\t\t\t\t<div class=\"elementor-widget-container\">\n\t\t\t\t\t<h3 class=\"elementor-heading-title elementor-size-default\">6. Unterbauleuchten \u2013 Schluss mit Schatten<\/h3>\t\t\t\t<\/div>\n\t\t\t\t<\/div>\n\t\t\t\t<div class=\"elementor-element elementor-element-2485f9b elementor-widget elementor-widget-text-editor\" data-id=\"2485f9b\" data-element_type=\"widget\" data-e-type=\"widget\" data-widget_type=\"text-editor.default\">\n\t\t\t\t<div class=\"elementor-widget-container\">\n\t\t\t\t\t\t\t\t\t<p><span style=\"font-weight: 400;\">Hast Du Regale oder H\u00e4ngeschr\u00e4nke \u00fcber Deinem Schreibtisch? Dann kennst Du sicher die Schatten, die sie auf die Arbeitsfl\u00e4che werfen. Unterbauleuchten schaffen Abhilfe.<\/span><\/p><p><span style=\"font-weight: 400;\">LED-Streifen oder kleine Spots lassen sich einfach montieren und verbessern die Sicht enorm. Gleichzeitig verleihen sie Deinem Arbeitsplatz einen modernen, aufger\u00e4umten Look \u2013 fast wie aus einem Interior-Magazin.<\/span><\/p>\t\t\t\t\t\t\t\t<\/div>\n\t\t\t\t<\/div>\n\t\t\t\t\t<\/div>\n\t\t<\/div>\n\t\t\t\t\t<\/div>\n\t\t<\/section>\n\t\t\t\t<section class=\"elementor-section elementor-top-section elementor-element elementor-element-be5a618 elementor-section-boxed elementor-section-height-default elementor-section-height-default\" data-id=\"be5a618\" data-element_type=\"section\" data-e-type=\"section\">\n\t\t\t\t\t\t<div class=\"elementor-container elementor-column-gap-default\">\n\t\t\t\t\t<div class=\"elementor-column elementor-col-100 elementor-top-column elementor-element elementor-element-012f4ad\" data-id=\"012f4ad\" data-element_type=\"column\" data-e-type=\"column\">\n\t\t\t<div class=\"elementor-widget-wrap elementor-element-populated\">\n\t\t\t\t\t\t<div class=\"elementor-element elementor-element-52ae909 elementor-widget elementor-widget-image\" data-id=\"52ae909\" data-element_type=\"widget\" data-e-type=\"widget\" data-widget_type=\"image.default\">\n\t\t\t\t<div class=\"elementor-widget-container\">\n\t\t\t\t\t\t\t\t\t\t\t\t\t\t\t<img loading=\"lazy\" decoding=\"async\" width=\"950\" height=\"688\" src=\"https:\/\/www.kunstloft.de\/magazin\/wp-content\/uploads\/2025\/10\/Under-Cabinet-Lighting-1024x742.png\" class=\"attachment-large size-large wp-image-49411\" alt=\"K\u00fcche mit LED-Unterbauleuchten \u2013 moderne Lichtakzente\" srcset=\"https:\/\/www.kunstloft.de\/magazin\/wp-content\/uploads\/2025\/10\/Under-Cabinet-Lighting-1024x742.png 1024w, https:\/\/www.kunstloft.de\/magazin\/wp-content\/uploads\/2025\/10\/Under-Cabinet-Lighting-300x217.png 300w, https:\/\/www.kunstloft.de\/magazin\/wp-content\/uploads\/2025\/10\/Under-Cabinet-Lighting-640x464.png 640w, https:\/\/www.kunstloft.de\/magazin\/wp-content\/uploads\/2025\/10\/Under-Cabinet-Lighting.png 1380w\" sizes=\"(max-width: 767px) 89vw, (max-width: 1000px) 54vw, (max-width: 1071px) 543px, 580px\" \/>\t\t\t\t\t\t\t\t\t\t\t\t\t\t\t<\/div>\n\t\t\t\t<\/div>\n\t\t\t\t\t<\/div>\n\t\t<\/div>\n\t\t\t\t\t<\/div>\n\t\t<\/section>\n\t\t\t\t<section class=\"elementor-section elementor-top-section elementor-element elementor-element-74317d8 elementor-section-boxed elementor-section-height-default elementor-section-height-default\" data-id=\"74317d8\" data-element_type=\"section\" data-e-type=\"section\">\n\t\t\t\t\t\t<div class=\"elementor-container elementor-column-gap-default\">\n\t\t\t\t\t<div class=\"elementor-column elementor-col-100 elementor-top-column elementor-element elementor-element-ebffacf\" data-id=\"ebffacf\" data-element_type=\"column\" data-e-type=\"column\">\n\t\t\t<div class=\"elementor-widget-wrap elementor-element-populated\">\n\t\t\t\t\t\t<div class=\"elementor-element elementor-element-612d6ff elementor-widget elementor-widget-heading\" data-id=\"612d6ff\" data-element_type=\"widget\" data-e-type=\"widget\" id=\"9\" data-widget_type=\"heading.default\">\n\t\t\t\t<div class=\"elementor-widget-container\">\n\t\t\t\t\t<h3 class=\"elementor-heading-title elementor-size-default\">7. Pendelleuchten \u2013 Verleihe Deinem Arbeitsplatz Pers\u00f6nlichkeit<\/h3>\t\t\t\t<\/div>\n\t\t\t\t<\/div>\n\t\t\t\t<div class=\"elementor-element elementor-element-e32c0fa elementor-widget elementor-widget-text-editor\" data-id=\"e32c0fa\" data-element_type=\"widget\" data-e-type=\"widget\" data-widget_type=\"text-editor.default\">\n\t\t\t\t<div class=\"elementor-widget-container\">\n\t\t\t\t\t\t\t\t\t<p><span style=\"font-weight: 400;\">Willst Du ein echtes Statement setzen? H\u00e4nge eine <\/span><a href=\"https:\/\/www.kunstloft.de\/haengeleuchten\/\"><span style=\"font-weight: 400;\">Pendelleuchte<\/span><\/a><span style=\"font-weight: 400;\"> \u00fcber Deinen Schreibtisch, die Deinen Arbeitsbereich beleuchtet und gleichzeitig Stil verleiht.<\/span><\/p><p><span style=\"font-weight: 400;\">W\u00e4hle eine Pendelleuchte, die zu Deinem Einrichtungsstil passt \u2013 egal ob minimalistisch, industriell oder boho. Achte nur darauf, <\/span><b>sie in der richtigen H\u00f6he aufzuh\u00e4ngen<\/b><span style=\"font-weight: 400;\">, um Blendung zu vermeiden und die Helligkeit optimal zu nutzen.<\/span><\/p>\t\t\t\t\t\t\t\t<\/div>\n\t\t\t\t<\/div>\n\t\t\t\t\t<\/div>\n\t\t<\/div>\n\t\t\t\t\t<\/div>\n\t\t<\/section>\n\t\t\t\t<section class=\"elementor-section elementor-top-section elementor-element elementor-element-c2df918 elementor-section-boxed elementor-section-height-default elementor-section-height-default\" data-id=\"c2df918\" data-element_type=\"section\" data-e-type=\"section\">\n\t\t\t\t\t\t<div class=\"elementor-container elementor-column-gap-default\">\n\t\t\t\t\t<div class=\"elementor-column elementor-col-100 elementor-top-column elementor-element elementor-element-9726427\" data-id=\"9726427\" data-element_type=\"column\" data-e-type=\"column\">\n\t\t\t<div class=\"elementor-widget-wrap elementor-element-populated\">\n\t\t\t\t\t\t<div class=\"elementor-element elementor-element-6ccc307 elementor-widget-divider--view-line_text elementor-widget-divider--element-align-center elementor-widget elementor-widget-divider\" data-id=\"6ccc307\" data-element_type=\"widget\" data-e-type=\"widget\" data-widget_type=\"divider.default\">\n\t\t\t\t<div class=\"elementor-widget-container\">\n\t\t\t\t\t\t\t<div class=\"elementor-divider\">\n\t\t\t<span class=\"elementor-divider-separator\">\n\t\t\t\t\t\t\t<span class=\"elementor-divider__text elementor-divider__element\">\n\t\t\t\tPENDELLEUCHTEN-IDEEN VON KUNSTLOFT\t\t\t\t<\/span>\n\t\t\t\t\t\t<\/span>\n\t\t<\/div>\n\t\t\t\t\t\t<\/div>\n\t\t\t\t<\/div>\n\t\t\t\t\t<\/div>\n\t\t<\/div>\n\t\t\t\t\t<\/div>\n\t\t<\/section>\n\t\t\t\t<section class=\"elementor-section elementor-top-section elementor-element elementor-element-9782ff3 elementor-section-boxed elementor-section-height-default elementor-section-height-default\" data-id=\"9782ff3\" data-element_type=\"section\" data-e-type=\"section\">\n\t\t\t\t\t\t<div class=\"elementor-container elementor-column-gap-default\">\n\t\t\t\t\t<div class=\"elementor-column elementor-col-50 elementor-top-column elementor-element elementor-element-9d912dc\" data-id=\"9d912dc\" data-element_type=\"column\" data-e-type=\"column\">\n\t\t\t<div class=\"elementor-widget-wrap elementor-element-populated\">\n\t\t\t\t\t\t<div class=\"elementor-element elementor-element-75b9044 elementor-widget elementor-widget-image\" data-id=\"75b9044\" data-element_type=\"widget\" data-e-type=\"widget\" data-widget_type=\"image.default\">\n\t\t\t\t<div class=\"elementor-widget-container\">\n\t\t\t\t\t\t\t\t\t\t\t\t\t\t\t\t<a href=\"https:\/\/www.kunstloft.de\/24556-pendelleuchte-spirit\/\" target=\"_blank\">\n\t\t\t\t\t\t\t<img loading=\"lazy\" decoding=\"async\" width=\"267\" height=\"300\" src=\"https:\/\/www.kunstloft.de\/magazin\/wp-content\/uploads\/2025\/10\/Pendelleuchte-Spirit-267x300.png\" class=\"attachment-medium size-medium wp-image-49392\" alt=\"Moderne Pendelleuchte mit Rauchglas-Kugel \u2013 elegantes Design\" srcset=\"https:\/\/www.kunstloft.de\/magazin\/wp-content\/uploads\/2025\/10\/Pendelleuchte-Spirit-267x300.png 267w, https:\/\/www.kunstloft.de\/magazin\/wp-content\/uploads\/2025\/10\/Pendelleuchte-Spirit.png 600w\" sizes=\"(max-width: 767px) 89vw, (max-width: 1000px) 54vw, (max-width: 1071px) 543px, 580px\" \/>\t\t\t\t\t\t\t\t<\/a>\n\t\t\t\t\t\t\t\t\t\t\t\t\t\t\t<\/div>\n\t\t\t\t<\/div>\n\t\t\t\t<div class=\"elementor-element elementor-element-ebde4af elementor-widget elementor-widget-text-editor\" data-id=\"ebde4af\" data-element_type=\"widget\" data-e-type=\"widget\" data-widget_type=\"text-editor.default\">\n\t\t\t\t<div class=\"elementor-widget-container\">\n\t\t\t\t\t\t\t\t\t<p><a href=\"https:\/\/www.kunstloft.de\/24556-pendelleuchte-spirit\/\" target=\"_blank\" rel=\"noopener\">Pendelleuchte &#8218;Spirit&#8216;<\/a><\/p>\t\t\t\t\t\t\t\t<\/div>\n\t\t\t\t<\/div>\n\t\t\t\t\t<\/div>\n\t\t<\/div>\n\t\t\t\t<div class=\"elementor-column elementor-col-50 elementor-top-column elementor-element elementor-element-ca51f40\" data-id=\"ca51f40\" data-element_type=\"column\" data-e-type=\"column\">\n\t\t\t<div class=\"elementor-widget-wrap elementor-element-populated\">\n\t\t\t\t\t\t<div class=\"elementor-element elementor-element-dcd495e elementor-widget elementor-widget-image\" data-id=\"dcd495e\" data-element_type=\"widget\" data-e-type=\"widget\" data-widget_type=\"image.default\">\n\t\t\t\t<div class=\"elementor-widget-container\">\n\t\t\t\t\t\t\t\t\t\t\t\t\t\t\t\t<a href=\"https:\/\/www.kunstloft.de\/18803-pendelleuchte-sonata-1\/\" target=\"_blank\">\n\t\t\t\t\t\t\t<img loading=\"lazy\" decoding=\"async\" width=\"267\" height=\"300\" src=\"https:\/\/www.kunstloft.de\/magazin\/wp-content\/uploads\/2025\/10\/Pendelleuchte-Sonata-1-267x300.png\" class=\"attachment-medium size-medium wp-image-49391\" alt=\"Goldene zylindrische Pendelleuchte \u2013 minimalistisches modernes Design\" srcset=\"https:\/\/www.kunstloft.de\/magazin\/wp-content\/uploads\/2025\/10\/Pendelleuchte-Sonata-1-267x300.png 267w, https:\/\/www.kunstloft.de\/magazin\/wp-content\/uploads\/2025\/10\/Pendelleuchte-Sonata-1.png 600w\" sizes=\"(max-width: 767px) 89vw, (max-width: 1000px) 54vw, (max-width: 1071px) 543px, 580px\" \/>\t\t\t\t\t\t\t\t<\/a>\n\t\t\t\t\t\t\t\t\t\t\t\t\t\t\t<\/div>\n\t\t\t\t<\/div>\n\t\t\t\t<div class=\"elementor-element elementor-element-9d11bf4 elementor-widget elementor-widget-text-editor\" data-id=\"9d11bf4\" data-element_type=\"widget\" data-e-type=\"widget\" data-widget_type=\"text-editor.default\">\n\t\t\t\t<div class=\"elementor-widget-container\">\n\t\t\t\t\t\t\t\t\t<p><a href=\"https:\/\/www.kunstloft.de\/18803-pendelleuchte-sonata-1\/\" target=\"_blank\" rel=\"noopener\">Pendelleuchte &#8218;Sonata 1&#8216;<\/a><\/p>\t\t\t\t\t\t\t\t<\/div>\n\t\t\t\t<\/div>\n\t\t\t\t\t<\/div>\n\t\t<\/div>\n\t\t\t\t\t<\/div>\n\t\t<\/section>\n\t\t\t\t<section class=\"elementor-section elementor-top-section elementor-element elementor-element-1fcdadb elementor-section-boxed elementor-section-height-default elementor-section-height-default\" data-id=\"1fcdadb\" data-element_type=\"section\" data-e-type=\"section\">\n\t\t\t\t\t\t<div class=\"elementor-container elementor-column-gap-default\">\n\t\t\t\t\t<div class=\"elementor-column elementor-col-50 elementor-top-column elementor-element elementor-element-2fe2c07\" data-id=\"2fe2c07\" data-element_type=\"column\" data-e-type=\"column\">\n\t\t\t<div class=\"elementor-widget-wrap elementor-element-populated\">\n\t\t\t\t\t\t<div class=\"elementor-element elementor-element-1e94e7d elementor-widget elementor-widget-image\" data-id=\"1e94e7d\" data-element_type=\"widget\" data-e-type=\"widget\" data-widget_type=\"image.default\">\n\t\t\t\t<div class=\"elementor-widget-container\">\n\t\t\t\t\t\t\t\t\t\t\t\t\t\t\t\t<a href=\"https:\/\/www.kunstloft.de\/25696-pendelleuchte-node-2\/\" target=\"_blank\">\n\t\t\t\t\t\t\t<img loading=\"lazy\" decoding=\"async\" width=\"267\" height=\"300\" src=\"https:\/\/www.kunstloft.de\/magazin\/wp-content\/uploads\/2025\/10\/Pendelleuchte-Node-2-267x300.png\" class=\"attachment-medium size-medium wp-image-49390\" alt=\"Goldene Pendelleuchte mit zwei Leuchtringen \u2013 luxuri\u00f6se Innenbeleuchtung\" srcset=\"https:\/\/www.kunstloft.de\/magazin\/wp-content\/uploads\/2025\/10\/Pendelleuchte-Node-2-267x300.png 267w, https:\/\/www.kunstloft.de\/magazin\/wp-content\/uploads\/2025\/10\/Pendelleuchte-Node-2.png 600w\" sizes=\"(max-width: 767px) 89vw, (max-width: 1000px) 54vw, (max-width: 1071px) 543px, 580px\" \/>\t\t\t\t\t\t\t\t<\/a>\n\t\t\t\t\t\t\t\t\t\t\t\t\t\t\t<\/div>\n\t\t\t\t<\/div>\n\t\t\t\t<div class=\"elementor-element elementor-element-6000f4b elementor-widget elementor-widget-text-editor\" data-id=\"6000f4b\" data-element_type=\"widget\" data-e-type=\"widget\" data-widget_type=\"text-editor.default\">\n\t\t\t\t<div class=\"elementor-widget-container\">\n\t\t\t\t\t\t\t\t\t<p><a href=\"https:\/\/www.kunstloft.de\/25696-pendelleuchte-node-2\/\" target=\"_blank\" rel=\"noopener\">Pendelleuchte &#8218;Node 2&#8216;<\/a><\/p>\t\t\t\t\t\t\t\t<\/div>\n\t\t\t\t<\/div>\n\t\t\t\t\t<\/div>\n\t\t<\/div>\n\t\t\t\t<div class=\"elementor-column elementor-col-50 elementor-top-column elementor-element elementor-element-2c7a32c\" data-id=\"2c7a32c\" data-element_type=\"column\" data-e-type=\"column\">\n\t\t\t<div class=\"elementor-widget-wrap elementor-element-populated\">\n\t\t\t\t\t\t<div class=\"elementor-element elementor-element-28c9def elementor-widget elementor-widget-image\" data-id=\"28c9def\" data-element_type=\"widget\" data-e-type=\"widget\" data-widget_type=\"image.default\">\n\t\t\t\t<div class=\"elementor-widget-container\">\n\t\t\t\t\t\t\t\t\t\t\t\t\t\t\t\t<a href=\"https:\/\/www.kunstloft.de\/25697-pendelleuchte-ligero\/\" target=\"_blank\">\n\t\t\t\t\t\t\t<img loading=\"lazy\" decoding=\"async\" width=\"267\" height=\"300\" src=\"https:\/\/www.kunstloft.de\/magazin\/wp-content\/uploads\/2025\/10\/Pendelleuchte-Ligero-267x300.png\" class=\"attachment-medium size-medium wp-image-49389\" alt=\"Pendelleuchte mit Kugelschirm \u2013 stilvolle moderne Beleuchtung\" srcset=\"https:\/\/www.kunstloft.de\/magazin\/wp-content\/uploads\/2025\/10\/Pendelleuchte-Ligero-267x300.png 267w, https:\/\/www.kunstloft.de\/magazin\/wp-content\/uploads\/2025\/10\/Pendelleuchte-Ligero.png 600w\" sizes=\"(max-width: 767px) 89vw, (max-width: 1000px) 54vw, (max-width: 1071px) 543px, 580px\" \/>\t\t\t\t\t\t\t\t<\/a>\n\t\t\t\t\t\t\t\t\t\t\t\t\t\t\t<\/div>\n\t\t\t\t<\/div>\n\t\t\t\t<div class=\"elementor-element elementor-element-3237845 elementor-widget elementor-widget-text-editor\" data-id=\"3237845\" data-element_type=\"widget\" data-e-type=\"widget\" data-widget_type=\"text-editor.default\">\n\t\t\t\t<div class=\"elementor-widget-container\">\n\t\t\t\t\t\t\t\t\t<p><a href=\"https:\/\/www.kunstloft.de\/25697-pendelleuchte-ligero\/\" target=\"_blank\" rel=\"noopener\">Pendelleuchte &#8218;Ligero&#8216;<\/a><\/p>\t\t\t\t\t\t\t\t<\/div>\n\t\t\t\t<\/div>\n\t\t\t\t\t<\/div>\n\t\t<\/div>\n\t\t\t\t\t<\/div>\n\t\t<\/section>\n\t\t\t\t<section class=\"elementor-section elementor-top-section elementor-element elementor-element-e62984e elementor-section-boxed elementor-section-height-default elementor-section-height-default\" data-id=\"e62984e\" data-element_type=\"section\" data-e-type=\"section\">\n\t\t\t\t\t\t<div class=\"elementor-container elementor-column-gap-default\">\n\t\t\t\t\t<div class=\"elementor-column elementor-col-100 elementor-top-column elementor-element elementor-element-bc9f733\" data-id=\"bc9f733\" data-element_type=\"column\" data-e-type=\"column\">\n\t\t\t<div class=\"elementor-widget-wrap elementor-element-populated\">\n\t\t\t\t\t\t<div class=\"elementor-element elementor-element-feea954 elementor-widget elementor-widget-heading\" data-id=\"feea954\" data-element_type=\"widget\" data-e-type=\"widget\" id=\"10\" data-widget_type=\"heading.default\">\n\t\t\t\t<div class=\"elementor-widget-container\">\n\t\t\t\t\t<h3 class=\"elementor-heading-title elementor-size-default\">8. Wandleuchten \u2013 Platz sparen, Charme hinzuf\u00fcgen\n<\/h3>\t\t\t\t<\/div>\n\t\t\t\t<\/div>\n\t\t\t\t<div class=\"elementor-element elementor-element-47ec720 elementor-widget elementor-widget-text-editor\" data-id=\"47ec720\" data-element_type=\"widget\" data-e-type=\"widget\" data-widget_type=\"text-editor.default\">\n\t\t\t\t<div class=\"elementor-widget-container\">\n\t\t\t\t\t\t\t\t\t<p><span style=\"font-weight: 400;\">Kein Platz auf Deinem Schreibtisch? Kein Problem! Wandleuchten sind <\/span><a href=\"https:\/\/www.kunstloft.de\/magazin\/platzsparende-ideen-fuer-kleine-raeume\/\"><span style=\"font-weight: 400;\">perfekt f\u00fcr kleine R\u00e4ume<\/span><\/a><span style=\"font-weight: 400;\"> und multifunktionale Bereiche. Bringe eine in der N\u00e4he Deines Arbeitsplatzes an, um gezieltes Licht zu bekommen, ohne wertvollen Platz auf dem Boden zu beanspruchen.<\/span><\/p><p><span style=\"font-weight: 400;\">Au\u00dferdem gibt es sie in vielen <\/span><b>verschiedenen Stilen<\/b><span style=\"font-weight: 400;\"> \u2013 von schlanken, modernen Designs bis hin zu vintage-inspirierten Messing-Highlights. So verleihst Du Deinem Raum im Handumdrehen Charakter!<\/span><\/p>\t\t\t\t\t\t\t\t<\/div>\n\t\t\t\t<\/div>\n\t\t\t\t\t<\/div>\n\t\t<\/div>\n\t\t\t\t\t<\/div>\n\t\t<\/section>\n\t\t\t\t<section class=\"elementor-section elementor-top-section elementor-element elementor-element-cbce1a8 elementor-section-boxed elementor-section-height-default elementor-section-height-default\" data-id=\"cbce1a8\" data-element_type=\"section\" data-e-type=\"section\">\n\t\t\t\t\t\t<div class=\"elementor-container elementor-column-gap-default\">\n\t\t\t\t\t<div class=\"elementor-column elementor-col-50 elementor-top-column elementor-element elementor-element-0128852\" data-id=\"0128852\" data-element_type=\"column\" data-e-type=\"column\">\n\t\t\t<div class=\"elementor-widget-wrap elementor-element-populated\">\n\t\t\t\t\t\t<div class=\"elementor-element elementor-element-0692a8b elementor-widget elementor-widget-image\" data-id=\"0692a8b\" data-element_type=\"widget\" data-e-type=\"widget\" data-widget_type=\"image.default\">\n\t\t\t\t<div class=\"elementor-widget-container\">\n\t\t\t\t\t\t\t\t\t\t\t\t\t\t\t<img loading=\"lazy\" decoding=\"async\" width=\"600\" height=\"600\" src=\"https:\/\/www.kunstloft.de\/magazin\/wp-content\/uploads\/2025\/10\/Moderner-Essbereich-mit-dunklen-Holzmoebeln-minimalistischer-Wandleuchte-und-dekorativen-Glasvasen.webp\" class=\"attachment-large size-large wp-image-49387\" alt=\"Essbereich mit schwarzem Tisch und Wandlampe in modernem Stil\" srcset=\"https:\/\/www.kunstloft.de\/magazin\/wp-content\/uploads\/2025\/10\/Moderner-Essbereich-mit-dunklen-Holzmoebeln-minimalistischer-Wandleuchte-und-dekorativen-Glasvasen.webp 600w, https:\/\/www.kunstloft.de\/magazin\/wp-content\/uploads\/2025\/10\/Moderner-Essbereich-mit-dunklen-Holzmoebeln-minimalistischer-Wandleuchte-und-dekorativen-Glasvasen-300x300.webp 300w, https:\/\/www.kunstloft.de\/magazin\/wp-content\/uploads\/2025\/10\/Moderner-Essbereich-mit-dunklen-Holzmoebeln-minimalistischer-Wandleuchte-und-dekorativen-Glasvasen-150x150.webp 150w\" sizes=\"(max-width: 767px) 89vw, (max-width: 1000px) 54vw, (max-width: 1071px) 543px, 580px\" \/>\t\t\t\t\t\t\t\t\t\t\t\t\t\t\t<\/div>\n\t\t\t\t<\/div>\n\t\t\t\t\t<\/div>\n\t\t<\/div>\n\t\t\t\t<div class=\"elementor-column elementor-col-50 elementor-top-column elementor-element elementor-element-1b16683\" data-id=\"1b16683\" data-element_type=\"column\" data-e-type=\"column\">\n\t\t\t<div class=\"elementor-widget-wrap elementor-element-populated\">\n\t\t\t\t\t\t<div class=\"elementor-element elementor-element-78d3a1f elementor-widget elementor-widget-image\" data-id=\"78d3a1f\" data-element_type=\"widget\" data-e-type=\"widget\" data-widget_type=\"image.default\">\n\t\t\t\t<div class=\"elementor-widget-container\">\n\t\t\t\t\t\t\t\t\t\t\t\t\t\t\t<img loading=\"lazy\" decoding=\"async\" width=\"600\" height=\"600\" src=\"https:\/\/www.kunstloft.de\/magazin\/wp-content\/uploads\/2025\/10\/Wall-Light-Notta.webp\" class=\"attachment-large size-large wp-image-49412\" alt=\"Wohnzimmer mit modernen Wandleuchten \u2013 stilvolle Lichtgestaltung\" srcset=\"https:\/\/www.kunstloft.de\/magazin\/wp-content\/uploads\/2025\/10\/Wall-Light-Notta.webp 600w, https:\/\/www.kunstloft.de\/magazin\/wp-content\/uploads\/2025\/10\/Wall-Light-Notta-300x300.webp 300w, https:\/\/www.kunstloft.de\/magazin\/wp-content\/uploads\/2025\/10\/Wall-Light-Notta-150x150.webp 150w\" sizes=\"(max-width: 767px) 89vw, (max-width: 1000px) 54vw, (max-width: 1071px) 543px, 580px\" \/>\t\t\t\t\t\t\t\t\t\t\t\t\t\t\t<\/div>\n\t\t\t\t<\/div>\n\t\t\t\t\t<\/div>\n\t\t<\/div>\n\t\t\t\t\t<\/div>\n\t\t<\/section>\n\t\t\t\t<section class=\"elementor-section elementor-top-section elementor-element elementor-element-19b7567 elementor-section-boxed elementor-section-height-default elementor-section-height-default\" data-id=\"19b7567\" data-element_type=\"section\" data-e-type=\"section\">\n\t\t\t\t\t\t<div class=\"elementor-container elementor-column-gap-default\">\n\t\t\t\t\t<div class=\"elementor-column elementor-col-100 elementor-top-column elementor-element elementor-element-0d8d9f6\" data-id=\"0d8d9f6\" data-element_type=\"column\" data-e-type=\"column\">\n\t\t\t<div class=\"elementor-widget-wrap elementor-element-populated\">\n\t\t\t\t\t\t<div class=\"elementor-element elementor-element-d65e698 elementor-widget-divider--view-line_text elementor-widget-divider--element-align-center elementor-widget elementor-widget-divider\" data-id=\"d65e698\" data-element_type=\"widget\" data-e-type=\"widget\" data-widget_type=\"divider.default\">\n\t\t\t\t<div class=\"elementor-widget-container\">\n\t\t\t\t\t\t\t<div class=\"elementor-divider\">\n\t\t\t<span class=\"elementor-divider-separator\">\n\t\t\t\t\t\t\t<span class=\"elementor-divider__text elementor-divider__element\">\n\t\t\t\tWANDLEUCHTEN-IDEEN VON KUNSTLOFT\t\t\t\t<\/span>\n\t\t\t\t\t\t<\/span>\n\t\t<\/div>\n\t\t\t\t\t\t<\/div>\n\t\t\t\t<\/div>\n\t\t\t\t\t<\/div>\n\t\t<\/div>\n\t\t\t\t\t<\/div>\n\t\t<\/section>\n\t\t\t\t<section class=\"elementor-section elementor-top-section elementor-element elementor-element-d8175d1 elementor-section-boxed elementor-section-height-default elementor-section-height-default\" data-id=\"d8175d1\" data-element_type=\"section\" data-e-type=\"section\">\n\t\t\t\t\t\t<div class=\"elementor-container elementor-column-gap-default\">\n\t\t\t\t\t<div class=\"elementor-column elementor-col-33 elementor-top-column elementor-element elementor-element-2ddb71b\" data-id=\"2ddb71b\" data-element_type=\"column\" data-e-type=\"column\">\n\t\t\t<div class=\"elementor-widget-wrap elementor-element-populated\">\n\t\t\t\t\t\t<div class=\"elementor-element elementor-element-c3f47ce elementor-widget elementor-widget-image\" data-id=\"c3f47ce\" data-element_type=\"widget\" data-e-type=\"widget\" data-widget_type=\"image.default\">\n\t\t\t\t<div class=\"elementor-widget-container\">\n\t\t\t\t\t\t\t\t\t\t\t\t\t\t\t\t<a href=\"https:\/\/www.kunstloft.de\/18889-wandleuchte-vision\/\" target=\"_blank\">\n\t\t\t\t\t\t\t<img decoding=\"async\" src=\"https:\/\/www.kunstloft.co.uk\/magazine\/wp-content\/uploads\/2027\/12\/Wall-Light-Vision.webp\" title=\"\" alt=\"Wall Light &#039;Vision&#039;\" loading=\"lazy\" \/>\t\t\t\t\t\t\t\t<\/a>\n\t\t\t\t\t\t\t\t\t\t\t\t\t\t\t<\/div>\n\t\t\t\t<\/div>\n\t\t\t\t<div class=\"elementor-element elementor-element-9549075 elementor-widget elementor-widget-text-editor\" data-id=\"9549075\" data-element_type=\"widget\" data-e-type=\"widget\" data-widget_type=\"text-editor.default\">\n\t\t\t\t<div class=\"elementor-widget-container\">\n\t\t\t\t\t\t\t\t\t<p><a href=\"https:\/\/www.kunstloft.de\/18889-wandleuchte-vision\/\" target=\"_blank\" rel=\"noopener\">Wandleuchte &#8218;Vision&#8216;<\/a><\/p>\t\t\t\t\t\t\t\t<\/div>\n\t\t\t\t<\/div>\n\t\t\t\t\t<\/div>\n\t\t<\/div>\n\t\t\t\t<div class=\"elementor-column elementor-col-33 elementor-top-column elementor-element elementor-element-ec17d4c\" data-id=\"ec17d4c\" data-element_type=\"column\" data-e-type=\"column\">\n\t\t\t<div class=\"elementor-widget-wrap elementor-element-populated\">\n\t\t\t\t\t\t<div class=\"elementor-element elementor-element-fe6eeff elementor-widget elementor-widget-image\" data-id=\"fe6eeff\" data-element_type=\"widget\" data-e-type=\"widget\" data-widget_type=\"image.default\">\n\t\t\t\t<div class=\"elementor-widget-container\">\n\t\t\t\t\t\t\t\t\t\t\t\t\t\t\t\t<a href=\"https:\/\/www.kunstloft.de\/18901-wandleuchte-antic-4\/\" target=\"_blank\">\n\t\t\t\t\t\t\t<img decoding=\"async\" src=\"https:\/\/www.kunstloft.co.uk\/magazine\/wp-content\/uploads\/2025\/08\/Wall-Light-Antic-4.webp\" title=\"\" alt=\"Wall Light &#039;Antic 4&#039;\" loading=\"lazy\" \/>\t\t\t\t\t\t\t\t<\/a>\n\t\t\t\t\t\t\t\t\t\t\t\t\t\t\t<\/div>\n\t\t\t\t<\/div>\n\t\t\t\t<div class=\"elementor-element elementor-element-784b605 elementor-widget elementor-widget-text-editor\" data-id=\"784b605\" data-element_type=\"widget\" data-e-type=\"widget\" data-widget_type=\"text-editor.default\">\n\t\t\t\t<div class=\"elementor-widget-container\">\n\t\t\t\t\t\t\t\t\t<p><a href=\"https:\/\/www.kunstloft.de\/18901-wandleuchte-antic-4\/\" target=\"_blank\" rel=\"noopener\">Wandleuchte &#8218;Antic 4&#8216;<\/a><\/p>\t\t\t\t\t\t\t\t<\/div>\n\t\t\t\t<\/div>\n\t\t\t\t\t<\/div>\n\t\t<\/div>\n\t\t\t\t<div class=\"elementor-column elementor-col-33 elementor-top-column elementor-element elementor-element-8529c19\" data-id=\"8529c19\" data-element_type=\"column\" data-e-type=\"column\">\n\t\t\t<div class=\"elementor-widget-wrap elementor-element-populated\">\n\t\t\t\t\t\t<div class=\"elementor-element elementor-element-15e0418 elementor-widget elementor-widget-image\" data-id=\"15e0418\" data-element_type=\"widget\" data-e-type=\"widget\" data-widget_type=\"image.default\">\n\t\t\t\t<div class=\"elementor-widget-container\">\n\t\t\t\t\t\t\t\t\t\t\t\t\t\t\t\t<a href=\"https:\/\/www.kunstloft.de\/13201-wandleuchte-rendez-vous\/\" target=\"_blank\">\n\t\t\t\t\t\t\t<img loading=\"lazy\" decoding=\"async\" width=\"300\" height=\"300\" src=\"https:\/\/www.kunstloft.de\/magazin\/wp-content\/uploads\/2025\/10\/Wandleuchte-Rendez-vous-300x300.webp\" class=\"attachment-medium size-medium wp-image-49432\" alt=\"Wandleuchte &#039;Rendez-vous&#039;\" srcset=\"https:\/\/www.kunstloft.de\/magazin\/wp-content\/uploads\/2025\/10\/Wandleuchte-Rendez-vous-300x300.webp 300w, https:\/\/www.kunstloft.de\/magazin\/wp-content\/uploads\/2025\/10\/Wandleuchte-Rendez-vous-1024x1024.webp 1024w, https:\/\/www.kunstloft.de\/magazin\/wp-content\/uploads\/2025\/10\/Wandleuchte-Rendez-vous-150x150.webp 150w, https:\/\/www.kunstloft.de\/magazin\/wp-content\/uploads\/2025\/10\/Wandleuchte-Rendez-vous-640x640.webp 640w, https:\/\/www.kunstloft.de\/magazin\/wp-content\/uploads\/2025\/10\/Wandleuchte-Rendez-vous-1536x1536.webp 1536w, https:\/\/www.kunstloft.de\/magazin\/wp-content\/uploads\/2025\/10\/Wandleuchte-Rendez-vous.webp 1920w\" sizes=\"(max-width: 767px) 89vw, (max-width: 1000px) 54vw, (max-width: 1071px) 543px, 580px\" \/>\t\t\t\t\t\t\t\t<\/a>\n\t\t\t\t\t\t\t\t\t\t\t\t\t\t\t<\/div>\n\t\t\t\t<\/div>\n\t\t\t\t<div class=\"elementor-element elementor-element-204b281 elementor-widget elementor-widget-text-editor\" data-id=\"204b281\" data-element_type=\"widget\" data-e-type=\"widget\" data-widget_type=\"text-editor.default\">\n\t\t\t\t<div class=\"elementor-widget-container\">\n\t\t\t\t\t\t\t\t\t<p><a href=\"https:\/\/www.kunstloft.de\/13201-wandleuchte-rendez-vous\/\" target=\"_blank\" rel=\"noopener\">Wandleuchte &#8218;Rendez-vous&#8216;<\/a><\/p>\t\t\t\t\t\t\t\t<\/div>\n\t\t\t\t<\/div>\n\t\t\t\t\t<\/div>\n\t\t<\/div>\n\t\t\t\t\t<\/div>\n\t\t<\/section>\n\t\t\t\t<section class=\"elementor-section elementor-top-section elementor-element elementor-element-5234e9c elementor-section-boxed elementor-section-height-default elementor-section-height-default\" data-id=\"5234e9c\" data-element_type=\"section\" data-e-type=\"section\">\n\t\t\t\t\t\t<div class=\"elementor-container elementor-column-gap-default\">\n\t\t\t\t\t<div class=\"elementor-column elementor-col-100 elementor-top-column elementor-element elementor-element-c99f0eb\" data-id=\"c99f0eb\" data-element_type=\"column\" data-e-type=\"column\">\n\t\t\t<div class=\"elementor-widget-wrap elementor-element-populated\">\n\t\t\t\t\t\t<div class=\"elementor-element elementor-element-e4370af elementor-widget elementor-widget-heading\" data-id=\"e4370af\" data-element_type=\"widget\" data-e-type=\"widget\" id=\"11\" data-widget_type=\"heading.default\">\n\t\t\t\t<div class=\"elementor-widget-container\">\n\t\t\t\t\t<h3 class=\"elementor-heading-title elementor-size-default\">9. Smarte Beleuchtungssysteme \u2013 Kontrolle auf Knopfdruck<\/h3>\t\t\t\t<\/div>\n\t\t\t\t<\/div>\n\t\t\t\t<div class=\"elementor-element elementor-element-5033a2f elementor-widget elementor-widget-text-editor\" data-id=\"5033a2f\" data-element_type=\"widget\" data-e-type=\"widget\" data-widget_type=\"text-editor.default\">\n\t\t\t\t<div class=\"elementor-widget-container\">\n\t\t\t\t\t\t\t\t\t<p><span style=\"font-weight: 400;\">Stell Dir vor, Du k\u00f6nntest die Beleuchtung in Deinem B\u00fcro \u00e4ndern, ohne Dich zu bewegen. Genau das erm\u00f6glicht smarte Beleuchtung! Mit Systemen wie Philips Hue oder LIFX kannst Du Helligkeit und Farbtemperatur anpassen und Zeitpl\u00e4ne festlegen \u2013 alles \u00fcber Dein Smartphone oder Deinen Sprachassistenten.<\/span><\/p><p><span style=\"font-weight: 400;\">Braucht Du k\u00fchles, wei\u00dfes Licht, um Mails zu erledigen? Kein Problem. Willst Du einen warmen Lichtschein f\u00fcr n\u00e4chtliche Brainstorming-Sessions? Ebenfalls easy! Smarte Beleuchtung = Produktivit\u00e4t auf dem n\u00e4chsten Level.<\/span><\/p>\t\t\t\t\t\t\t\t<\/div>\n\t\t\t\t<\/div>\n\t\t\t\t\t<\/div>\n\t\t<\/div>\n\t\t\t\t\t<\/div>\n\t\t<\/section>\n\t\t\t\t<section class=\"elementor-section elementor-top-section elementor-element elementor-element-71a37ee elementor-section-boxed elementor-section-height-default elementor-section-height-default\" data-id=\"71a37ee\" data-element_type=\"section\" data-e-type=\"section\">\n\t\t\t\t\t\t<div class=\"elementor-container elementor-column-gap-default\">\n\t\t\t\t\t<div class=\"elementor-column elementor-col-100 elementor-top-column elementor-element elementor-element-dd22c75\" data-id=\"dd22c75\" data-element_type=\"column\" data-e-type=\"column\">\n\t\t\t<div class=\"elementor-widget-wrap elementor-element-populated\">\n\t\t\t\t\t\t<div class=\"elementor-element elementor-element-042f3ce elementor-widget elementor-widget-image\" data-id=\"042f3ce\" data-element_type=\"widget\" data-e-type=\"widget\" data-widget_type=\"image.default\">\n\t\t\t\t<div class=\"elementor-widget-container\">\n\t\t\t\t\t\t\t\t\t\t\t\t\t\t\t<img loading=\"lazy\" decoding=\"async\" width=\"950\" height=\"688\" src=\"https:\/\/www.kunstloft.de\/magazin\/wp-content\/uploads\/2025\/10\/Intelligente-Beleuchtungssysteme-\u2013-Steuerung-per-Fingertipp-1024x742.png\" class=\"attachment-large size-large wp-image-49386\" alt=\"Smart-Home-Lichtsteuerung an der Wand \u2013 moderne Technologie im Zuhause\" srcset=\"https:\/\/www.kunstloft.de\/magazin\/wp-content\/uploads\/2025\/10\/Intelligente-Beleuchtungssysteme-\u2013-Steuerung-per-Fingertipp-1024x742.png 1024w, https:\/\/www.kunstloft.de\/magazin\/wp-content\/uploads\/2025\/10\/Intelligente-Beleuchtungssysteme-\u2013-Steuerung-per-Fingertipp-300x217.png 300w, https:\/\/www.kunstloft.de\/magazin\/wp-content\/uploads\/2025\/10\/Intelligente-Beleuchtungssysteme-\u2013-Steuerung-per-Fingertipp-640x464.png 640w, https:\/\/www.kunstloft.de\/magazin\/wp-content\/uploads\/2025\/10\/Intelligente-Beleuchtungssysteme-\u2013-Steuerung-per-Fingertipp.png 1380w\" sizes=\"(max-width: 767px) 89vw, (max-width: 1000px) 54vw, (max-width: 1071px) 543px, 580px\" \/>\t\t\t\t\t\t\t\t\t\t\t\t\t\t\t<\/div>\n\t\t\t\t<\/div>\n\t\t\t\t\t<\/div>\n\t\t<\/div>\n\t\t\t\t\t<\/div>\n\t\t<\/section>\n\t\t\t\t<section class=\"elementor-section elementor-top-section elementor-element elementor-element-7186fbf elementor-section-boxed elementor-section-height-default elementor-section-height-default\" data-id=\"7186fbf\" data-element_type=\"section\" data-e-type=\"section\">\n\t\t\t\t\t\t<div class=\"elementor-container elementor-column-gap-default\">\n\t\t\t\t\t<div class=\"elementor-column elementor-col-100 elementor-top-column elementor-element elementor-element-727f44e\" data-id=\"727f44e\" data-element_type=\"column\" data-e-type=\"column\">\n\t\t\t<div class=\"elementor-widget-wrap elementor-element-populated\">\n\t\t\t\t\t\t<div class=\"elementor-element elementor-element-4b81449 elementor-widget elementor-widget-heading\" data-id=\"4b81449\" data-element_type=\"widget\" data-e-type=\"widget\" id=\"12\" data-widget_type=\"heading.default\">\n\t\t\t\t<div class=\"elementor-widget-container\">\n\t\t\t\t\t<h3 class=\"elementor-heading-title elementor-size-default\">10. Lichtfarbtemperatur \u2013 Warm vs. Kalt<\/h3>\t\t\t\t<\/div>\n\t\t\t\t<\/div>\n\t\t\t\t<div class=\"elementor-element elementor-element-69471ca elementor-widget elementor-widget-text-editor\" data-id=\"69471ca\" data-element_type=\"widget\" data-e-type=\"widget\" data-widget_type=\"text-editor.default\">\n\t\t\t\t<div class=\"elementor-widget-container\">\n\t\t\t\t\t\t\t\t\t<p><span style=\"font-weight: 400;\">Lass uns kurz ins Detail gehen: Die Farbtemperatur wird in Kelvin gemessen und beeinflusst, wie sich Dein Arbeitsplatz anf\u00fchlt.<\/span><\/p><ul><li style=\"font-weight: 400;\" aria-level=\"1\"><b>Warmlicht (2700K\u20133000K):<\/b><span style=\"font-weight: 400;\"> Gem\u00fctlich, beruhigend, ideal f\u00fcr den Abend.<\/span><\/li><li style=\"font-weight: 400;\" aria-level=\"1\"><b>Kaltlicht (4000K\u20135000K):<\/b><span style=\"font-weight: 400;\"> Klar, aufmerksamkeitsf\u00f6rdernd, perfekt f\u00fcr konzentrierte Aufgaben.<\/span><\/li><\/ul><p><span style=\"font-weight: 400;\">F\u00fcr die meisten Arbeitsbereiche ist eine Kombination aus beiden optimal. Nutze k\u00fchleres Licht w\u00e4hrend der Hauptarbeitszeit und w\u00e4rmere T\u00f6ne, wenn sich der Tag dem Ende zuneigt.<\/span><\/p>\t\t\t\t\t\t\t\t<\/div>\n\t\t\t\t<\/div>\n\t\t\t\t\t<\/div>\n\t\t<\/div>\n\t\t\t\t\t<\/div>\n\t\t<\/section>\n\t\t\t\t<section class=\"elementor-section elementor-top-section elementor-element elementor-element-f4f529c elementor-section-boxed elementor-section-height-default elementor-section-height-default\" data-id=\"f4f529c\" data-element_type=\"section\" data-e-type=\"section\">\n\t\t\t\t\t\t<div class=\"elementor-container elementor-column-gap-default\">\n\t\t\t\t\t<div class=\"elementor-column elementor-col-100 elementor-top-column elementor-element elementor-element-ca3b2c7\" data-id=\"ca3b2c7\" data-element_type=\"column\" data-e-type=\"column\">\n\t\t\t<div class=\"elementor-widget-wrap elementor-element-populated\">\n\t\t\t\t\t\t<div class=\"elementor-element elementor-element-92840be elementor-widget elementor-widget-image\" data-id=\"92840be\" data-element_type=\"widget\" data-e-type=\"widget\" data-widget_type=\"image.default\">\n\t\t\t\t<div class=\"elementor-widget-container\">\n\t\t\t\t\t\t\t\t\t\t\t\t\t\t\t<img loading=\"lazy\" decoding=\"async\" width=\"950\" height=\"688\" src=\"https:\/\/www.kunstloft.de\/magazin\/wp-content\/uploads\/2025\/10\/Sleek-modern-office-with-black-furniture-abstract-wall-art-and-built-in-illuminated-shelves-1024x742.png\" class=\"attachment-large size-large wp-image-49395\" alt=\"Modernes B\u00fcro mit dunkler Einrichtung und stilvoller Beleuchtung\" srcset=\"https:\/\/www.kunstloft.de\/magazin\/wp-content\/uploads\/2025\/10\/Sleek-modern-office-with-black-furniture-abstract-wall-art-and-built-in-illuminated-shelves-1024x742.png 1024w, https:\/\/www.kunstloft.de\/magazin\/wp-content\/uploads\/2025\/10\/Sleek-modern-office-with-black-furniture-abstract-wall-art-and-built-in-illuminated-shelves-300x217.png 300w, https:\/\/www.kunstloft.de\/magazin\/wp-content\/uploads\/2025\/10\/Sleek-modern-office-with-black-furniture-abstract-wall-art-and-built-in-illuminated-shelves-640x464.png 640w, https:\/\/www.kunstloft.de\/magazin\/wp-content\/uploads\/2025\/10\/Sleek-modern-office-with-black-furniture-abstract-wall-art-and-built-in-illuminated-shelves.png 1380w\" sizes=\"(max-width: 767px) 89vw, (max-width: 1000px) 54vw, (max-width: 1071px) 543px, 580px\" \/>\t\t\t\t\t\t\t\t\t\t\t\t\t\t\t<\/div>\n\t\t\t\t<\/div>\n\t\t\t\t<div class=\"elementor-element elementor-element-d4614bd elementor-widget elementor-widget-text-editor\" data-id=\"d4614bd\" data-element_type=\"widget\" data-e-type=\"widget\" data-widget_type=\"text-editor.default\">\n\t\t\t\t<div class=\"elementor-widget-container\">\n\t\t\t\t\t\t\t\t\t<p><strong>Wandkunst von KunstLoft:<\/strong> <a href=\"https:\/\/www.kunstloft.de\/6885-acryl-gemaelde-unendlicher-horizont\/\" target=\"_blank\" rel=\"noopener\">Handgemaltes Gem\u00e4lde &#8218;Unendlicher Horizont&#8216;<\/a><\/p>\t\t\t\t\t\t\t\t<\/div>\n\t\t\t\t<\/div>\n\t\t\t\t\t<\/div>\n\t\t<\/div>\n\t\t\t\t\t<\/div>\n\t\t<\/section>\n\t\t\t\t<section class=\"elementor-section elementor-top-section elementor-element elementor-element-2d1300b elementor-section-boxed elementor-section-height-default elementor-section-height-default\" data-id=\"2d1300b\" data-element_type=\"section\" data-e-type=\"section\">\n\t\t\t\t\t\t<div class=\"elementor-container elementor-column-gap-default\">\n\t\t\t\t\t<div class=\"elementor-column elementor-col-100 elementor-top-column elementor-element elementor-element-022f678\" data-id=\"022f678\" data-element_type=\"column\" data-e-type=\"column\">\n\t\t\t<div class=\"elementor-widget-wrap elementor-element-populated\">\n\t\t\t\t\t\t<div class=\"elementor-element elementor-element-04fb5a5 elementor-widget elementor-widget-heading\" data-id=\"04fb5a5\" data-element_type=\"widget\" data-e-type=\"widget\" id=\"13\" data-widget_type=\"heading.default\">\n\t\t\t\t<div class=\"elementor-widget-container\">\n\t\t\t\t\t<h3 class=\"elementor-heading-title elementor-size-default\">11. Dekorative Akzentbeleuchtung \u2013 Das i-T\u00fcpfelchen\n<\/h3>\t\t\t\t<\/div>\n\t\t\t\t<\/div>\n\t\t\t\t<div class=\"elementor-element elementor-element-04b36a0 elementor-widget elementor-widget-text-editor\" data-id=\"04b36a0\" data-element_type=\"widget\" data-e-type=\"widget\" data-widget_type=\"text-editor.default\">\n\t\t\t\t<div class=\"elementor-widget-container\">\n\t\t\t\t\t\t\t\t\t<p><span style=\"font-weight: 400;\">Akzentlichter sind nicht nur funktional \u2013 sie schaffen Atmosph\u00e4re. F\u00fcge eine leuchtende Kugellampe, ein Neonschild oder ein hinterleuchtetes Regal hinzu, um eine besondere Stimmung zu erzeugen. Solche kleinen Details bringen <\/span><b>W\u00e4rme und Pers\u00f6nlichkeit<\/b><span style=\"font-weight: 400;\"> in Deinen Arbeitsplatz.<\/span><\/p><p><span style=\"font-weight: 400;\">Gleichzeitig signalisieren sie Deinem Gehirn, dass Dir Dein Arbeitsplatz wichtig ist \u2013 und das wirkt sich \u00fcberraschend positiv darauf aus, wie Du Dich beim Arbeiten f\u00fchlst.<\/span><\/p>\t\t\t\t\t\t\t\t<\/div>\n\t\t\t\t<\/div>\n\t\t\t\t\t<\/div>\n\t\t<\/div>\n\t\t\t\t\t<\/div>\n\t\t<\/section>\n\t\t\t\t<section class=\"elementor-section elementor-top-section elementor-element elementor-element-6ed780e elementor-section-boxed elementor-section-height-default elementor-section-height-default\" data-id=\"6ed780e\" data-element_type=\"section\" data-e-type=\"section\">\n\t\t\t\t\t\t<div class=\"elementor-container elementor-column-gap-default\">\n\t\t\t\t\t<div class=\"elementor-column elementor-col-50 elementor-top-column elementor-element elementor-element-c6292f3\" data-id=\"c6292f3\" data-element_type=\"column\" data-e-type=\"column\">\n\t\t\t<div class=\"elementor-widget-wrap elementor-element-populated\">\n\t\t\t\t\t\t<div class=\"elementor-element elementor-element-d615989 elementor-widget elementor-widget-image\" data-id=\"d615989\" data-element_type=\"widget\" data-e-type=\"widget\" data-widget_type=\"image.default\">\n\t\t\t\t<div class=\"elementor-widget-container\">\n\t\t\t\t\t\t\t\t\t\t\t\t\t\t\t<img loading=\"lazy\" decoding=\"async\" width=\"600\" height=\"675\" src=\"https:\/\/www.kunstloft.de\/magazin\/wp-content\/uploads\/2025\/10\/Schlafzimmer-mit-hintergrundbeleuchtetem-Akzent.png\" class=\"attachment-large size-large wp-image-49394\" alt=\"Schlafzimmer mit blauer LED-Beleuchtung \u2013 modernes Ambiente\" srcset=\"https:\/\/www.kunstloft.de\/magazin\/wp-content\/uploads\/2025\/10\/Schlafzimmer-mit-hintergrundbeleuchtetem-Akzent.png 600w, https:\/\/www.kunstloft.de\/magazin\/wp-content\/uploads\/2025\/10\/Schlafzimmer-mit-hintergrundbeleuchtetem-Akzent-267x300.png 267w\" sizes=\"(max-width: 767px) 89vw, (max-width: 1000px) 54vw, (max-width: 1071px) 543px, 580px\" \/>\t\t\t\t\t\t\t\t\t\t\t\t\t\t\t<\/div>\n\t\t\t\t<\/div>\n\t\t\t\t\t<\/div>\n\t\t<\/div>\n\t\t\t\t<div class=\"elementor-column elementor-col-50 elementor-top-column elementor-element elementor-element-97f3473\" data-id=\"97f3473\" data-element_type=\"column\" data-e-type=\"column\">\n\t\t\t<div class=\"elementor-widget-wrap elementor-element-populated\">\n\t\t\t\t\t\t<div class=\"elementor-element elementor-element-8a5037a elementor-widget elementor-widget-image\" data-id=\"8a5037a\" data-element_type=\"widget\" data-e-type=\"widget\" data-widget_type=\"image.default\">\n\t\t\t\t<div class=\"elementor-widget-container\">\n\t\t\t\t\t\t\t\t\t\t\t\t\t\t\t<img loading=\"lazy\" decoding=\"async\" width=\"600\" height=\"675\" src=\"https:\/\/www.kunstloft.de\/magazin\/wp-content\/uploads\/2025\/10\/Arbeitsbereich-mit-Stehlampe-in-rosa-Farbe.png\" class=\"attachment-large size-large wp-image-49384\" alt=\"Gaming- oder Arbeitszimmer mit LED-Stimmungslicht in Violett\" srcset=\"https:\/\/www.kunstloft.de\/magazin\/wp-content\/uploads\/2025\/10\/Arbeitsbereich-mit-Stehlampe-in-rosa-Farbe.png 600w, https:\/\/www.kunstloft.de\/magazin\/wp-content\/uploads\/2025\/10\/Arbeitsbereich-mit-Stehlampe-in-rosa-Farbe-267x300.png 267w\" sizes=\"(max-width: 767px) 89vw, (max-width: 1000px) 54vw, (max-width: 1071px) 543px, 580px\" \/>\t\t\t\t\t\t\t\t\t\t\t\t\t\t\t<\/div>\n\t\t\t\t<\/div>\n\t\t\t\t\t<\/div>\n\t\t<\/div>\n\t\t\t\t\t<\/div>\n\t\t<\/section>\n\t\t\t\t<section class=\"elementor-section elementor-top-section elementor-element elementor-element-d8c2c64 elementor-section-boxed elementor-section-height-default elementor-section-height-default\" data-id=\"d8c2c64\" data-element_type=\"section\" data-e-type=\"section\">\n\t\t\t\t\t\t<div class=\"elementor-container elementor-column-gap-default\">\n\t\t\t\t\t<div class=\"elementor-column elementor-col-100 elementor-top-column elementor-element elementor-element-3a606f4\" data-id=\"3a606f4\" data-element_type=\"column\" data-e-type=\"column\">\n\t\t\t<div class=\"elementor-widget-wrap elementor-element-populated\">\n\t\t\t\t\t\t<div class=\"elementor-element elementor-element-70cab8e elementor-widget elementor-widget-spacer\" data-id=\"70cab8e\" data-element_type=\"widget\" data-e-type=\"widget\" data-widget_type=\"spacer.default\">\n\t\t\t\t<div class=\"elementor-widget-container\">\n\t\t\t\t\t\t\t<div class=\"elementor-spacer\">\n\t\t\t<div class=\"elementor-spacer-inner\"><\/div>\n\t\t<\/div>\n\t\t\t\t\t\t<\/div>\n\t\t\t\t<\/div>\n\t\t\t\t<div class=\"elementor-element elementor-element-2d61339 elementor-widget-divider--view-line_text elementor-widget-divider--element-align-center elementor-widget elementor-widget-divider\" data-id=\"2d61339\" data-element_type=\"widget\" data-e-type=\"widget\" data-widget_type=\"divider.default\">\n\t\t\t\t<div class=\"elementor-widget-container\">\n\t\t\t\t\t\t\t<div class=\"elementor-divider\">\n\t\t\t<span class=\"elementor-divider-separator\">\n\t\t\t\t\t\t\t<span class=\"elementor-divider__text elementor-divider__element\">\n\t\t\t\tIDEEN F\u00dcR AKZENTWANDBELEUCHTUNG VON KUNSTLOFT\t\t\t\t<\/span>\n\t\t\t\t\t\t<\/span>\n\t\t<\/div>\n\t\t\t\t\t\t<\/div>\n\t\t\t\t<\/div>\n\t\t\t\t\t<\/div>\n\t\t<\/div>\n\t\t\t\t\t<\/div>\n\t\t<\/section>\n\t\t\t\t<section class=\"elementor-section elementor-top-section elementor-element elementor-element-99e7bdc elementor-section-boxed elementor-section-height-default elementor-section-height-default\" data-id=\"99e7bdc\" data-element_type=\"section\" data-e-type=\"section\">\n\t\t\t\t\t\t<div class=\"elementor-container elementor-column-gap-default\">\n\t\t\t\t\t<div class=\"elementor-column elementor-col-33 elementor-top-column elementor-element elementor-element-740232d\" data-id=\"740232d\" data-element_type=\"column\" data-e-type=\"column\">\n\t\t\t<div class=\"elementor-widget-wrap elementor-element-populated\">\n\t\t\t\t\t\t<div class=\"elementor-element elementor-element-f24d0d7 elementor-widget elementor-widget-image\" data-id=\"f24d0d7\" data-element_type=\"widget\" data-e-type=\"widget\" data-widget_type=\"image.default\">\n\t\t\t\t<div class=\"elementor-widget-container\">\n\t\t\t\t\t\t\t\t\t\t\t\t\t\t\t\t<a href=\"https:\/\/www.kunstloft.de\/24541-wandleuchte-vetro\/\" target=\"_blank\">\n\t\t\t\t\t\t\t<img loading=\"lazy\" decoding=\"async\" width=\"300\" height=\"300\" src=\"https:\/\/www.kunstloft.de\/magazin\/wp-content\/uploads\/2025\/10\/Wandleuchte-Vetro-300x300.webp\" class=\"attachment-medium size-medium wp-image-49417\" alt=\"Rechteckige Betonwandleuchte mit goldener Halterung \u2013 minimalistischer Stil\" srcset=\"https:\/\/www.kunstloft.de\/magazin\/wp-content\/uploads\/2025\/10\/Wandleuchte-Vetro-300x300.webp 300w, https:\/\/www.kunstloft.de\/magazin\/wp-content\/uploads\/2025\/10\/Wandleuchte-Vetro-150x150.webp 150w, https:\/\/www.kunstloft.de\/magazin\/wp-content\/uploads\/2025\/10\/Wandleuchte-Vetro.webp 600w\" sizes=\"(max-width: 767px) 89vw, (max-width: 1000px) 54vw, (max-width: 1071px) 543px, 580px\" \/>\t\t\t\t\t\t\t\t<\/a>\n\t\t\t\t\t\t\t\t\t\t\t\t\t\t\t<\/div>\n\t\t\t\t<\/div>\n\t\t\t\t<div class=\"elementor-element elementor-element-0d9a18f elementor-widget elementor-widget-text-editor\" data-id=\"0d9a18f\" data-element_type=\"widget\" data-e-type=\"widget\" data-widget_type=\"text-editor.default\">\n\t\t\t\t<div class=\"elementor-widget-container\">\n\t\t\t\t\t\t\t\t\t<p><a href=\"https:\/\/www.kunstloft.de\/24541-wandleuchte-vetro\/\" target=\"_blank\" rel=\"noopener\">Wandleuchte &#8218;Vetro&#8216;<\/a><\/p>\t\t\t\t\t\t\t\t<\/div>\n\t\t\t\t<\/div>\n\t\t\t\t\t<\/div>\n\t\t<\/div>\n\t\t\t\t<div class=\"elementor-column elementor-col-33 elementor-top-column elementor-element elementor-element-4c3e7e8\" data-id=\"4c3e7e8\" data-element_type=\"column\" data-e-type=\"column\">\n\t\t\t<div class=\"elementor-widget-wrap elementor-element-populated\">\n\t\t\t\t\t\t<div class=\"elementor-element elementor-element-17f1e5a elementor-widget elementor-widget-image\" data-id=\"17f1e5a\" data-element_type=\"widget\" data-e-type=\"widget\" data-widget_type=\"image.default\">\n\t\t\t\t<div class=\"elementor-widget-container\">\n\t\t\t\t\t\t\t\t\t\t\t\t\t\t\t\t<a href=\"https:\/\/www.kunstloft.de\/26170-wandleuchte-marmo-2\/\" target=\"_blank\">\n\t\t\t\t\t\t\t<img loading=\"lazy\" decoding=\"async\" width=\"300\" height=\"300\" src=\"https:\/\/www.kunstloft.de\/magazin\/wp-content\/uploads\/2025\/10\/Wandleuchte-Marmo-2-300x300.webp\" class=\"attachment-medium size-medium wp-image-49414\" alt=\"Ovale Wandleuchte in Gold und Wei\u00df \u2013 elegante Innenbeleuchtung\" srcset=\"https:\/\/www.kunstloft.de\/magazin\/wp-content\/uploads\/2025\/10\/Wandleuchte-Marmo-2-300x300.webp 300w, https:\/\/www.kunstloft.de\/magazin\/wp-content\/uploads\/2025\/10\/Wandleuchte-Marmo-2-150x150.webp 150w, https:\/\/www.kunstloft.de\/magazin\/wp-content\/uploads\/2025\/10\/Wandleuchte-Marmo-2.webp 600w\" sizes=\"(max-width: 767px) 89vw, (max-width: 1000px) 54vw, (max-width: 1071px) 543px, 580px\" \/>\t\t\t\t\t\t\t\t<\/a>\n\t\t\t\t\t\t\t\t\t\t\t\t\t\t\t<\/div>\n\t\t\t\t<\/div>\n\t\t\t\t<div class=\"elementor-element elementor-element-f8edd0e elementor-widget elementor-widget-text-editor\" data-id=\"f8edd0e\" data-element_type=\"widget\" data-e-type=\"widget\" data-widget_type=\"text-editor.default\">\n\t\t\t\t<div class=\"elementor-widget-container\">\n\t\t\t\t\t\t\t\t\t<p><a href=\"https:\/\/www.kunstloft.de\/26170-wandleuchte-marmo-2\/\" target=\"_blank\" rel=\"noopener\">Wandleuchte &#8218;Marmo 2&#8216;<\/a><\/p>\t\t\t\t\t\t\t\t<\/div>\n\t\t\t\t<\/div>\n\t\t\t\t\t<\/div>\n\t\t<\/div>\n\t\t\t\t<div class=\"elementor-column elementor-col-33 elementor-top-column elementor-element elementor-element-f3d98e0\" data-id=\"f3d98e0\" data-element_type=\"column\" data-e-type=\"column\">\n\t\t\t<div class=\"elementor-widget-wrap elementor-element-populated\">\n\t\t\t\t\t\t<div class=\"elementor-element elementor-element-8f6d6aa elementor-widget elementor-widget-image\" data-id=\"8f6d6aa\" data-element_type=\"widget\" data-e-type=\"widget\" data-widget_type=\"image.default\">\n\t\t\t\t<div class=\"elementor-widget-container\">\n\t\t\t\t\t\t\t\t\t\t\t\t\t\t\t\t<a href=\"https:\/\/www.kunstloft.de\/24485-wandleuchte-oyaka\/\" target=\"_blank\">\n\t\t\t\t\t\t\t<img loading=\"lazy\" decoding=\"async\" width=\"300\" height=\"300\" src=\"https:\/\/www.kunstloft.de\/magazin\/wp-content\/uploads\/2025\/10\/Wandleuchte-Oyaka-300x300.webp\" class=\"attachment-medium size-medium wp-image-49415\" alt=\"Runde Wandleuchte mit Struktur und schwarzem Akzent \u2013 Designerlampe\" srcset=\"https:\/\/www.kunstloft.de\/magazin\/wp-content\/uploads\/2025\/10\/Wandleuchte-Oyaka-300x300.webp 300w, https:\/\/www.kunstloft.de\/magazin\/wp-content\/uploads\/2025\/10\/Wandleuchte-Oyaka-150x150.webp 150w, https:\/\/www.kunstloft.de\/magazin\/wp-content\/uploads\/2025\/10\/Wandleuchte-Oyaka.webp 600w\" sizes=\"(max-width: 767px) 89vw, (max-width: 1000px) 54vw, (max-width: 1071px) 543px, 580px\" \/>\t\t\t\t\t\t\t\t<\/a>\n\t\t\t\t\t\t\t\t\t\t\t\t\t\t\t<\/div>\n\t\t\t\t<\/div>\n\t\t\t\t<div class=\"elementor-element elementor-element-4427e99 elementor-widget elementor-widget-text-editor\" data-id=\"4427e99\" data-element_type=\"widget\" data-e-type=\"widget\" data-widget_type=\"text-editor.default\">\n\t\t\t\t<div class=\"elementor-widget-container\">\n\t\t\t\t\t\t\t\t\t<p><a href=\"https:\/\/www.kunstloft.de\/24485-wandleuchte-oyaka\/\" target=\"_blank\" rel=\"noopener\">Wandleuchte &#8218;Oyaka&#8216;<\/a><\/p>\t\t\t\t\t\t\t\t<\/div>\n\t\t\t\t<\/div>\n\t\t\t\t\t<\/div>\n\t\t<\/div>\n\t\t\t\t\t<\/div>\n\t\t<\/section>\n\t\t\t\t<section class=\"elementor-section elementor-top-section elementor-element elementor-element-2fa92bf elementor-section-boxed elementor-section-height-default elementor-section-height-default\" data-id=\"2fa92bf\" data-element_type=\"section\" data-e-type=\"section\">\n\t\t\t\t\t\t<div class=\"elementor-container elementor-column-gap-default\">\n\t\t\t\t\t<div class=\"elementor-column elementor-col-100 elementor-top-column elementor-element elementor-element-7ca11c2\" data-id=\"7ca11c2\" data-element_type=\"column\" data-e-type=\"column\">\n\t\t\t<div class=\"elementor-widget-wrap elementor-element-populated\">\n\t\t\t\t\t\t<div class=\"elementor-element elementor-element-fb82e55 elementor-widget elementor-widget-heading\" data-id=\"fb82e55\" data-element_type=\"widget\" data-e-type=\"widget\" id=\"14\" data-widget_type=\"heading.default\">\n\t\t\t\t<div class=\"elementor-widget-container\">\n\t\t\t\t\t<h3 class=\"elementor-heading-title elementor-size-default\">12. Beleuchtung f\u00fcr Videocalls \u2013 Sieh auf dem Bildschirm bestens aus<\/h3>\t\t\t\t<\/div>\n\t\t\t\t<\/div>\n\t\t\t\t<div class=\"elementor-element elementor-element-82a0f80 elementor-widget elementor-widget-text-editor\" data-id=\"82a0f80\" data-element_type=\"widget\" data-e-type=\"widget\" data-widget_type=\"text-editor.default\">\n\t\t\t\t<div class=\"elementor-widget-container\">\n\t\t\t\t\t\t\t\t\t<p><span style=\"font-weight: 400;\">Dieser Tipp ist f\u00fcr alle Remote-Worker! Wenn Du viel Zeit auf Zoom oder Teams verbringst, brauchst Du die richtige Beleuchtung f\u00fcr Dein Gesicht. Nat\u00fcrliches Licht ist ideal, aber auch ein <\/span><b>Ringlicht oder ein LED-Panel<\/b><span style=\"font-weight: 400;\"> kann wahre Wunder wirken.<\/span><\/p><p><span style=\"font-weight: 400;\">Stelle es hinter Deiner Webcam leicht \u00fcber Augenh\u00f6he auf, um weiches, gleichm\u00e4\u00dfiges Licht zu erzeugen. Harte Schatten solltest Du vermeiden \u2013 es sei denn, Du drehst gerade einen Thriller.<\/span><\/p>\t\t\t\t\t\t\t\t<\/div>\n\t\t\t\t<\/div>\n\t\t\t\t\t<\/div>\n\t\t<\/div>\n\t\t\t\t\t<\/div>\n\t\t<\/section>\n\t\t\t\t<section class=\"elementor-section elementor-top-section elementor-element elementor-element-35867cb elementor-section-boxed elementor-section-height-default elementor-section-height-default\" data-id=\"35867cb\" data-element_type=\"section\" data-e-type=\"section\">\n\t\t\t\t\t\t<div class=\"elementor-container elementor-column-gap-default\">\n\t\t\t\t\t<div class=\"elementor-column elementor-col-100 elementor-top-column elementor-element elementor-element-cbe1a43\" data-id=\"cbe1a43\" data-element_type=\"column\" data-e-type=\"column\">\n\t\t\t<div class=\"elementor-widget-wrap elementor-element-populated\">\n\t\t\t\t\t\t<div class=\"elementor-element elementor-element-ff8acd7 elementor-widget elementor-widget-image\" data-id=\"ff8acd7\" data-element_type=\"widget\" data-e-type=\"widget\" data-widget_type=\"image.default\">\n\t\t\t\t<div class=\"elementor-widget-container\">\n\t\t\t\t\t\t\t\t\t\t\t\t\t\t\t<img loading=\"lazy\" decoding=\"async\" width=\"950\" height=\"688\" src=\"https:\/\/www.kunstloft.de\/magazin\/wp-content\/uploads\/2025\/10\/Ringlicht-fuer-Videotelefonate-mit-Hintergrundbeleuchtung-1024x742.png\" class=\"attachment-large size-large wp-image-49393\" alt=\"Schreibtisch mit Ringlampe \u2013 perfekte Beleuchtung f\u00fcr Content-Erstellung\" srcset=\"https:\/\/www.kunstloft.de\/magazin\/wp-content\/uploads\/2025\/10\/Ringlicht-fuer-Videotelefonate-mit-Hintergrundbeleuchtung-1024x742.png 1024w, https:\/\/www.kunstloft.de\/magazin\/wp-content\/uploads\/2025\/10\/Ringlicht-fuer-Videotelefonate-mit-Hintergrundbeleuchtung-300x217.png 300w, https:\/\/www.kunstloft.de\/magazin\/wp-content\/uploads\/2025\/10\/Ringlicht-fuer-Videotelefonate-mit-Hintergrundbeleuchtung-640x464.png 640w, https:\/\/www.kunstloft.de\/magazin\/wp-content\/uploads\/2025\/10\/Ringlicht-fuer-Videotelefonate-mit-Hintergrundbeleuchtung.png 1380w\" sizes=\"(max-width: 767px) 89vw, (max-width: 1000px) 54vw, (max-width: 1071px) 543px, 580px\" \/>\t\t\t\t\t\t\t\t\t\t\t\t\t\t\t<\/div>\n\t\t\t\t<\/div>\n\t\t\t\t<div class=\"elementor-element elementor-element-883daa8 elementor-widget elementor-widget-spacer\" data-id=\"883daa8\" data-element_type=\"widget\" data-e-type=\"widget\" data-widget_type=\"spacer.default\">\n\t\t\t\t<div class=\"elementor-widget-container\">\n\t\t\t\t\t\t\t<div class=\"elementor-spacer\">\n\t\t\t<div class=\"elementor-spacer-inner\"><\/div>\n\t\t<\/div>\n\t\t\t\t\t\t<\/div>\n\t\t\t\t<\/div>\n\t\t\t\t\t<\/div>\n\t\t<\/div>\n\t\t\t\t\t<\/div>\n\t\t<\/section>\n\t\t\t\t<section class=\"elementor-section elementor-top-section elementor-element elementor-element-911290f elementor-section-boxed elementor-section-height-default elementor-section-height-default\" data-id=\"911290f\" data-element_type=\"section\" data-e-type=\"section\">\n\t\t\t\t\t\t<div class=\"elementor-container elementor-column-gap-default\">\n\t\t\t\t\t<div class=\"elementor-column elementor-col-100 elementor-top-column elementor-element elementor-element-9dbad71\" data-id=\"9dbad71\" data-element_type=\"column\" data-e-type=\"column\">\n\t\t\t<div class=\"elementor-widget-wrap elementor-element-populated\">\n\t\t\t\t\t\t<div class=\"elementor-element elementor-element-8f2a7b0 elementor-widget elementor-widget-heading\" data-id=\"8f2a7b0\" data-element_type=\"widget\" data-e-type=\"widget\" id=\"15\" data-widget_type=\"heading.default\">\n\t\t\t\t<div class=\"elementor-widget-container\">\n\t\t\t\t\t<h3 class=\"elementor-heading-title elementor-size-default\">13. Vergiss Blendung und Schatten nicht<\/h3>\t\t\t\t<\/div>\n\t\t\t\t<\/div>\n\t\t\t\t<div class=\"elementor-element elementor-element-e146a7e elementor-widget elementor-widget-text-editor\" data-id=\"e146a7e\" data-element_type=\"widget\" data-e-type=\"widget\" data-widget_type=\"text-editor.default\">\n\t\t\t\t<div class=\"elementor-widget-container\">\n\t\t\t\t\t\t\t\t\t<p><span style=\"font-weight: 400;\">Du kannst noch so viele sch\u00f6ne Lichter haben \u2013 wenn Du mit Blendung oder tiefen Schatten k\u00e4mpfst, leidet Deine Produktivit\u00e4t. Vermeide es, Lichtquellen hinter Dir zu platzieren, da sie sich auf dem Bildschirm spiegeln, und nutze matte Oberfl\u00e4chen, um Reflektionen zu reduzieren.<\/span><\/p><p><span style=\"font-weight: 400;\">Stelle au\u00dferdem sicher, dass <\/span><b>die Beleuchtung Deines Arbeitsplatzes mit der Helligkeit Deines Bildschirms harmoniert<\/b><span style=\"font-weight: 400;\">. Zu hoher Kontrast erm\u00fcdet die Augen.<\/span><\/p>\t\t\t\t\t\t\t\t<\/div>\n\t\t\t\t<\/div>\n\t\t\t\t\t<\/div>\n\t\t<\/div>\n\t\t\t\t\t<\/div>\n\t\t<\/section>\n\t\t\t\t<section class=\"elementor-section elementor-top-section elementor-element elementor-element-d56b9d8 elementor-section-boxed elementor-section-height-default elementor-section-height-default\" data-id=\"d56b9d8\" data-element_type=\"section\" data-e-type=\"section\">\n\t\t\t\t\t\t<div class=\"elementor-container elementor-column-gap-default\">\n\t\t\t\t\t<div class=\"elementor-column elementor-col-100 elementor-top-column elementor-element elementor-element-122115b\" data-id=\"122115b\" data-element_type=\"column\" data-e-type=\"column\">\n\t\t\t<div class=\"elementor-widget-wrap elementor-element-populated\">\n\t\t\t\t\t\t<div class=\"elementor-element elementor-element-51b7546 elementor-widget elementor-widget-spacer\" data-id=\"51b7546\" data-element_type=\"widget\" data-e-type=\"widget\" data-widget_type=\"spacer.default\">\n\t\t\t\t<div class=\"elementor-widget-container\">\n\t\t\t\t\t\t\t<div class=\"elementor-spacer\">\n\t\t\t<div class=\"elementor-spacer-inner\"><\/div>\n\t\t<\/div>\n\t\t\t\t\t\t<\/div>\n\t\t\t\t<\/div>\n\t\t\t\t<div class=\"elementor-element elementor-element-bc17b3d elementor-widget elementor-widget-heading\" data-id=\"bc17b3d\" data-element_type=\"widget\" data-e-type=\"widget\" id=\"16\" data-widget_type=\"heading.default\">\n\t\t\t\t<div class=\"elementor-widget-container\">\n\t\t\t\t\t<h2 class=\"elementor-heading-title elementor-size-default\">Helle Ideen f\u00fcr einen produktiven Tag<\/h2>\t\t\t\t<\/div>\n\t\t\t\t<\/div>\n\t\t\t\t\t<\/div>\n\t\t<\/div>\n\t\t\t\t\t<\/div>\n\t\t<\/section>\n\t\t\t\t<section class=\"elementor-section elementor-top-section elementor-element elementor-element-5db488c elementor-section-boxed elementor-section-height-default elementor-section-height-default\" data-id=\"5db488c\" data-element_type=\"section\" data-e-type=\"section\">\n\t\t\t\t\t\t<div class=\"elementor-container elementor-column-gap-default\">\n\t\t\t\t\t<div class=\"elementor-column elementor-col-100 elementor-top-column elementor-element elementor-element-f6202c2\" data-id=\"f6202c2\" data-element_type=\"column\" data-e-type=\"column\">\n\t\t\t<div class=\"elementor-widget-wrap elementor-element-populated\">\n\t\t\t\t\t\t<div class=\"elementor-element elementor-element-c33e91f elementor-widget elementor-widget-text-editor\" data-id=\"c33e91f\" data-element_type=\"widget\" data-e-type=\"widget\" data-widget_type=\"text-editor.default\">\n\t\t\t\t<div class=\"elementor-widget-container\">\n\t\t\t\t\t\t\t\t\t<p><span style=\"font-weight: 400;\">Denk \u00fcber die Gl\u00fchbirne hinaus \u2013 kombiniere nat\u00fcrliches Licht mit Aufgaben- und Ambient-Beleuchtung, f\u00fcge smarte Funktionen hinzu und w\u00e4hle Leuchten, die zu Deinem Stil passen. Schaffe einen Raum, der Dich t\u00e4glich motiviert.<\/span><\/p><p><span style=\"font-weight: 400;\">Bei <\/span><a href=\"https:\/\/www.kunstloft.de\/\"><b>KUNSTLOFT<\/b><\/a><span style=\"font-weight: 400;\">, einer der <\/span><b>f\u00fchrenden Interior-Design-Marken Europas<\/b><span style=\"font-weight: 400;\">, bekommst Du mehr als nur Beleuchtung. Von <\/span><a href=\"https:\/\/www.kunstloft.de\/handgemalte-bilder\/\"><span style=\"font-weight: 400;\">handbemalten <\/span><\/a><span style=\"font-weight: 400;\">Kunstwerken \u00fcber stylische Lampen bis hin zu modernem Dekor \u2013 unsere Kollektion macht es Dir leicht, Dein Zuhause stilvoll zu gestalten. Bleib am Puls der Trends und sichere Dir exklusive Rabatte \u2013 <\/span><a href=\"https:\/\/www.kunstloft.de\/newsletter\"><span style=\"font-weight: 400;\">abonniere unseren Newsletter<\/span><\/a><span style=\"font-weight: 400;\">. F\u00fcr zus\u00e4tzliche Inspiration st\u00f6bere in <\/span><a href=\"https:\/\/www.kunstloft.de\/magazin\/\"><span style=\"font-weight: 400;\">unserem Magazin<\/span><\/a><span style=\"font-weight: 400;\"> voller <\/span><b>Einrichtungstipps und cleverer Design-Hacks.<\/b><\/p><p><span style=\"font-weight: 400;\">Gute Beleuchtung ist mehr als praktisch \u2013 sie ist pers\u00f6nlich. Schon einige dieser 13 Ideen k\u00f6nnen Deine Stimmung heben, Deine Produktivit\u00e4t steigern und Deinen Raum neu beleben.<\/span><\/p><p><span style=\"font-weight: 400;\">Bereit, Dein Leben zum Strahlen zu bringen? Dann lass die Ver\u00e4nderung beginnen.<\/span><\/p>\t\t\t\t\t\t\t\t<\/div>\n\t\t\t\t<\/div>\n\t\t\t\t\t<\/div>\n\t\t<\/div>\n\t\t\t\t\t<\/div>\n\t\t<\/section>\n\t\t\t\t<section class=\"elementor-section elementor-top-section elementor-element elementor-element-8285232 elementor-section-boxed elementor-section-height-default elementor-section-height-default\" data-id=\"8285232\" data-element_type=\"section\" data-e-type=\"section\">\n\t\t\t\t\t\t<div class=\"elementor-container elementor-column-gap-default\">\n\t\t\t\t\t<div class=\"elementor-column elementor-col-100 elementor-top-column elementor-element elementor-element-50c12bc\" data-id=\"50c12bc\" data-element_type=\"column\" data-e-type=\"column\">\n\t\t\t<div class=\"elementor-widget-wrap elementor-element-populated\">\n\t\t\t\t\t\t<div class=\"elementor-element elementor-element-5000a63 elementor-widget elementor-widget-heading\" data-id=\"5000a63\" data-element_type=\"widget\" data-e-type=\"widget\" id=\"17\" data-widget_type=\"heading.default\">\n\t\t\t\t<div class=\"elementor-widget-container\">\n\t\t\t\t\t<h2 class=\"elementor-heading-title elementor-size-default\">H\u00e4ufig gestellte Fragen<\/h2>\t\t\t\t<\/div>\n\t\t\t\t<\/div>\n\t\t\t\t<div class=\"elementor-element elementor-element-b13374f elementor-widget elementor-widget-toggle\" data-id=\"b13374f\" data-element_type=\"widget\" data-e-type=\"widget\" data-widget_type=\"toggle.default\">\n\t\t\t\t<div class=\"elementor-widget-container\">\n\t\t\t\t\t\t\t<div class=\"elementor-toggle\">\n\t\t\t\t\t\t\t<div class=\"elementor-toggle-item\">\n\t\t\t\t\t<div id=\"elementor-tab-title-1851\" class=\"elementor-tab-title\" data-tab=\"1\" role=\"button\" aria-controls=\"elementor-tab-content-1851\" aria-expanded=\"false\">\n\t\t\t\t\t\t\t\t\t\t\t\t<span class=\"elementor-toggle-icon elementor-toggle-icon-left\" aria-hidden=\"true\">\n\t\t\t\t\t\t\t\t\t\t\t\t\t\t\t<span class=\"elementor-toggle-icon-closed\"><i class=\"fas fa-caret-right\"><\/i><\/span>\n\t\t\t\t\t\t\t\t<span class=\"elementor-toggle-icon-opened\"><i class=\"elementor-toggle-icon-opened fas fa-caret-up\"><\/i><\/span>\n\t\t\t\t\t\t\t\t\t\t\t\t\t<\/span>\n\t\t\t\t\t\t\t\t\t\t\t\t<a class=\"elementor-toggle-title\" tabindex=\"0\">Welche Art von Beleuchtung ist am besten f\u00fcr Produktivit\u00e4t am Arbeitsplatz?<\/a>\n\t\t\t\t\t<\/div>\n\n\t\t\t\t\t<div id=\"elementor-tab-content-1851\" class=\"elementor-tab-content elementor-clearfix\" data-tab=\"1\" role=\"region\" aria-labelledby=\"elementor-tab-title-1851\"><p><span style=\"font-weight: 400;\">Eine ausgewogene Kombination aus nat\u00fcrlichem Licht, Aufgabenbeleuchtung und Ambient-Beleuchtung ist ideal f\u00fcr produktives Arbeiten. Nat\u00fcrliches Licht hilft, Stimmung und Energielevel zu regulieren, w\u00e4hrend Aufgabenbeleuchtung gezieltes Licht f\u00fcr detailreiche Arbeiten liefert. Ambient-Beleuchtung f\u00fcllt den Raum und schafft eine angenehme, einladende Atmosph\u00e4re.<\/span><\/p><\/div>\n\t\t\t\t<\/div>\n\t\t\t\t\t\t\t<div class=\"elementor-toggle-item\">\n\t\t\t\t\t<div id=\"elementor-tab-title-1852\" class=\"elementor-tab-title\" data-tab=\"2\" role=\"button\" aria-controls=\"elementor-tab-content-1852\" aria-expanded=\"false\">\n\t\t\t\t\t\t\t\t\t\t\t\t<span class=\"elementor-toggle-icon elementor-toggle-icon-left\" aria-hidden=\"true\">\n\t\t\t\t\t\t\t\t\t\t\t\t\t\t\t<span class=\"elementor-toggle-icon-closed\"><i class=\"fas fa-caret-right\"><\/i><\/span>\n\t\t\t\t\t\t\t\t<span class=\"elementor-toggle-icon-opened\"><i class=\"elementor-toggle-icon-opened fas fa-caret-up\"><\/i><\/span>\n\t\t\t\t\t\t\t\t\t\t\t\t\t<\/span>\n\t\t\t\t\t\t\t\t\t\t\t\t<a class=\"elementor-toggle-title\" tabindex=\"0\">Wie kann ich Blendung und Schatten an meinem Arbeitsplatz reduzieren?<\/a>\n\t\t\t\t\t<\/div>\n\n\t\t\t\t\t<div id=\"elementor-tab-content-1852\" class=\"elementor-tab-content elementor-clearfix\" data-tab=\"2\" role=\"region\" aria-labelledby=\"elementor-tab-title-1852\"><p><span style=\"font-weight: 400;\">Vermeide es, Licht direkt hinter oder \u00fcber Deinem Bildschirm zu platzieren, um Blendung und Schatten zu minimieren. Nutze diffuse Lichtquellen und matte Oberfl\u00e4chen und passe die Winkel der Lampen an, um starke Reflexionen zu verhindern. Verschiedene Lichtquellen in Ebenen (z.\u202fB. Tischlampen, Stehlampen und Unterbauleuchten) sorgen ebenfalls f\u00fcr eine ausgewogene Beleuchtung.<\/span><\/p><\/div>\n\t\t\t\t<\/div>\n\t\t\t\t\t\t\t<div class=\"elementor-toggle-item\">\n\t\t\t\t\t<div id=\"elementor-tab-title-1853\" class=\"elementor-tab-title\" data-tab=\"3\" role=\"button\" aria-controls=\"elementor-tab-content-1853\" aria-expanded=\"false\">\n\t\t\t\t\t\t\t\t\t\t\t\t<span class=\"elementor-toggle-icon elementor-toggle-icon-left\" aria-hidden=\"true\">\n\t\t\t\t\t\t\t\t\t\t\t\t\t\t\t<span class=\"elementor-toggle-icon-closed\"><i class=\"fas fa-caret-right\"><\/i><\/span>\n\t\t\t\t\t\t\t\t<span class=\"elementor-toggle-icon-opened\"><i class=\"elementor-toggle-icon-opened fas fa-caret-up\"><\/i><\/span>\n\t\t\t\t\t\t\t\t\t\t\t\t\t<\/span>\n\t\t\t\t\t\t\t\t\t\t\t\t<a class=\"elementor-toggle-title\" tabindex=\"0\">Lohnt sich ein smartes Beleuchtungssystem f\u00fcrs Homeoffice?<\/a>\n\t\t\t\t\t<\/div>\n\n\t\t\t\t\t<div id=\"elementor-tab-content-1853\" class=\"elementor-tab-content elementor-clearfix\" data-tab=\"3\" role=\"region\" aria-labelledby=\"elementor-tab-title-1853\"><p><span style=\"font-weight: 400;\">Ja! Smarte Systeme bieten Flexibilit\u00e4t, Energieeffizienz und Komfort. Du kannst Helligkeit und Farbtemperatur anpassen und sogar Licht\u00e4nderungen \u00fcber den Tag hinweg planen, passend zu Deinem Arbeitsrhythmus. Besonders praktisch sind sie f\u00fcr Remote-Worker, die viele Stunden im selben Raum verbringen.<\/span><\/p><\/div>\n\t\t\t\t<\/div>\n\t\t\t\t\t\t\t\t<\/div>\n\t\t\t\t\t\t<\/div>\n\t\t\t\t<\/div>\n\t\t\t\t\t<\/div>\n\t\t<\/div>\n\t\t\t\t\t<\/div>\n\t\t<\/section>\n\t\t\t\t<section class=\"elementor-section elementor-top-section elementor-element elementor-element-4e2553a elementor-section-boxed elementor-section-height-default elementor-section-height-default\" data-id=\"4e2553a\" data-element_type=\"section\" data-e-type=\"section\">\n\t\t\t\t\t\t<div class=\"elementor-container elementor-column-gap-default\">\n\t\t\t\t\t<div class=\"elementor-column elementor-col-100 elementor-top-column elementor-element elementor-element-74a10fa\" data-id=\"74a10fa\" data-element_type=\"column\" data-e-type=\"column\">\n\t\t\t<div class=\"elementor-widget-wrap elementor-element-populated\">\n\t\t\t\t\t\t<div class=\"elementor-element elementor-element-6908cd5 elementor-widget elementor-widget-spacer\" data-id=\"6908cd5\" data-element_type=\"widget\" data-e-type=\"widget\" data-widget_type=\"spacer.default\">\n\t\t\t\t<div class=\"elementor-widget-container\">\n\t\t\t\t\t\t\t<div class=\"elementor-spacer\">\n\t\t\t<div class=\"elementor-spacer-inner\"><\/div>\n\t\t<\/div>\n\t\t\t\t\t\t<\/div>\n\t\t\t\t<\/div>\n\t\t\t\t\t<\/div>\n\t\t<\/div>\n\t\t\t\t\t<\/div>\n\t\t<\/section>\n\t\t\t\t<section class=\"elementor-section elementor-top-section elementor-element elementor-element-37110ab elementor-section-boxed elementor-section-height-default elementor-section-height-default\" data-id=\"37110ab\" data-element_type=\"section\" data-e-type=\"section\">\n\t\t\t\t\t\t<div class=\"elementor-container elementor-column-gap-default\">\n\t\t\t\t\t<div class=\"elementor-column elementor-col-100 elementor-top-column elementor-element elementor-element-7201a37\" data-id=\"7201a37\" data-element_type=\"column\" data-e-type=\"column\">\n\t\t\t<div class=\"elementor-widget-wrap elementor-element-populated\">\n\t\t\t\t\t\t<div class=\"elementor-element elementor-element-d747fd0 elementor-widget elementor-widget-heading\" data-id=\"d747fd0\" data-element_type=\"widget\" data-e-type=\"widget\" data-widget_type=\"heading.default\">\n\t\t\t\t<div class=\"elementor-widget-container\">\n\t\t\t\t\t<h3 class=\"elementor-heading-title elementor-size-medium\">Verwandte Artikel zu Beleuchtungsideen<\/h3>\t\t\t\t<\/div>\n\t\t\t\t<\/div>\n\t\t\t\t<div class=\"elementor-element elementor-element-5932191 elementor-widget elementor-widget-text-editor\" data-id=\"5932191\" data-element_type=\"widget\" data-e-type=\"widget\" data-widget_type=\"text-editor.default\">\n\t\t\t\t<div class=\"elementor-widget-container\">\n\t\t\t\t\t\t\t\t\t<ul><li><a href=\"https:\/\/www.kunstloft.de\/magazin\/beleuchtung-zimmer-ideen\/\" target=\"_blank\" rel=\"noopener\">Zimmerbeleuchtung: 7 Ideen f\u00fcr stimmungsvolles Licht in Wohnr\u00e4umen<\/a><\/li><li><a href=\"https:\/\/www.kunstloft.de\/magazin\/unverzichtbarer-lampen-fuer-ihr-wohnzimmer\/\" target=\"_blank\" rel=\"noopener\"><span style=\"font-weight: 400;\">Raumbeleuchtung: Top 5 unverzichtbarer Lampen f\u00fcr Ihr Wohnzimmer<\/span><\/a><\/li><li><a href=\"https:\/\/www.kunstloft.de\/magazin\/must-have-pendelleuchten-des-jahres-2024\/\" target=\"_blank\" rel=\"noopener\">Strahlend hell: Die Must-Have-Pendelleuchten des Jahres 2024<\/a><\/li><\/ul>\t\t\t\t\t\t\t\t<\/div>\n\t\t\t\t<\/div>\n\t\t\t\t\t<\/div>\n\t\t<\/div>\n\t\t\t\t\t<\/div>\n\t\t<\/section>\n\t\t\t\t<section class=\"elementor-section elementor-top-section elementor-element elementor-element-9ad32f9 elementor-section-boxed elementor-section-height-default elementor-section-height-default\" data-id=\"9ad32f9\" data-element_type=\"section\" data-e-type=\"section\">\n\t\t\t\t\t\t<div class=\"elementor-container elementor-column-gap-default\">\n\t\t\t\t\t<div class=\"elementor-column elementor-col-100 elementor-top-column elementor-element elementor-element-c7064d0\" data-id=\"c7064d0\" data-element_type=\"column\" data-e-type=\"column\">\n\t\t\t<div class=\"elementor-widget-wrap elementor-element-populated\">\n\t\t\t\t\t\t<div class=\"elementor-element elementor-element-e008ab7 elementor-widget elementor-widget-spacer\" data-id=\"e008ab7\" data-element_type=\"widget\" data-e-type=\"widget\" data-widget_type=\"spacer.default\">\n\t\t\t\t<div class=\"elementor-widget-container\">\n\t\t\t\t\t\t\t<div class=\"elementor-spacer\">\n\t\t\t<div class=\"elementor-spacer-inner\"><\/div>\n\t\t<\/div>\n\t\t\t\t\t\t<\/div>\n\t\t\t\t<\/div>\n\t\t\t\t\t<\/div>\n\t\t<\/div>\n\t\t\t\t\t<\/div>\n\t\t<\/section>\n\t\t\t\t<section class=\"elementor-section elementor-top-section elementor-element elementor-element-2645b1b elementor-section-boxed elementor-section-height-default elementor-section-height-default\" data-id=\"2645b1b\" data-element_type=\"section\" data-e-type=\"section\">\n\t\t\t\t\t\t<div class=\"elementor-container elementor-column-gap-default\">\n\t\t\t\t\t<div class=\"elementor-column elementor-col-100 elementor-top-column elementor-element elementor-element-f91ace5\" data-id=\"f91ace5\" data-element_type=\"column\" data-e-type=\"column\">\n\t\t\t<div class=\"elementor-widget-wrap elementor-element-populated\">\n\t\t\t\t\t\t<div class=\"elementor-element elementor-element-48c15bb elementor-widget elementor-widget-shortcode\" data-id=\"48c15bb\" data-element_type=\"widget\" data-e-type=\"widget\" data-widget_type=\"shortcode.default\">\n\t\t\t\t<div class=\"elementor-widget-container\">\n\t\t\t\t\t\t\t<div class=\"elementor-shortcode\"><div style='display:none;' class='shareaholic-canvas' data-app='follow_buttons' data-title='13 Beleuchtungsideen, mit denen Dein Arbeitsplatz erstrahlt' data-link='https:\/\/www.kunstloft.de\/magazin\/beleuchtungsideen-die-ihren-arbeitsbereich-zum-strahlen-bringen\/' data-summary='Steigere Deine Produktivit\u00e4t mit diesen 13 genialen Beleuchtungsideen f\u00fcr Deinen Arbeitsplatz. Von der optimalen Nutzung nat\u00fcrlichen Lichts bis hin zur Installation smarter Beleuchtungssysteme \u2013 entdecke, wie die richtige Kombination aus Ambient-, Aufgaben- und dekorativer Beleuchtung Dein B\u00fcro in einen inspirierenden, effizienten und augenfreundlichen Raum verwandeln kann. Mach Dich bereit, Deinen Arbeitsplatz buchst\u00e4blich zum Strahlen zu bringen!' data-app-id='28699021'><\/div>\n<\/div>\n\t\t\t\t\t\t<\/div>\n\t\t\t\t<\/div>\n\t\t\t\t<div class=\"elementor-element elementor-element-6b8d4b6 elementor-widget elementor-widget-spacer\" data-id=\"6b8d4b6\" data-element_type=\"widget\" data-e-type=\"widget\" data-widget_type=\"spacer.default\">\n\t\t\t\t<div class=\"elementor-widget-container\">\n\t\t\t\t\t\t\t<div class=\"elementor-spacer\">\n\t\t\t<div class=\"elementor-spacer-inner\"><\/div>\n\t\t<\/div>\n\t\t\t\t\t\t<\/div>\n\t\t\t\t<\/div>\n\t\t\t\t\t<\/div>\n\t\t<\/div>\n\t\t\t\t\t<\/div>\n\t\t<\/section>\n\t\t\t\t<section class=\"elementor-section elementor-top-section elementor-element elementor-element-1d3d2ba elementor-section-boxed elementor-section-height-default elementor-section-height-default\" data-id=\"1d3d2ba\" data-element_type=\"section\" data-e-type=\"section\">\n\t\t\t\t\t\t<div class=\"elementor-container elementor-column-gap-default\">\n\t\t\t\t\t<div class=\"elementor-column elementor-col-100 elementor-top-column elementor-element elementor-element-226dd1f\" data-id=\"226dd1f\" data-element_type=\"column\" data-e-type=\"column\" data-settings=\"{&quot;background_background&quot;:&quot;gradient&quot;}\">\n\t\t\t<div class=\"elementor-widget-wrap elementor-element-populated\">\n\t\t\t\t\t\t<div class=\"elementor-element elementor-element-0576fc0 elementor-widget elementor-widget-text-editor\" data-id=\"0576fc0\" data-element_type=\"widget\" data-e-type=\"widget\" data-widget_type=\"text-editor.default\">\n\t\t\t\t<div class=\"elementor-widget-container\">\n\t\t\t\t\t\t\t\t\t<p><strong>Bildnachweis:<\/strong>\u00a0\u00a9 KunstLoft\u00a0<\/p>\t\t\t\t\t\t\t\t<\/div>\n\t\t\t\t<\/div>\n\t\t\t\t\t<\/div>\n\t\t<\/div>\n\t\t\t\t\t<\/div>\n\t\t<\/section>\n\t\t\t\t<\/div>\n\t\t","protected":false},"excerpt":{"rendered":"<p>Steigere Deine Produktivit\u00e4t mit diesen 13 genialen Beleuchtungsideen f\u00fcr Deinen Arbeitsplatz. Von der optimalen Nutzung nat\u00fcrlichen Lichts bis hin zur Installation smarter Beleuchtungssysteme \u2013 entdecke, wie die richtige Kombination aus Ambient-, Aufgaben- und dekorativer Beleuchtung Dein B\u00fcro in einen inspirierenden, effizienten und augenfreundlichen Raum verwandeln kann. Mach Dich bereit, Deinen Arbeitsplatz buchst\u00e4blich zum Strahlen zu bringen!<\/p>\n","protected":false},"author":15,"featured_media":49385,"comment_status":"closed","ping_status":"open","sticky":false,"template":"","format":"standard","meta":{"footnotes":""},"categories":[1],"tags":[],"class_list":["post-49334","post","type-post","status-publish","format-standard","has-post-thumbnail","hentry","category-dekorieren-and-einrichten"],"yoast_head":"<!-- This site is optimized with the Yoast SEO plugin v27.2 - https:\/\/yoast.com\/product\/yoast-seo-wordpress\/ -->\n<title>13 Beleuchtungsideen, mit denen Dein Arbeitsplatz erstrahlt - KUNSTLOFT Magazin<\/title>\n<meta name=\"description\" content=\"Verwandle Deinen Arbeitsplatz mit diesen 13 Beleuchtungsideen \u2013 von nat\u00fcrlichem Licht bis zu smarten Systemen \u2013 um Fokus, Komfort und Produktivit\u00e4t zu steigern.\" \/>\n<meta name=\"robots\" content=\"index, follow, max-snippet:-1, max-image-preview:large, max-video-preview:-1\" \/>\n<link rel=\"canonical\" href=\"https:\/\/www.kunstloft.de\/magazin\/beleuchtungsideen-die-ihren-arbeitsbereich-zum-strahlen-bringen\/\" \/>\n<meta property=\"og:locale\" content=\"de_DE\" \/>\n<meta property=\"og:type\" content=\"article\" \/>\n<meta property=\"og:title\" content=\"13 Beleuchtungsideen, mit denen Dein Arbeitsplatz erstrahlt - KUNSTLOFT Magazin\" \/>\n<meta property=\"og:description\" content=\"Verwandle Deinen Arbeitsplatz mit diesen 13 Beleuchtungsideen \u2013 von nat\u00fcrlichem Licht bis zu smarten Systemen \u2013 um Fokus, Komfort und Produktivit\u00e4t zu steigern.\" \/>\n<meta property=\"og:url\" content=\"https:\/\/www.kunstloft.de\/magazin\/beleuchtungsideen-die-ihren-arbeitsbereich-zum-strahlen-bringen\/\" \/>\n<meta property=\"og:site_name\" content=\"KUNSTLOFT Magazin\" \/>\n<meta property=\"article:publisher\" content=\"https:\/\/de-de.facebook.com\/kunstloft\/\" \/>\n<meta property=\"article:published_time\" content=\"2025-10-24T07:00:00+00:00\" \/>\n<meta property=\"og:image\" content=\"https:\/\/www.kunstloft.de\/magazin\/wp-content\/uploads\/2025\/10\/Beleuchtungsideen.jpg\" \/>\n\t<meta property=\"og:image:width\" content=\"1500\" \/>\n\t<meta property=\"og:image:height\" content=\"1350\" \/>\n\t<meta property=\"og:image:type\" content=\"image\/jpeg\" \/>\n<meta name=\"author\" content=\"Tiza\" \/>\n<meta name=\"twitter:card\" content=\"summary_large_image\" \/>\n<meta name=\"twitter:label1\" content=\"Verfasst von\" \/>\n\t<meta name=\"twitter:data1\" content=\"Tiza\" \/>\n\t<meta name=\"twitter:label2\" content=\"Gesch\u00e4tzte Lesezeit\" \/>\n\t<meta name=\"twitter:data2\" content=\"17\u00a0Minuten\" \/>\n<script type=\"application\/ld+json\" class=\"yoast-schema-graph\">{\"@context\":\"https:\/\/schema.org\",\"@graph\":[{\"@type\":\"Article\",\"@id\":\"https:\/\/www.kunstloft.de\/magazin\/beleuchtungsideen-die-ihren-arbeitsbereich-zum-strahlen-bringen\/#article\",\"isPartOf\":{\"@id\":\"https:\/\/www.kunstloft.de\/magazin\/beleuchtungsideen-die-ihren-arbeitsbereich-zum-strahlen-bringen\/\"},\"author\":{\"name\":\"Tiza\",\"@id\":\"https:\/\/www.kunstloft.de\/magazin\/#\/schema\/person\/e815bb43ddf8ff04eeca20306a4fd437\"},\"headline\":\"13 Beleuchtungsideen, mit denen Dein Arbeitsplatz erstrahlt\",\"datePublished\":\"2025-10-24T07:00:00+00:00\",\"mainEntityOfPage\":{\"@id\":\"https:\/\/www.kunstloft.de\/magazin\/beleuchtungsideen-die-ihren-arbeitsbereich-zum-strahlen-bringen\/\"},\"wordCount\":1777,\"publisher\":{\"@id\":\"https:\/\/www.kunstloft.de\/magazin\/#organization\"},\"image\":{\"@id\":\"https:\/\/www.kunstloft.de\/magazin\/beleuchtungsideen-die-ihren-arbeitsbereich-zum-strahlen-bringen\/#primaryimage\"},\"thumbnailUrl\":\"https:\/\/www.kunstloft.de\/magazin\/wp-content\/uploads\/2025\/10\/Beleuchtungsideen.jpg\",\"articleSection\":[\"Dekorieren &amp; Einrichten\"],\"inLanguage\":\"de\"},{\"@type\":\"WebPage\",\"@id\":\"https:\/\/www.kunstloft.de\/magazin\/beleuchtungsideen-die-ihren-arbeitsbereich-zum-strahlen-bringen\/\",\"url\":\"https:\/\/www.kunstloft.de\/magazin\/beleuchtungsideen-die-ihren-arbeitsbereich-zum-strahlen-bringen\/\",\"name\":\"13 Beleuchtungsideen, mit denen Dein Arbeitsplatz erstrahlt - KUNSTLOFT Magazin\",\"isPartOf\":{\"@id\":\"https:\/\/www.kunstloft.de\/magazin\/#website\"},\"primaryImageOfPage\":{\"@id\":\"https:\/\/www.kunstloft.de\/magazin\/beleuchtungsideen-die-ihren-arbeitsbereich-zum-strahlen-bringen\/#primaryimage\"},\"image\":{\"@id\":\"https:\/\/www.kunstloft.de\/magazin\/beleuchtungsideen-die-ihren-arbeitsbereich-zum-strahlen-bringen\/#primaryimage\"},\"thumbnailUrl\":\"https:\/\/www.kunstloft.de\/magazin\/wp-content\/uploads\/2025\/10\/Beleuchtungsideen.jpg\",\"datePublished\":\"2025-10-24T07:00:00+00:00\",\"description\":\"Verwandle Deinen Arbeitsplatz mit diesen 13 Beleuchtungsideen \u2013 von nat\u00fcrlichem Licht bis zu smarten Systemen \u2013 um Fokus, Komfort und Produktivit\u00e4t zu steigern.\",\"breadcrumb\":{\"@id\":\"https:\/\/www.kunstloft.de\/magazin\/beleuchtungsideen-die-ihren-arbeitsbereich-zum-strahlen-bringen\/#breadcrumb\"},\"inLanguage\":\"de\",\"potentialAction\":[{\"@type\":\"ReadAction\",\"target\":[\"https:\/\/www.kunstloft.de\/magazin\/beleuchtungsideen-die-ihren-arbeitsbereich-zum-strahlen-bringen\/\"]}]},{\"@type\":\"ImageObject\",\"inLanguage\":\"de\",\"@id\":\"https:\/\/www.kunstloft.de\/magazin\/beleuchtungsideen-die-ihren-arbeitsbereich-zum-strahlen-bringen\/#primaryimage\",\"url\":\"https:\/\/www.kunstloft.de\/magazin\/wp-content\/uploads\/2025\/10\/Beleuchtungsideen.jpg\",\"contentUrl\":\"https:\/\/www.kunstloft.de\/magazin\/wp-content\/uploads\/2025\/10\/Beleuchtungsideen.jpg\",\"width\":1500,\"height\":1350,\"caption\":\"Beleuchtungsideen\"},{\"@type\":\"BreadcrumbList\",\"@id\":\"https:\/\/www.kunstloft.de\/magazin\/beleuchtungsideen-die-ihren-arbeitsbereich-zum-strahlen-bringen\/#breadcrumb\",\"itemListElement\":[{\"@type\":\"ListItem\",\"position\":1,\"name\":\"Startseite\",\"item\":\"https:\/\/www.kunstloft.de\/magazin\/\"},{\"@type\":\"ListItem\",\"position\":2,\"name\":\"13 Beleuchtungsideen, mit denen Dein Arbeitsplatz erstrahlt\"}]},{\"@type\":\"WebSite\",\"@id\":\"https:\/\/www.kunstloft.de\/magazin\/#website\",\"url\":\"https:\/\/www.kunstloft.de\/magazin\/\",\"name\":\"KUNSTLOFT Magazin\",\"description\":\"Die Kunst des Einrichtens\",\"publisher\":{\"@id\":\"https:\/\/www.kunstloft.de\/magazin\/#organization\"},\"potentialAction\":[{\"@type\":\"SearchAction\",\"target\":{\"@type\":\"EntryPoint\",\"urlTemplate\":\"https:\/\/www.kunstloft.de\/magazin\/?s={search_term_string}\"},\"query-input\":{\"@type\":\"PropertyValueSpecification\",\"valueRequired\":true,\"valueName\":\"search_term_string\"}}],\"inLanguage\":\"de\"},{\"@type\":\"Organization\",\"@id\":\"https:\/\/www.kunstloft.de\/magazin\/#organization\",\"name\":\"KunstLoft\",\"url\":\"https:\/\/www.kunstloft.de\/magazin\/\",\"logo\":{\"@type\":\"ImageObject\",\"inLanguage\":\"de\",\"@id\":\"https:\/\/www.kunstloft.de\/magazin\/#\/schema\/logo\/image\/\",\"url\":\"https:\/\/www.kunstloft.de\/magazin\/wp-content\/uploads\/2022\/06\/cropped-Logo-Kunstloft-512x512-1.png\",\"contentUrl\":\"https:\/\/www.kunstloft.de\/magazin\/wp-content\/uploads\/2022\/06\/cropped-Logo-Kunstloft-512x512-1.png\",\"width\":512,\"height\":512,\"caption\":\"KunstLoft\"},\"image\":{\"@id\":\"https:\/\/www.kunstloft.de\/magazin\/#\/schema\/logo\/image\/\"},\"sameAs\":[\"https:\/\/de-de.facebook.com\/kunstloft\/\",\"https:\/\/www.instagram.com\/kunstloft\/?hl=de\"]},{\"@type\":\"Person\",\"@id\":\"https:\/\/www.kunstloft.de\/magazin\/#\/schema\/person\/e815bb43ddf8ff04eeca20306a4fd437\",\"name\":\"Tiza\",\"image\":{\"@type\":\"ImageObject\",\"inLanguage\":\"de\",\"@id\":\"https:\/\/secure.gravatar.com\/avatar\/946e2c53dd075a9321b6f752c398682831aed5fe2333c27f212b9688811f170e?s=96&d=mm&r=g\",\"url\":\"https:\/\/secure.gravatar.com\/avatar\/946e2c53dd075a9321b6f752c398682831aed5fe2333c27f212b9688811f170e?s=96&d=mm&r=g\",\"contentUrl\":\"https:\/\/secure.gravatar.com\/avatar\/946e2c53dd075a9321b6f752c398682831aed5fe2333c27f212b9688811f170e?s=96&d=mm&r=g\",\"caption\":\"Tiza\"},\"url\":\"https:\/\/www.kunstloft.de\/magazin\/author\/tizag\/\"}]}<\/script>\n<!-- \/ Yoast SEO plugin. -->","yoast_head_json":{"title":"13 Beleuchtungsideen, mit denen Dein Arbeitsplatz erstrahlt - KUNSTLOFT Magazin","description":"Verwandle Deinen Arbeitsplatz mit diesen 13 Beleuchtungsideen \u2013 von nat\u00fcrlichem Licht bis zu smarten Systemen \u2013 um Fokus, Komfort und Produktivit\u00e4t zu steigern.","robots":{"index":"index","follow":"follow","max-snippet":"max-snippet:-1","max-image-preview":"max-image-preview:large","max-video-preview":"max-video-preview:-1"},"canonical":"https:\/\/www.kunstloft.de\/magazin\/beleuchtungsideen-die-ihren-arbeitsbereich-zum-strahlen-bringen\/","og_locale":"de_DE","og_type":"article","og_title":"13 Beleuchtungsideen, mit denen Dein Arbeitsplatz erstrahlt - KUNSTLOFT Magazin","og_description":"Verwandle Deinen Arbeitsplatz mit diesen 13 Beleuchtungsideen \u2013 von nat\u00fcrlichem Licht bis zu smarten Systemen \u2013 um Fokus, Komfort und Produktivit\u00e4t zu steigern.","og_url":"https:\/\/www.kunstloft.de\/magazin\/beleuchtungsideen-die-ihren-arbeitsbereich-zum-strahlen-bringen\/","og_site_name":"KUNSTLOFT Magazin","article_publisher":"https:\/\/de-de.facebook.com\/kunstloft\/","article_published_time":"2025-10-24T07:00:00+00:00","og_image":[{"width":1500,"height":1350,"url":"https:\/\/www.kunstloft.de\/magazin\/wp-content\/uploads\/2025\/10\/Beleuchtungsideen.jpg","type":"image\/jpeg"}],"author":"Tiza","twitter_card":"summary_large_image","twitter_misc":{"Verfasst von":"Tiza","Gesch\u00e4tzte Lesezeit":"17\u00a0Minuten"},"schema":{"@context":"https:\/\/schema.org","@graph":[{"@type":"Article","@id":"https:\/\/www.kunstloft.de\/magazin\/beleuchtungsideen-die-ihren-arbeitsbereich-zum-strahlen-bringen\/#article","isPartOf":{"@id":"https:\/\/www.kunstloft.de\/magazin\/beleuchtungsideen-die-ihren-arbeitsbereich-zum-strahlen-bringen\/"},"author":{"name":"Tiza","@id":"https:\/\/www.kunstloft.de\/magazin\/#\/schema\/person\/e815bb43ddf8ff04eeca20306a4fd437"},"headline":"13 Beleuchtungsideen, mit denen Dein Arbeitsplatz erstrahlt","datePublished":"2025-10-24T07:00:00+00:00","mainEntityOfPage":{"@id":"https:\/\/www.kunstloft.de\/magazin\/beleuchtungsideen-die-ihren-arbeitsbereich-zum-strahlen-bringen\/"},"wordCount":1777,"publisher":{"@id":"https:\/\/www.kunstloft.de\/magazin\/#organization"},"image":{"@id":"https:\/\/www.kunstloft.de\/magazin\/beleuchtungsideen-die-ihren-arbeitsbereich-zum-strahlen-bringen\/#primaryimage"},"thumbnailUrl":"https:\/\/www.kunstloft.de\/magazin\/wp-content\/uploads\/2025\/10\/Beleuchtungsideen.jpg","articleSection":["Dekorieren &amp; Einrichten"],"inLanguage":"de"},{"@type":"WebPage","@id":"https:\/\/www.kunstloft.de\/magazin\/beleuchtungsideen-die-ihren-arbeitsbereich-zum-strahlen-bringen\/","url":"https:\/\/www.kunstloft.de\/magazin\/beleuchtungsideen-die-ihren-arbeitsbereich-zum-strahlen-bringen\/","name":"13 Beleuchtungsideen, mit denen Dein Arbeitsplatz erstrahlt - KUNSTLOFT Magazin","isPartOf":{"@id":"https:\/\/www.kunstloft.de\/magazin\/#website"},"primaryImageOfPage":{"@id":"https:\/\/www.kunstloft.de\/magazin\/beleuchtungsideen-die-ihren-arbeitsbereich-zum-strahlen-bringen\/#primaryimage"},"image":{"@id":"https:\/\/www.kunstloft.de\/magazin\/beleuchtungsideen-die-ihren-arbeitsbereich-zum-strahlen-bringen\/#primaryimage"},"thumbnailUrl":"https:\/\/www.kunstloft.de\/magazin\/wp-content\/uploads\/2025\/10\/Beleuchtungsideen.jpg","datePublished":"2025-10-24T07:00:00+00:00","description":"Verwandle Deinen Arbeitsplatz mit diesen 13 Beleuchtungsideen \u2013 von nat\u00fcrlichem Licht bis zu smarten Systemen \u2013 um Fokus, Komfort und Produktivit\u00e4t zu steigern.","breadcrumb":{"@id":"https:\/\/www.kunstloft.de\/magazin\/beleuchtungsideen-die-ihren-arbeitsbereich-zum-strahlen-bringen\/#breadcrumb"},"inLanguage":"de","potentialAction":[{"@type":"ReadAction","target":["https:\/\/www.kunstloft.de\/magazin\/beleuchtungsideen-die-ihren-arbeitsbereich-zum-strahlen-bringen\/"]}]},{"@type":"ImageObject","inLanguage":"de","@id":"https:\/\/www.kunstloft.de\/magazin\/beleuchtungsideen-die-ihren-arbeitsbereich-zum-strahlen-bringen\/#primaryimage","url":"https:\/\/www.kunstloft.de\/magazin\/wp-content\/uploads\/2025\/10\/Beleuchtungsideen.jpg","contentUrl":"https:\/\/www.kunstloft.de\/magazin\/wp-content\/uploads\/2025\/10\/Beleuchtungsideen.jpg","width":1500,"height":1350,"caption":"Beleuchtungsideen"},{"@type":"BreadcrumbList","@id":"https:\/\/www.kunstloft.de\/magazin\/beleuchtungsideen-die-ihren-arbeitsbereich-zum-strahlen-bringen\/#breadcrumb","itemListElement":[{"@type":"ListItem","position":1,"name":"Startseite","item":"https:\/\/www.kunstloft.de\/magazin\/"},{"@type":"ListItem","position":2,"name":"13 Beleuchtungsideen, mit denen Dein Arbeitsplatz erstrahlt"}]},{"@type":"WebSite","@id":"https:\/\/www.kunstloft.de\/magazin\/#website","url":"https:\/\/www.kunstloft.de\/magazin\/","name":"KUNSTLOFT Magazin","description":"Die Kunst des Einrichtens","publisher":{"@id":"https:\/\/www.kunstloft.de\/magazin\/#organization"},"potentialAction":[{"@type":"SearchAction","target":{"@type":"EntryPoint","urlTemplate":"https:\/\/www.kunstloft.de\/magazin\/?s={search_term_string}"},"query-input":{"@type":"PropertyValueSpecification","valueRequired":true,"valueName":"search_term_string"}}],"inLanguage":"de"},{"@type":"Organization","@id":"https:\/\/www.kunstloft.de\/magazin\/#organization","name":"KunstLoft","url":"https:\/\/www.kunstloft.de\/magazin\/","logo":{"@type":"ImageObject","inLanguage":"de","@id":"https:\/\/www.kunstloft.de\/magazin\/#\/schema\/logo\/image\/","url":"https:\/\/www.kunstloft.de\/magazin\/wp-content\/uploads\/2022\/06\/cropped-Logo-Kunstloft-512x512-1.png","contentUrl":"https:\/\/www.kunstloft.de\/magazin\/wp-content\/uploads\/2022\/06\/cropped-Logo-Kunstloft-512x512-1.png","width":512,"height":512,"caption":"KunstLoft"},"image":{"@id":"https:\/\/www.kunstloft.de\/magazin\/#\/schema\/logo\/image\/"},"sameAs":["https:\/\/de-de.facebook.com\/kunstloft\/","https:\/\/www.instagram.com\/kunstloft\/?hl=de"]},{"@type":"Person","@id":"https:\/\/www.kunstloft.de\/magazin\/#\/schema\/person\/e815bb43ddf8ff04eeca20306a4fd437","name":"Tiza","image":{"@type":"ImageObject","inLanguage":"de","@id":"https:\/\/secure.gravatar.com\/avatar\/946e2c53dd075a9321b6f752c398682831aed5fe2333c27f212b9688811f170e?s=96&d=mm&r=g","url":"https:\/\/secure.gravatar.com\/avatar\/946e2c53dd075a9321b6f752c398682831aed5fe2333c27f212b9688811f170e?s=96&d=mm&r=g","contentUrl":"https:\/\/secure.gravatar.com\/avatar\/946e2c53dd075a9321b6f752c398682831aed5fe2333c27f212b9688811f170e?s=96&d=mm&r=g","caption":"Tiza"},"url":"https:\/\/www.kunstloft.de\/magazin\/author\/tizag\/"}]}},"_links":{"self":[{"href":"https:\/\/www.kunstloft.de\/magazin\/wp-json\/wp\/v2\/posts\/49334","targetHints":{"allow":["GET"]}}],"collection":[{"href":"https:\/\/www.kunstloft.de\/magazin\/wp-json\/wp\/v2\/posts"}],"about":[{"href":"https:\/\/www.kunstloft.de\/magazin\/wp-json\/wp\/v2\/types\/post"}],"author":[{"embeddable":true,"href":"https:\/\/www.kunstloft.de\/magazin\/wp-json\/wp\/v2\/users\/15"}],"replies":[{"embeddable":true,"href":"https:\/\/www.kunstloft.de\/magazin\/wp-json\/wp\/v2\/comments?post=49334"}],"version-history":[{"count":27,"href":"https:\/\/www.kunstloft.de\/magazin\/wp-json\/wp\/v2\/posts\/49334\/revisions"}],"predecessor-version":[{"id":49448,"href":"https:\/\/www.kunstloft.de\/magazin\/wp-json\/wp\/v2\/posts\/49334\/revisions\/49448"}],"wp:featuredmedia":[{"embeddable":true,"href":"https:\/\/www.kunstloft.de\/magazin\/wp-json\/wp\/v2\/media\/49385"}],"wp:attachment":[{"href":"https:\/\/www.kunstloft.de\/magazin\/wp-json\/wp\/v2\/media?parent=49334"}],"wp:term":[{"taxonomy":"category","embeddable":true,"href":"https:\/\/www.kunstloft.de\/magazin\/wp-json\/wp\/v2\/categories?post=49334"},{"taxonomy":"post_tag","embeddable":true,"href":"https:\/\/www.kunstloft.de\/magazin\/wp-json\/wp\/v2\/tags?post=49334"}],"curies":[{"name":"wp","href":"https:\/\/api.w.org\/{rel}","templated":true}]}}