{"id":1968,"date":"2023-01-20T15:18:34","date_gmt":"2023-01-20T14:18:34","guid":{"rendered":"https:\/\/www.kunstloft.de\/magazin\/?p=1968"},"modified":"2024-12-24T08:12:33","modified_gmt":"2024-12-24T07:12:33","slug":"trendfarbe-2023-pantone","status":"publish","type":"post","link":"https:\/\/www.kunstloft.de\/magazin\/trendfarbe-2023-pantone\/","title":{"rendered":"Viva Magenta. Unsere Einrichtungstipps rund um die Trendfarbe 2023."},"content":{"rendered":"\t\t<div data-elementor-type=\"wp-post\" data-elementor-id=\"1968\" class=\"elementor elementor-1968\">\n\t\t\t\t\t\t<section class=\"elementor-section elementor-top-section elementor-element elementor-element-cdfe353 elementor-section-boxed elementor-section-height-default elementor-section-height-default\" data-id=\"cdfe353\" data-element_type=\"section\" data-e-type=\"section\">\n\t\t\t\t\t\t<div class=\"elementor-container elementor-column-gap-default\">\n\t\t\t\t\t<div class=\"elementor-column elementor-col-50 elementor-top-column elementor-element elementor-element-4d12d34\" data-id=\"4d12d34\" data-element_type=\"column\" data-e-type=\"column\">\n\t\t\t<div class=\"elementor-widget-wrap elementor-element-populated\">\n\t\t\t\t\t\t<div class=\"elementor-element elementor-element-3f08ac7 elementor-widget elementor-widget-heading\" data-id=\"3f08ac7\" data-element_type=\"widget\" data-e-type=\"widget\" data-widget_type=\"heading.default\">\n\t\t\t\t<div class=\"elementor-widget-container\">\n\t\t\t\t\t<h1 class=\"elementor-heading-title elementor-size-default\">Viva Magenta. Unsere Einrichtungstipps rund um die Trendfarbe 2023.<\/h1>\t\t\t\t<\/div>\n\t\t\t\t<\/div>\n\t\t\t\t\t<\/div>\n\t\t<\/div>\n\t\t\t\t<div class=\"elementor-column elementor-col-50 elementor-top-column elementor-element elementor-element-e4ddd2c\" data-id=\"e4ddd2c\" data-element_type=\"column\" data-e-type=\"column\">\n\t\t\t<div class=\"elementor-widget-wrap elementor-element-populated\">\n\t\t\t\t\t\t<div class=\"elementor-element elementor-element-a64a520 elementor-widget elementor-widget-image\" data-id=\"a64a520\" data-element_type=\"widget\" data-e-type=\"widget\" data-widget_type=\"image.default\">\n\t\t\t\t<div class=\"elementor-widget-container\">\n\t\t\t\t\t\t\t\t\t\t\t\t\t\t\t<img fetchpriority=\"high\" decoding=\"async\" width=\"950\" height=\"557\" src=\"https:\/\/www.kunstloft.de\/magazin\/wp-content\/uploads\/2023\/01\/Close-up-of-vibrant-magenta-leaves-with-textured-veins-creating-a-bold-and-dramatic-visual-1024x600.png\" class=\"attachment-large size-large wp-image-47490\" alt=\"Nahaufnahme von leuchtend magentafarbenen Bl\u00e4ttern mit strukturierten Adern, die ein k\u00fchnes und dramatisches Bild ergeben\" srcset=\"https:\/\/www.kunstloft.de\/magazin\/wp-content\/uploads\/2023\/01\/Close-up-of-vibrant-magenta-leaves-with-textured-veins-creating-a-bold-and-dramatic-visual-1024x600.png 1024w, https:\/\/www.kunstloft.de\/magazin\/wp-content\/uploads\/2023\/01\/Close-up-of-vibrant-magenta-leaves-with-textured-veins-creating-a-bold-and-dramatic-visual-300x176.png 300w, https:\/\/www.kunstloft.de\/magazin\/wp-content\/uploads\/2023\/01\/Close-up-of-vibrant-magenta-leaves-with-textured-veins-creating-a-bold-and-dramatic-visual-768x450.png 768w, https:\/\/www.kunstloft.de\/magazin\/wp-content\/uploads\/2023\/01\/Close-up-of-vibrant-magenta-leaves-with-textured-veins-creating-a-bold-and-dramatic-visual-640x375.png 640w, https:\/\/www.kunstloft.de\/magazin\/wp-content\/uploads\/2023\/01\/Close-up-of-vibrant-magenta-leaves-with-textured-veins-creating-a-bold-and-dramatic-visual.png 1280w\" sizes=\"100vw\" \/>\t\t\t\t\t\t\t\t\t\t\t\t\t\t\t<\/div>\n\t\t\t\t<\/div>\n\t\t\t\t\t<\/div>\n\t\t<\/div>\n\t\t\t\t\t<\/div>\n\t\t<\/section>\n\t\t\t\t<section class=\"elementor-section elementor-top-section elementor-element elementor-element-fc7ba72 elementor-section-boxed elementor-section-height-default elementor-section-height-default\" data-id=\"fc7ba72\" data-element_type=\"section\" data-e-type=\"section\">\n\t\t\t\t\t\t<div class=\"elementor-container elementor-column-gap-default\">\n\t\t\t\t\t<div class=\"elementor-column elementor-col-100 elementor-top-column elementor-element elementor-element-ec0b40b\" data-id=\"ec0b40b\" data-element_type=\"column\" data-e-type=\"column\">\n\t\t\t<div class=\"elementor-widget-wrap elementor-element-populated\">\n\t\t\t\t\t\t<div class=\"elementor-element elementor-element-02f12f1 elementor-widget elementor-widget-text-editor\" data-id=\"02f12f1\" data-element_type=\"widget\" data-e-type=\"widget\" data-widget_type=\"text-editor.default\">\n\t\t\t\t<div class=\"elementor-widget-container\">\n\t\t\t\t\t\t\t\t\t<p><b>Ende des Jahres war es wieder soweit. Wichtige Institutionen aus Mode, Design und Interior erwarten gespannt die Wahl der Trendfarbe 2023, die vom Farbinstitut Pantone j\u00e4hrlich verk\u00fcndet wird. Die Entscheidung fiel auf einen warmen und gleichzeitig modern sowie kraftvoll wirkenden Rotton mit dem Namen Viva Magenta. Wir verraten Ihnen im Folgenden, was hinter der Farbwahl steckt und welche Trends aus Home&amp;Living und dem Kunstbereich mit diesem besonderen Rot m\u00f6glich sind.<\/b><\/p>\t\t\t\t\t\t\t\t<\/div>\n\t\t\t\t<\/div>\n\t\t\t\t\t<\/div>\n\t\t<\/div>\n\t\t\t\t\t<\/div>\n\t\t<\/section>\n\t\t\t\t<section class=\"elementor-section elementor-top-section elementor-element elementor-element-3fa56d1 elementor-section-boxed elementor-section-height-default elementor-section-height-default\" data-id=\"3fa56d1\" data-element_type=\"section\" data-e-type=\"section\">\n\t\t\t\t\t\t<div class=\"elementor-container elementor-column-gap-default\">\n\t\t\t\t\t<div class=\"elementor-column elementor-col-100 elementor-top-column elementor-element elementor-element-e91c194\" data-id=\"e91c194\" data-element_type=\"column\" data-e-type=\"column\">\n\t\t\t<div class=\"elementor-widget-wrap elementor-element-populated\">\n\t\t\t\t\t\t<div class=\"elementor-element elementor-element-cc90c19 elementor-widget elementor-widget-text-editor\" data-id=\"cc90c19\" data-element_type=\"widget\" data-e-type=\"widget\" data-widget_type=\"text-editor.default\">\n\t\t\t\t<div class=\"elementor-widget-container\">\n\t\t\t\t\t\t\t\t\t<p><strong>Inhaltsverzeichnis<\/strong><\/p><ul><li><a href=\"#wahl\">Pantone und die Wahl der Trendfarbe<\/a><\/li><li><a href=\"#bedeutung\">Die Bedeutung von Viva Magenta<\/a><\/li><li><a href=\"#trends\">Die besten Wohn- und Kunsttrends mit Viva Magenta<\/a><\/li><li><a href=\"#vielfalt\">Farbenfrohe Vielfalt bei KunstLoft<\/a><\/li><\/ul>\t\t\t\t\t\t\t\t<\/div>\n\t\t\t\t<\/div>\n\t\t\t\t\t<\/div>\n\t\t<\/div>\n\t\t\t\t\t<\/div>\n\t\t<\/section>\n\t\t\t\t<section class=\"elementor-section elementor-top-section elementor-element elementor-element-3c83dc8 elementor-section-boxed elementor-section-height-default elementor-section-height-default\" data-id=\"3c83dc8\" data-element_type=\"section\" data-e-type=\"section\">\n\t\t\t\t\t\t<div class=\"elementor-container elementor-column-gap-default\">\n\t\t\t\t\t<div class=\"elementor-column elementor-col-100 elementor-top-column elementor-element elementor-element-4bad277\" data-id=\"4bad277\" data-element_type=\"column\" data-e-type=\"column\">\n\t\t\t<div class=\"elementor-widget-wrap elementor-element-populated\">\n\t\t\t\t\t\t<div class=\"elementor-element elementor-element-9c3e809 elementor-widget elementor-widget-heading\" data-id=\"9c3e809\" data-element_type=\"widget\" data-e-type=\"widget\" id=\"Wahl\" data-widget_type=\"heading.default\">\n\t\t\t\t<div class=\"elementor-widget-container\">\n\t\t\t\t\t<h2 class=\"elementor-heading-title elementor-size-default\">Pantone und die Wahl der Trendfarbe<\/h2>\t\t\t\t<\/div>\n\t\t\t\t<\/div>\n\t\t\t\t\t<\/div>\n\t\t<\/div>\n\t\t\t\t\t<\/div>\n\t\t<\/section>\n\t\t\t\t<section class=\"elementor-section elementor-top-section elementor-element elementor-element-10d28d1 elementor-section-boxed elementor-section-height-default elementor-section-height-default\" data-id=\"10d28d1\" data-element_type=\"section\" data-e-type=\"section\">\n\t\t\t\t\t\t<div class=\"elementor-container elementor-column-gap-default\">\n\t\t\t\t\t<div class=\"elementor-column elementor-col-100 elementor-top-column elementor-element elementor-element-7f2ad3e\" data-id=\"7f2ad3e\" data-element_type=\"column\" data-e-type=\"column\">\n\t\t\t<div class=\"elementor-widget-wrap elementor-element-populated\">\n\t\t\t\t\t\t<div class=\"elementor-element elementor-element-f650000 elementor-widget elementor-widget-text-editor\" data-id=\"f650000\" data-element_type=\"widget\" data-e-type=\"widget\" data-widget_type=\"text-editor.default\">\n\t\t\t\t<div class=\"elementor-widget-container\">\n\t\t\t\t\t\t\t\t\t<p><span style=\"font-weight: 400;\">Bereits seit 1999 w\u00e4hlt das amerikanische <strong>Farbinstitut Pantone<\/strong> die Trendfarbe des Jahres. Dieser Entscheidung gehen ausf\u00fchrliche Trendrecherchen, Analysen und Prognosen voraus, die sich mit angesagten Str\u00f6mungen aus Gesellschaft, Kunst, Kultur, Film &amp; Fernsehen, Mode und Design auseinandersetzen. Auch Bewegungen im Social Media Bereich, Lebensweisen sowie Reisetrends werden ber\u00fccksichtigt. Die Wahl der Farbe ist folglich ein <strong>Spiegelbild des globalen Zeitgeistes<\/strong>, das von verschiedenen Ereignissen und Bereichen beeinflusst wird. Nach einem ausf\u00fchrlichen Auswahlprozess gibt das Unternehmen Pantone die Farbe am Ende des Jahres bekannt. Die Entscheidung des Instituts erf\u00e4hrt <strong>weltweite Anerkennung<\/strong> und dient als wichtige Inspirationsquelle f\u00fcr neue Designtrends in allen Branchen.<\/span><\/p>\t\t\t\t\t\t\t\t<\/div>\n\t\t\t\t<\/div>\n\t\t\t\t\t<\/div>\n\t\t<\/div>\n\t\t\t\t\t<\/div>\n\t\t<\/section>\n\t\t\t\t<section class=\"elementor-section elementor-top-section elementor-element elementor-element-cb8feab elementor-section-boxed elementor-section-height-default elementor-section-height-default\" data-id=\"cb8feab\" data-element_type=\"section\" data-e-type=\"section\">\n\t\t\t\t\t\t<div class=\"elementor-container elementor-column-gap-default\">\n\t\t\t\t\t<div class=\"elementor-column elementor-col-50 elementor-top-column elementor-element elementor-element-73c9a74\" data-id=\"73c9a74\" data-element_type=\"column\" data-e-type=\"column\">\n\t\t\t<div class=\"elementor-widget-wrap elementor-element-populated\">\n\t\t\t\t\t\t<div class=\"elementor-element elementor-element-d1ee1e8 elementor-widget elementor-widget-image\" data-id=\"d1ee1e8\" data-element_type=\"widget\" data-e-type=\"widget\" data-widget_type=\"image.default\">\n\t\t\t\t<div class=\"elementor-widget-container\">\n\t\t\t\t\t\t\t\t\t\t\t\t\t\t\t<img decoding=\"async\" width=\"950\" height=\"615\" src=\"https:\/\/www.kunstloft.de\/magazin\/wp-content\/uploads\/2023\/01\/pexels-carlie-wright-6442115-1024x663.jpg\" class=\"elementor-animation-grow attachment-large size-large wp-image-2007\" alt=\"\" srcset=\"https:\/\/www.kunstloft.de\/magazin\/wp-content\/uploads\/2023\/01\/pexels-carlie-wright-6442115-1024x663.jpg 1024w, https:\/\/www.kunstloft.de\/magazin\/wp-content\/uploads\/2023\/01\/pexels-carlie-wright-6442115-300x194.jpg 300w, https:\/\/www.kunstloft.de\/magazin\/wp-content\/uploads\/2023\/01\/pexels-carlie-wright-6442115-768x497.jpg 768w, https:\/\/www.kunstloft.de\/magazin\/wp-content\/uploads\/2023\/01\/pexels-carlie-wright-6442115-1536x994.jpg 1536w, https:\/\/www.kunstloft.de\/magazin\/wp-content\/uploads\/2023\/01\/pexels-carlie-wright-6442115-2048x1325.jpg 2048w, https:\/\/www.kunstloft.de\/magazin\/wp-content\/uploads\/2023\/01\/pexels-carlie-wright-6442115-2000x1294.jpg 2000w\" sizes=\"100vw\" \/>\t\t\t\t\t\t\t\t\t\t\t\t\t\t\t<\/div>\n\t\t\t\t<\/div>\n\t\t\t\t\t<\/div>\n\t\t<\/div>\n\t\t\t\t<div class=\"elementor-column elementor-col-50 elementor-top-column elementor-element elementor-element-3d4da50\" data-id=\"3d4da50\" data-element_type=\"column\" data-e-type=\"column\">\n\t\t\t<div class=\"elementor-widget-wrap elementor-element-populated\">\n\t\t\t\t\t\t<div class=\"elementor-element elementor-element-cd20dc3 elementor-widget elementor-widget-image\" data-id=\"cd20dc3\" data-element_type=\"widget\" data-e-type=\"widget\" data-widget_type=\"image.default\">\n\t\t\t\t<div class=\"elementor-widget-container\">\n\t\t\t\t\t\t\t\t\t\t\t\t\t\t\t<img decoding=\"async\" width=\"950\" height=\"634\" src=\"https:\/\/www.kunstloft.de\/magazin\/wp-content\/uploads\/2023\/01\/pexels-peter-olexa-14299950-1024x683.jpg\" class=\"elementor-animation-grow attachment-large size-large wp-image-2008\" alt=\"\" srcset=\"https:\/\/www.kunstloft.de\/magazin\/wp-content\/uploads\/2023\/01\/pexels-peter-olexa-14299950-1024x683.jpg 1024w, https:\/\/www.kunstloft.de\/magazin\/wp-content\/uploads\/2023\/01\/pexels-peter-olexa-14299950-300x200.jpg 300w, https:\/\/www.kunstloft.de\/magazin\/wp-content\/uploads\/2023\/01\/pexels-peter-olexa-14299950-768x512.jpg 768w, https:\/\/www.kunstloft.de\/magazin\/wp-content\/uploads\/2023\/01\/pexels-peter-olexa-14299950-1536x1024.jpg 1536w, https:\/\/www.kunstloft.de\/magazin\/wp-content\/uploads\/2023\/01\/pexels-peter-olexa-14299950-2048x1365.jpg 2048w, https:\/\/www.kunstloft.de\/magazin\/wp-content\/uploads\/2023\/01\/pexels-peter-olexa-14299950-2000x1333.jpg 2000w\" sizes=\"100vw\" \/>\t\t\t\t\t\t\t\t\t\t\t\t\t\t\t<\/div>\n\t\t\t\t<\/div>\n\t\t\t\t\t<\/div>\n\t\t<\/div>\n\t\t\t\t\t<\/div>\n\t\t<\/section>\n\t\t\t\t<section class=\"elementor-section elementor-top-section elementor-element elementor-element-f0a0987 elementor-section-boxed elementor-section-height-default elementor-section-height-default\" data-id=\"f0a0987\" data-element_type=\"section\" data-e-type=\"section\">\n\t\t\t\t\t\t<div class=\"elementor-container elementor-column-gap-default\">\n\t\t\t\t\t<div class=\"elementor-column elementor-col-100 elementor-top-column elementor-element elementor-element-e45b5bd\" data-id=\"e45b5bd\" data-element_type=\"column\" data-e-type=\"column\">\n\t\t\t<div class=\"elementor-widget-wrap elementor-element-populated\">\n\t\t\t\t\t\t<div class=\"elementor-element elementor-element-8e77951 elementor-widget elementor-widget-heading\" data-id=\"8e77951\" data-element_type=\"widget\" data-e-type=\"widget\" id=\"bedeutung\" data-widget_type=\"heading.default\">\n\t\t\t\t<div class=\"elementor-widget-container\">\n\t\t\t\t\t<h2 class=\"elementor-heading-title elementor-size-default\">Die Bedeutung von Viva Magenta<\/h2>\t\t\t\t<\/div>\n\t\t\t\t<\/div>\n\t\t\t\t\t<\/div>\n\t\t<\/div>\n\t\t\t\t\t<\/div>\n\t\t<\/section>\n\t\t\t\t<section class=\"elementor-section elementor-top-section elementor-element elementor-element-f577cd0 elementor-section-boxed elementor-section-height-default elementor-section-height-default\" data-id=\"f577cd0\" data-element_type=\"section\" data-e-type=\"section\">\n\t\t\t\t\t\t<div class=\"elementor-container elementor-column-gap-default\">\n\t\t\t\t\t<div class=\"elementor-column elementor-col-100 elementor-top-column elementor-element elementor-element-75eb741\" data-id=\"75eb741\" data-element_type=\"column\" data-e-type=\"column\">\n\t\t\t<div class=\"elementor-widget-wrap elementor-element-populated\">\n\t\t\t\t\t\t<div class=\"elementor-element elementor-element-0afbcdb elementor-widget elementor-widget-text-editor\" data-id=\"0afbcdb\" data-element_type=\"widget\" data-e-type=\"widget\" data-widget_type=\"text-editor.default\">\n\t\t\t\t<div class=\"elementor-widget-container\">\n\t\t\t\t\t\t\t\t\t<p><span style=\"font-weight: 400;\">Viva Magenta &#8211; der lebendige Rotton, der uns dieses Jahr begleitet, steht f\u00fcr <strong>Mut,<\/strong> <strong>Furchtlosigkeit, Lebensfreude und grenzenlosen Optimismus.<\/strong> Er soll inspirieren, \u00fcber eigene Grenzen hinauszuwachsen, Rebellion in uns wecken und ruft zu einem <strong>positiven Lebensgef\u00fchl<\/strong> auf. Zudem visualisiert Magenta die kraftvolle Verbindung zur Natur, da der Wunsch zu allem Nat\u00fcrlichen in den letzten Jahren stark gewachsen ist. Eine Farbe, die so viel <strong>Esprit und St\u00e4rke<\/strong> ausstrahlt, ist der passende Wegbegleiter in dieser herausfordernden Zeit. <\/span><span style=\"font-weight: 400;\">In einer offiziellen Stellungnahme von Pantone hei\u00dft es:<\/span><\/p><p><i><span style=\"font-weight: 400;\">Im Zeitalter der Technologie lassen wir uns von der Natur und dem Echten inspirieren. PANTONE 18-1750 Viva Magenta stammt aus der Familie der Rott\u00f6ne und ist inspiriert vom Rot der Cochenille, einem der wertvollsten Farbstoffe aus der Familie der nat\u00fcrlichen Farbstoffe und einem der st\u00e4rksten und leuchtendsten, die die Welt kennt. <\/span><\/i><i><span style=\"font-weight: 400;\">PANTONE 18-1750 Viva Magenta ist im Urspr\u00fcnglichen verwurzelt und bringt uns wieder mit der urspr\u00fcnglichen Materie in Verbindung. PANTONE 18-1750 Viva Magenta beschw\u00f6rt die Kr\u00e4fte der Natur herauf und belebt unseren Geist, indem es uns hilft, unsere innere St\u00e4rke zu entwickeln.<\/span><\/i><\/p><p><i><span style=\"font-weight: 400;\">Leatrice Eiseman, Gesch\u00e4ftsf\u00fchrende Direktorin, Pantone Color Institute<\/span><\/i><\/p>\t\t\t\t\t\t\t\t<\/div>\n\t\t\t\t<\/div>\n\t\t\t\t\t<\/div>\n\t\t<\/div>\n\t\t\t\t\t<\/div>\n\t\t<\/section>\n\t\t\t\t<section class=\"elementor-section elementor-top-section elementor-element elementor-element-1371ce6 elementor-section-boxed elementor-section-height-default elementor-section-height-default\" data-id=\"1371ce6\" data-element_type=\"section\" data-e-type=\"section\">\n\t\t\t\t\t\t<div class=\"elementor-container elementor-column-gap-default\">\n\t\t\t\t\t<div class=\"elementor-column elementor-col-100 elementor-top-column elementor-element elementor-element-9813e7e\" data-id=\"9813e7e\" data-element_type=\"column\" data-e-type=\"column\">\n\t\t\t<div class=\"elementor-widget-wrap elementor-element-populated\">\n\t\t\t\t\t\t<div class=\"elementor-element elementor-element-92e406a elementor-widget elementor-widget-heading\" data-id=\"92e406a\" data-element_type=\"widget\" data-e-type=\"widget\" id=\"trends\" data-widget_type=\"heading.default\">\n\t\t\t\t<div class=\"elementor-widget-container\">\n\t\t\t\t\t<h2 class=\"elementor-heading-title elementor-size-default\">Die besten Wohn- und Kunsttrends mit Viva Magenta<\/h2>\t\t\t\t<\/div>\n\t\t\t\t<\/div>\n\t\t\t\t\t<\/div>\n\t\t<\/div>\n\t\t\t\t\t<\/div>\n\t\t<\/section>\n\t\t\t\t<section class=\"elementor-section elementor-top-section elementor-element elementor-element-e9a3d42 elementor-section-boxed elementor-section-height-default elementor-section-height-default\" data-id=\"e9a3d42\" data-element_type=\"section\" data-e-type=\"section\">\n\t\t\t\t\t\t<div class=\"elementor-container elementor-column-gap-default\">\n\t\t\t\t\t<div class=\"elementor-column elementor-col-100 elementor-top-column elementor-element elementor-element-7d41be0\" data-id=\"7d41be0\" data-element_type=\"column\" data-e-type=\"column\">\n\t\t\t<div class=\"elementor-widget-wrap elementor-element-populated\">\n\t\t\t\t\t\t<div class=\"elementor-element elementor-element-21b5f8e elementor-widget elementor-widget-text-editor\" data-id=\"21b5f8e\" data-element_type=\"widget\" data-e-type=\"widget\" data-widget_type=\"text-editor.default\">\n\t\t\t\t<div class=\"elementor-widget-container\">\n\t\t\t\t\t\t\t\t\t<p><span style=\"font-weight: 400;\"><strong>Vitalit\u00e4t, Fortschreiten und Neubeginn<\/strong> &#8211; daf\u00fcr steht Viva Magenta. Zeit also, um mit dieser Farbe neues Leben in Ihr Zuhause zu bringen. Verabschieden Sie sich von Altlasten und Gegenst\u00e4nden, die nicht mehr zu Ihrem Einrichtungsstil passen und \u00f6ffnen Sie sich neuen Trends, die sich positiv auf das gesamte Raumdesign und damit auf Ihre Stimmung auswirken. Schon mit kleinen \u00c4nderungen erreichen Sie die charakteristische Atmosph\u00e4re, die von dieser <strong>lebensbejahenden Farbe<\/strong> ausgeht. Wir geben Ihnen Einrichtungstipps, die Ihnen zeigen, wie Viva Magenta Ihren Wohnraum im Nu auffrischt.<\/span><\/p>\t\t\t\t\t\t\t\t<\/div>\n\t\t\t\t<\/div>\n\t\t\t\t\t<\/div>\n\t\t<\/div>\n\t\t\t\t\t<\/div>\n\t\t<\/section>\n\t\t\t\t<section class=\"elementor-section elementor-top-section elementor-element elementor-element-52a63c9 elementor-section-boxed elementor-section-height-default elementor-section-height-default\" data-id=\"52a63c9\" data-element_type=\"section\" data-e-type=\"section\">\n\t\t\t\t\t\t<div class=\"elementor-container elementor-column-gap-default\">\n\t\t\t\t\t<div class=\"elementor-column elementor-col-100 elementor-top-column elementor-element elementor-element-6320502\" data-id=\"6320502\" data-element_type=\"column\" data-e-type=\"column\">\n\t\t\t<div class=\"elementor-widget-wrap elementor-element-populated\">\n\t\t\t\t\t\t<div class=\"elementor-element elementor-element-25d81bc elementor-widget elementor-widget-heading\" data-id=\"25d81bc\" data-element_type=\"widget\" data-e-type=\"widget\" data-widget_type=\"heading.default\">\n\t\t\t\t<div class=\"elementor-widget-container\">\n\t\t\t\t\t<h3 class=\"elementor-heading-title elementor-size-default\">Gute Laune an der Wand<\/h3>\t\t\t\t<\/div>\n\t\t\t\t<\/div>\n\t\t\t\t\t<\/div>\n\t\t<\/div>\n\t\t\t\t\t<\/div>\n\t\t<\/section>\n\t\t\t\t<section class=\"elementor-section elementor-top-section elementor-element elementor-element-6297434 elementor-section-boxed elementor-section-height-default elementor-section-height-default\" data-id=\"6297434\" data-element_type=\"section\" data-e-type=\"section\">\n\t\t\t\t\t\t<div class=\"elementor-container elementor-column-gap-default\">\n\t\t\t\t\t<div class=\"elementor-column elementor-col-100 elementor-top-column elementor-element elementor-element-76a1866\" data-id=\"76a1866\" data-element_type=\"column\" data-e-type=\"column\">\n\t\t\t<div class=\"elementor-widget-wrap elementor-element-populated\">\n\t\t\t\t\t\t<div class=\"elementor-element elementor-element-e1301dc elementor-widget elementor-widget-text-editor\" data-id=\"e1301dc\" data-element_type=\"widget\" data-e-type=\"widget\" data-widget_type=\"text-editor.default\">\n\t\t\t\t<div class=\"elementor-widget-container\">\n\t\t\t\t\t\t\t\t\t<p><span style=\"font-weight: 400;\">Viva Magenta als Wandfarbe ist ein <strong>aussagekr\u00e4ftiges Statement,<\/strong> das Mut zur Farbe zeigt. Es verleiht Ihrem Zuhause eine Atmosph\u00e4re, die voller Elan und Zuversicht steckt. Wichtig bei der Gestaltung ist, dass sich M\u00f6bel, Wohnaccessoires und Wanddekoration farblich zur\u00fcckhalten, damit die Wandfarbe ihre volle Wirkung zeigen kann und der Wohnraum nicht durch zu viel Farbenvielfalt zu unruhig wirkt. M\u00f6bel in gedecktem Beige und Grau sind nicht nur im Trend, sie sind die perfekte Erg\u00e4nzung zum leuchtenden Magenta. Was sich ebenfalls anbietet, sind Kombinationen in der gleichen Farbe, z. B. ein Sofa im gleichen Farbton, das als Gegenst\u00fcck vor der Wand platziert wird.<\/span><\/p><p><b>Tipp: <\/b><span style=\"font-weight: 400;\">Statt eine Wand im auff\u00e4lligen Viva Magenta zu streichen, k\u00f6nnen Sie auch alternativ eine <\/span><a href=\"https:\/\/www.kunstloft.de\/7598-wandtapete-colour-network-1\/\"><span style=\"font-weight: 400;\">Wandtapete<\/span><\/a><span style=\"font-weight: 400;\"> mit abstrakter Motivik oder floraler Optik als Hingucker verwenden. Diese l\u00e4sst sich nach Lust und Laune auch r\u00fcckstandslos wieder entfernen. Entdecken Sie die vielf\u00e4ltige Kollektion an Tapeten f\u00fcr die Wand bei KunstLoft!<\/span><\/p>\t\t\t\t\t\t\t\t<\/div>\n\t\t\t\t<\/div>\n\t\t\t\t\t<\/div>\n\t\t<\/div>\n\t\t\t\t\t<\/div>\n\t\t<\/section>\n\t\t\t\t<section class=\"elementor-section elementor-top-section elementor-element elementor-element-474cbf6 elementor-section-boxed elementor-section-height-default elementor-section-height-default\" data-id=\"474cbf6\" data-element_type=\"section\" data-e-type=\"section\">\n\t\t\t\t\t\t<div class=\"elementor-container elementor-column-gap-default\">\n\t\t\t\t\t<div class=\"elementor-column elementor-col-100 elementor-top-column elementor-element elementor-element-a0b3945\" data-id=\"a0b3945\" data-element_type=\"column\" data-e-type=\"column\">\n\t\t\t<div class=\"elementor-widget-wrap elementor-element-populated\">\n\t\t\t\t\t\t<div class=\"elementor-element elementor-element-69a7373 elementor-widget elementor-widget-image\" data-id=\"69a7373\" data-element_type=\"widget\" data-e-type=\"widget\" data-widget_type=\"image.default\">\n\t\t\t\t<div class=\"elementor-widget-container\">\n\t\t\t\t\t\t\t\t\t\t\t\t\t\t\t<img loading=\"lazy\" decoding=\"async\" width=\"950\" height=\"644\" src=\"https:\/\/www.kunstloft.de\/magazin\/wp-content\/uploads\/2023\/01\/A-chic-magenta-toned-living-room-with-a-white-sofa-magenta-cushions-floral-accents-and-cherry-blossom-wall-art-1024x694.png\" class=\"attachment-large size-large wp-image-47492\" alt=\"Ein schickes magentafarbenes Wohnzimmer mit wei\u00dfem Sofa, magentafarbenen Kissen, floralen Akzenten und Kirschbl\u00fcten-Wandkunst\" srcset=\"https:\/\/www.kunstloft.de\/magazin\/wp-content\/uploads\/2023\/01\/A-chic-magenta-toned-living-room-with-a-white-sofa-magenta-cushions-floral-accents-and-cherry-blossom-wall-art-1024x694.png 1024w, https:\/\/www.kunstloft.de\/magazin\/wp-content\/uploads\/2023\/01\/A-chic-magenta-toned-living-room-with-a-white-sofa-magenta-cushions-floral-accents-and-cherry-blossom-wall-art-300x203.png 300w, https:\/\/www.kunstloft.de\/magazin\/wp-content\/uploads\/2023\/01\/A-chic-magenta-toned-living-room-with-a-white-sofa-magenta-cushions-floral-accents-and-cherry-blossom-wall-art-768x521.png 768w, https:\/\/www.kunstloft.de\/magazin\/wp-content\/uploads\/2023\/01\/A-chic-magenta-toned-living-room-with-a-white-sofa-magenta-cushions-floral-accents-and-cherry-blossom-wall-art-640x434.png 640w, https:\/\/www.kunstloft.de\/magazin\/wp-content\/uploads\/2023\/01\/A-chic-magenta-toned-living-room-with-a-white-sofa-magenta-cushions-floral-accents-and-cherry-blossom-wall-art.png 1180w\" sizes=\"100vw\" \/>\t\t\t\t\t\t\t\t\t\t\t\t\t\t\t<\/div>\n\t\t\t\t<\/div>\n\t\t\t\t<div class=\"elementor-element elementor-element-958ef13 elementor-widget elementor-widget-spacer\" data-id=\"958ef13\" data-element_type=\"widget\" data-e-type=\"widget\" data-widget_type=\"spacer.default\">\n\t\t\t\t<div class=\"elementor-widget-container\">\n\t\t\t\t\t\t\t<div class=\"elementor-spacer\">\n\t\t\t<div class=\"elementor-spacer-inner\"><\/div>\n\t\t<\/div>\n\t\t\t\t\t\t<\/div>\n\t\t\t\t<\/div>\n\t\t\t\t\t<\/div>\n\t\t<\/div>\n\t\t\t\t\t<\/div>\n\t\t<\/section>\n\t\t\t\t<section class=\"elementor-section elementor-top-section elementor-element elementor-element-127864f elementor-section-boxed elementor-section-height-default elementor-section-height-default\" data-id=\"127864f\" data-element_type=\"section\" data-e-type=\"section\">\n\t\t\t\t\t\t<div class=\"elementor-container elementor-column-gap-default\">\n\t\t\t\t\t<div class=\"elementor-column elementor-col-33 elementor-top-column elementor-element elementor-element-99a7bc1\" data-id=\"99a7bc1\" data-element_type=\"column\" data-e-type=\"column\">\n\t\t\t<div class=\"elementor-widget-wrap elementor-element-populated\">\n\t\t\t\t\t\t<div class=\"elementor-element elementor-element-ce215d2 elementor-widget elementor-widget-image\" data-id=\"ce215d2\" data-element_type=\"widget\" data-e-type=\"widget\" data-widget_type=\"image.default\">\n\t\t\t\t<div class=\"elementor-widget-container\">\n\t\t\t\t\t\t\t\t\t\t\t\t\t\t\t\t<a href=\"https:\/\/www.kunstloft.de\/8427-wandtapete-metropolian-stories-3\/\" target=\"_blank\">\n\t\t\t\t\t\t\t<img loading=\"lazy\" decoding=\"async\" width=\"600\" height=\"540\" src=\"https:\/\/www.kunstloft.de\/magazin\/wp-content\/uploads\/2023\/01\/Tapete-Metropolitan-Stories-3.webp\" class=\"attachment-large size-large wp-image-47500\" alt=\"Tapete &#039;Metropolitan Stories 3&#039;\" srcset=\"https:\/\/www.kunstloft.de\/magazin\/wp-content\/uploads\/2023\/01\/Tapete-Metropolitan-Stories-3.webp 600w, https:\/\/www.kunstloft.de\/magazin\/wp-content\/uploads\/2023\/01\/Tapete-Metropolitan-Stories-3-300x270.webp 300w\" sizes=\"100vw\" \/>\t\t\t\t\t\t\t\t<\/a>\n\t\t\t\t\t\t\t\t\t\t\t\t\t\t\t<\/div>\n\t\t\t\t<\/div>\n\t\t\t\t<div class=\"elementor-element elementor-element-8b2fd5c elementor-widget elementor-widget-text-editor\" data-id=\"8b2fd5c\" data-element_type=\"widget\" data-e-type=\"widget\" data-widget_type=\"text-editor.default\">\n\t\t\t\t<div class=\"elementor-widget-container\">\n\t\t\t\t\t\t\t\t\t<p><a href=\"https:\/\/www.kunstloft.de\/8427-wandtapete-metropolian-stories-3\/\" target=\"_blank\" rel=\"noopener\">Tapete &#8218;Metropolitan Stories 3&#8216;<\/a><\/p>\t\t\t\t\t\t\t\t<\/div>\n\t\t\t\t<\/div>\n\t\t\t\t\t<\/div>\n\t\t<\/div>\n\t\t\t\t<div class=\"elementor-column elementor-col-33 elementor-top-column elementor-element elementor-element-78e0889\" data-id=\"78e0889\" data-element_type=\"column\" data-e-type=\"column\">\n\t\t\t<div class=\"elementor-widget-wrap elementor-element-populated\">\n\t\t\t\t\t\t<div class=\"elementor-element elementor-element-31c84ce elementor-widget elementor-widget-image\" data-id=\"31c84ce\" data-element_type=\"widget\" data-e-type=\"widget\" data-widget_type=\"image.default\">\n\t\t\t\t<div class=\"elementor-widget-container\">\n\t\t\t\t\t\t\t\t\t\t\t\t\t\t\t\t<a href=\"https:\/\/www.kunstloft.de\/8364-wandtapete-versailles-12\/\" target=\"_blank\">\n\t\t\t\t\t\t\t<img loading=\"lazy\" decoding=\"async\" width=\"600\" height=\"540\" src=\"https:\/\/www.kunstloft.de\/magazin\/wp-content\/uploads\/2023\/01\/Tapete-Versailles-12.webp\" class=\"attachment-large size-large wp-image-47499\" alt=\"Tapete &#039;Versailles 12&#039;\" srcset=\"https:\/\/www.kunstloft.de\/magazin\/wp-content\/uploads\/2023\/01\/Tapete-Versailles-12.webp 600w, https:\/\/www.kunstloft.de\/magazin\/wp-content\/uploads\/2023\/01\/Tapete-Versailles-12-300x270.webp 300w\" sizes=\"100vw\" \/>\t\t\t\t\t\t\t\t<\/a>\n\t\t\t\t\t\t\t\t\t\t\t\t\t\t\t<\/div>\n\t\t\t\t<\/div>\n\t\t\t\t<div class=\"elementor-element elementor-element-c18c82f elementor-widget elementor-widget-text-editor\" data-id=\"c18c82f\" data-element_type=\"widget\" data-e-type=\"widget\" data-widget_type=\"text-editor.default\">\n\t\t\t\t<div class=\"elementor-widget-container\">\n\t\t\t\t\t\t\t\t\t<p><a href=\"https:\/\/www.kunstloft.de\/8364-wandtapete-versailles-12\/\" target=\"_blank\" rel=\"noopener\">Tapete &#8218;Versailles 12&#8216;<\/a><\/p>\t\t\t\t\t\t\t\t<\/div>\n\t\t\t\t<\/div>\n\t\t\t\t\t<\/div>\n\t\t<\/div>\n\t\t\t\t<div class=\"elementor-column elementor-col-33 elementor-top-column elementor-element elementor-element-5243595\" data-id=\"5243595\" data-element_type=\"column\" data-e-type=\"column\">\n\t\t\t<div class=\"elementor-widget-wrap elementor-element-populated\">\n\t\t\t\t\t\t<div class=\"elementor-element elementor-element-44b7059 elementor-widget elementor-widget-image\" data-id=\"44b7059\" data-element_type=\"widget\" data-e-type=\"widget\" data-widget_type=\"image.default\">\n\t\t\t\t<div class=\"elementor-widget-container\">\n\t\t\t\t\t\t\t\t\t\t\t\t\t\t\t\t<a href=\"https:\/\/www.kunstloft.de\/8433-wandtapete-50s-glam-4\/\" target=\"_blank\">\n\t\t\t\t\t\t\t<img loading=\"lazy\" decoding=\"async\" width=\"600\" height=\"540\" src=\"https:\/\/www.kunstloft.de\/magazin\/wp-content\/uploads\/2023\/01\/Tapete-50s-Glam-4.webp\" class=\"attachment-large size-large wp-image-47498\" alt=\"Tapete &#039;50&#039;s Glam 4&#039;\" srcset=\"https:\/\/www.kunstloft.de\/magazin\/wp-content\/uploads\/2023\/01\/Tapete-50s-Glam-4.webp 600w, https:\/\/www.kunstloft.de\/magazin\/wp-content\/uploads\/2023\/01\/Tapete-50s-Glam-4-300x270.webp 300w\" sizes=\"100vw\" \/>\t\t\t\t\t\t\t\t<\/a>\n\t\t\t\t\t\t\t\t\t\t\t\t\t\t\t<\/div>\n\t\t\t\t<\/div>\n\t\t\t\t<div class=\"elementor-element elementor-element-90c2ded elementor-widget elementor-widget-text-editor\" data-id=\"90c2ded\" data-element_type=\"widget\" data-e-type=\"widget\" data-widget_type=\"text-editor.default\">\n\t\t\t\t<div class=\"elementor-widget-container\">\n\t\t\t\t\t\t\t\t\t<p><a href=\"https:\/\/www.kunstloft.de\/8433-wandtapete-50s-glam-4\/\" target=\"_blank\" rel=\"noopener\">Tapete &#8217;50&#8217;s Glam 4&#8242;<\/a><\/p>\t\t\t\t\t\t\t\t<\/div>\n\t\t\t\t<\/div>\n\t\t\t\t\t<\/div>\n\t\t<\/div>\n\t\t\t\t\t<\/div>\n\t\t<\/section>\n\t\t\t\t<section class=\"elementor-section elementor-top-section elementor-element elementor-element-11569be elementor-section-boxed elementor-section-height-default elementor-section-height-default\" data-id=\"11569be\" data-element_type=\"section\" data-e-type=\"section\">\n\t\t\t\t\t\t<div class=\"elementor-container elementor-column-gap-default\">\n\t\t\t\t\t<div class=\"elementor-column elementor-col-100 elementor-top-column elementor-element elementor-element-486a052\" data-id=\"486a052\" data-element_type=\"column\" data-e-type=\"column\">\n\t\t\t<div class=\"elementor-widget-wrap elementor-element-populated\">\n\t\t\t\t\t\t<div class=\"elementor-element elementor-element-5447e2a elementor-widget elementor-widget-spacer\" data-id=\"5447e2a\" data-element_type=\"widget\" data-e-type=\"widget\" data-widget_type=\"spacer.default\">\n\t\t\t\t<div class=\"elementor-widget-container\">\n\t\t\t\t\t\t\t<div class=\"elementor-spacer\">\n\t\t\t<div class=\"elementor-spacer-inner\"><\/div>\n\t\t<\/div>\n\t\t\t\t\t\t<\/div>\n\t\t\t\t<\/div>\n\t\t\t\t\t<\/div>\n\t\t<\/div>\n\t\t\t\t\t<\/div>\n\t\t<\/section>\n\t\t\t\t<section class=\"elementor-section elementor-top-section elementor-element elementor-element-d4f65f9 elementor-section-boxed elementor-section-height-default elementor-section-height-default\" data-id=\"d4f65f9\" data-element_type=\"section\" data-e-type=\"section\">\n\t\t\t\t\t\t<div class=\"elementor-container elementor-column-gap-default\">\n\t\t\t\t\t<div class=\"elementor-column elementor-col-100 elementor-top-column elementor-element elementor-element-1b98f73\" data-id=\"1b98f73\" data-element_type=\"column\" data-e-type=\"column\">\n\t\t\t<div class=\"elementor-widget-wrap elementor-element-populated\">\n\t\t\t\t\t\t<div class=\"elementor-element elementor-element-a146611 elementor-widget elementor-widget-heading\" data-id=\"a146611\" data-element_type=\"widget\" data-e-type=\"widget\" data-widget_type=\"heading.default\">\n\t\t\t\t<div class=\"elementor-widget-container\">\n\t\t\t\t\t<h3 class=\"elementor-heading-title elementor-size-default\">Highlights setzen mit M\u00f6belst\u00fccken\n<\/h3>\t\t\t\t<\/div>\n\t\t\t\t<\/div>\n\t\t\t\t\t<\/div>\n\t\t<\/div>\n\t\t\t\t\t<\/div>\n\t\t<\/section>\n\t\t\t\t<section class=\"elementor-section elementor-top-section elementor-element elementor-element-f2ff267 elementor-section-boxed elementor-section-height-default elementor-section-height-default\" data-id=\"f2ff267\" data-element_type=\"section\" data-e-type=\"section\">\n\t\t\t\t\t\t<div class=\"elementor-container elementor-column-gap-default\">\n\t\t\t\t\t<div class=\"elementor-column elementor-col-100 elementor-top-column elementor-element elementor-element-32b5e4c\" data-id=\"32b5e4c\" data-element_type=\"column\" data-e-type=\"column\">\n\t\t\t<div class=\"elementor-widget-wrap elementor-element-populated\">\n\t\t\t\t\t\t<div class=\"elementor-element elementor-element-fd6619c elementor-widget elementor-widget-text-editor\" data-id=\"fd6619c\" data-element_type=\"widget\" data-e-type=\"widget\" data-widget_type=\"text-editor.default\">\n\t\t\t\t<div class=\"elementor-widget-container\">\n\t\t\t\t\t\t\t\t\t<p><span style=\"font-weight: 400;\">F\u00fcr den <strong>Gute-Laune-Vibe<\/strong> brauchen Sie nicht unbedingt Ihre Wandfarbe \u00e4ndern. Setzen Sie ein Highlight mit einem modernen M\u00f6belst\u00fcck wie einem Sessel, Sofa, Pouf oder Tisch in Viva Magenta. Je nachdem, wie ausgepr\u00e4gt der Effekt sein sollte, k\u00f6nnen Sie eine komplette Sitzgruppe in diesem Farbton halten oder auch nur einen Hocker. Wichtig ist aber wieder, dass die restliche Einrichtung dazu passt. Harmonisch wirkt ein Mobiliar und Dekor in der gleichen Farbfamilie oder in naturfarbener Holzoptik. Ebenfalls bilden M\u00f6bel in Kontrastfarben wie Gr\u00fcn oder Gelb eine interessante Zusammenstellung.<\/span><\/p>\t\t\t\t\t\t\t\t<\/div>\n\t\t\t\t<\/div>\n\t\t\t\t\t<\/div>\n\t\t<\/div>\n\t\t\t\t\t<\/div>\n\t\t<\/section>\n\t\t\t\t<section class=\"elementor-section elementor-top-section elementor-element elementor-element-6c1f5c6 elementor-section-boxed elementor-section-height-default elementor-section-height-default\" data-id=\"6c1f5c6\" data-element_type=\"section\" data-e-type=\"section\">\n\t\t\t\t\t\t<div class=\"elementor-container elementor-column-gap-default\">\n\t\t\t\t\t<div class=\"elementor-column elementor-col-100 elementor-top-column elementor-element elementor-element-e3db9a4\" data-id=\"e3db9a4\" data-element_type=\"column\" data-e-type=\"column\">\n\t\t\t<div class=\"elementor-widget-wrap elementor-element-populated\">\n\t\t\t\t\t\t<div class=\"elementor-element elementor-element-bc6ceb5 elementor-widget elementor-widget-image\" data-id=\"bc6ceb5\" data-element_type=\"widget\" data-e-type=\"widget\" data-widget_type=\"image.default\">\n\t\t\t\t<div class=\"elementor-widget-container\">\n\t\t\t\t\t\t\t\t\t\t\t\t\t\t\t<img loading=\"lazy\" decoding=\"async\" width=\"950\" height=\"950\" src=\"https:\/\/www.kunstloft.de\/magazin\/wp-content\/uploads\/2023\/01\/Minimalistisches-Wohnzimmer-mit-einem-magentafarbenen-Sofa-schwarzen-Waenden-Chevron-Kissen-und-gruenen-Akzenten.png\" class=\"attachment-large size-large wp-image-47497\" alt=\"Minimalistisches Wohnzimmer mit einem magentafarbenen Sofa, schwarzen W\u00e4nden, Chevron-Kissen und gr\u00fcnen Akzenten\" srcset=\"https:\/\/www.kunstloft.de\/magazin\/wp-content\/uploads\/2023\/01\/Minimalistisches-Wohnzimmer-mit-einem-magentafarbenen-Sofa-schwarzen-Waenden-Chevron-Kissen-und-gruenen-Akzenten.png 1024w, https:\/\/www.kunstloft.de\/magazin\/wp-content\/uploads\/2023\/01\/Minimalistisches-Wohnzimmer-mit-einem-magentafarbenen-Sofa-schwarzen-Waenden-Chevron-Kissen-und-gruenen-Akzenten-300x300.png 300w, https:\/\/www.kunstloft.de\/magazin\/wp-content\/uploads\/2023\/01\/Minimalistisches-Wohnzimmer-mit-einem-magentafarbenen-Sofa-schwarzen-Waenden-Chevron-Kissen-und-gruenen-Akzenten-150x150.png 150w, https:\/\/www.kunstloft.de\/magazin\/wp-content\/uploads\/2023\/01\/Minimalistisches-Wohnzimmer-mit-einem-magentafarbenen-Sofa-schwarzen-Waenden-Chevron-Kissen-und-gruenen-Akzenten-768x768.png 768w, https:\/\/www.kunstloft.de\/magazin\/wp-content\/uploads\/2023\/01\/Minimalistisches-Wohnzimmer-mit-einem-magentafarbenen-Sofa-schwarzen-Waenden-Chevron-Kissen-und-gruenen-Akzenten-640x640.png 640w\" sizes=\"100vw\" \/>\t\t\t\t\t\t\t\t\t\t\t\t\t\t\t<\/div>\n\t\t\t\t<\/div>\n\t\t\t\t\t<\/div>\n\t\t<\/div>\n\t\t\t\t\t<\/div>\n\t\t<\/section>\n\t\t\t\t<section class=\"elementor-section elementor-top-section elementor-element elementor-element-6757514 elementor-section-boxed elementor-section-height-default elementor-section-height-default\" data-id=\"6757514\" data-element_type=\"section\" data-e-type=\"section\">\n\t\t\t\t\t\t<div class=\"elementor-container elementor-column-gap-default\">\n\t\t\t\t\t<div class=\"elementor-column elementor-col-100 elementor-top-column elementor-element elementor-element-a615aae\" data-id=\"a615aae\" data-element_type=\"column\" data-e-type=\"column\">\n\t\t\t<div class=\"elementor-widget-wrap elementor-element-populated\">\n\t\t\t\t\t\t<div class=\"elementor-element elementor-element-687cbdd elementor-widget elementor-widget-spacer\" data-id=\"687cbdd\" data-element_type=\"widget\" data-e-type=\"widget\" data-widget_type=\"spacer.default\">\n\t\t\t\t<div class=\"elementor-widget-container\">\n\t\t\t\t\t\t\t<div class=\"elementor-spacer\">\n\t\t\t<div class=\"elementor-spacer-inner\"><\/div>\n\t\t<\/div>\n\t\t\t\t\t\t<\/div>\n\t\t\t\t<\/div>\n\t\t\t\t\t<\/div>\n\t\t<\/div>\n\t\t\t\t\t<\/div>\n\t\t<\/section>\n\t\t\t\t<section class=\"elementor-section elementor-top-section elementor-element elementor-element-b93de22 elementor-section-boxed elementor-section-height-default elementor-section-height-default\" data-id=\"b93de22\" data-element_type=\"section\" data-e-type=\"section\">\n\t\t\t\t\t\t<div class=\"elementor-container elementor-column-gap-default\">\n\t\t\t\t\t<div class=\"elementor-column elementor-col-100 elementor-top-column elementor-element elementor-element-3ef21ef\" data-id=\"3ef21ef\" data-element_type=\"column\" data-e-type=\"column\">\n\t\t\t<div class=\"elementor-widget-wrap elementor-element-populated\">\n\t\t\t\t\t\t<div class=\"elementor-element elementor-element-d65d018 elementor-widget elementor-widget-heading\" data-id=\"d65d018\" data-element_type=\"widget\" data-e-type=\"widget\" data-widget_type=\"heading.default\">\n\t\t\t\t<div class=\"elementor-widget-container\">\n\t\t\t\t\t<h3 class=\"elementor-heading-title elementor-size-default\">Visuelle Wirkung mit Kunst<\/h3>\t\t\t\t<\/div>\n\t\t\t\t<\/div>\n\t\t\t\t\t<\/div>\n\t\t<\/div>\n\t\t\t\t\t<\/div>\n\t\t<\/section>\n\t\t\t\t<section class=\"elementor-section elementor-top-section elementor-element elementor-element-2ab1a79 elementor-section-boxed elementor-section-height-default elementor-section-height-default\" data-id=\"2ab1a79\" data-element_type=\"section\" data-e-type=\"section\">\n\t\t\t\t\t\t<div class=\"elementor-container elementor-column-gap-default\">\n\t\t\t\t\t<div class=\"elementor-column elementor-col-100 elementor-top-column elementor-element elementor-element-6595f13\" data-id=\"6595f13\" data-element_type=\"column\" data-e-type=\"column\">\n\t\t\t<div class=\"elementor-widget-wrap elementor-element-populated\">\n\t\t\t\t\t\t<div class=\"elementor-element elementor-element-c60bc4c elementor-widget elementor-widget-text-editor\" data-id=\"c60bc4c\" data-element_type=\"widget\" data-e-type=\"widget\" data-widget_type=\"text-editor.default\">\n\t\t\t\t<div class=\"elementor-widget-container\">\n\t\t\t\t\t\t\t\t\t<p><span style=\"font-weight: 400;\">Besonders wirkungsvoll l\u00e4sst sich die energiegeladene Farbe, die zwischen Pink und Rot liegt, in Form von Kunstwerken umsetzen. Gem\u00e4lde, Skulpturen und Co. sind Einrichtungselemente, die wichtig f\u00fcr die Atmosph\u00e4re sind. Je nach Motivik und Farbgebung beeinflussen sie die Stimmung der Anwesenden. Mit Leinwandbildern in Viva Magenta bringen Sie <strong>energiereiche Freude<\/strong> ins Zuhause. Vor allem im Wohnzimmer oder im B\u00fcro bieten sich Kunstwerke in diesem Ton an. Egal ob Flamingos in leuchtendem Pink, Kompositionen mit Blumen oder aussagekr\u00e4ftige Motive im abstrakten Stil &#8211; Bilder und Wanddekorationen in der Trendfarbe wirken motivierend und gleichzeitig harmonisch. Lassen Sie sich hierbei auch von dem <a href=\"https:\/\/www.kunstloft.de\/kollektion\/?p=2&amp;o=2&amp;n=24&amp;f=31\">abwechslungsreichen Portfolio von KunstLoft<\/a> inspirieren.\u00a0<\/span><\/p><p><b>Tipp: <\/b>Ein Gem\u00e4lde oder eine Wanddeko im Farbton Viva Magenta sieht sehr modern aus in Kombination mit einer Wand im Betonlook.<\/p>\t\t\t\t\t\t\t\t<\/div>\n\t\t\t\t<\/div>\n\t\t\t\t\t<\/div>\n\t\t<\/div>\n\t\t\t\t\t<\/div>\n\t\t<\/section>\n\t\t\t\t<section class=\"elementor-section elementor-top-section elementor-element elementor-element-6a8f64d elementor-section-boxed elementor-section-height-default elementor-section-height-default\" data-id=\"6a8f64d\" data-element_type=\"section\" data-e-type=\"section\">\n\t\t\t\t\t\t<div class=\"elementor-container elementor-column-gap-default\">\n\t\t\t\t\t<div class=\"elementor-column elementor-col-100 elementor-top-column elementor-element elementor-element-09074f4\" data-id=\"09074f4\" data-element_type=\"column\" data-e-type=\"column\">\n\t\t\t<div class=\"elementor-widget-wrap elementor-element-populated\">\n\t\t\t\t\t\t<div class=\"elementor-element elementor-element-b783a32 elementor-widget elementor-widget-image\" data-id=\"b783a32\" data-element_type=\"widget\" data-e-type=\"widget\" data-widget_type=\"image.default\">\n\t\t\t\t<div class=\"elementor-widget-container\">\n\t\t\t\t\t\t\t\t\t\t\t\t\t\t\t\t<a href=\"https:\/\/www.kunstloft.de\/1253-oel-gemaelde-adoration\/\">\n\t\t\t\t\t\t\t<img loading=\"lazy\" decoding=\"async\" width=\"950\" height=\"699\" src=\"https:\/\/www.kunstloft.de\/magazin\/wp-content\/uploads\/2023\/01\/Wohnszene-1-1-1024x753.jpg\" class=\"elementor-animation-grow attachment-large size-large wp-image-47507\" alt=\"Wohnszene-1\" srcset=\"https:\/\/www.kunstloft.de\/magazin\/wp-content\/uploads\/2023\/01\/Wohnszene-1-1-1024x753.jpg 1024w, https:\/\/www.kunstloft.de\/magazin\/wp-content\/uploads\/2023\/01\/Wohnszene-1-1-300x220.jpg 300w, https:\/\/www.kunstloft.de\/magazin\/wp-content\/uploads\/2023\/01\/Wohnszene-1-1-768x564.jpg 768w, https:\/\/www.kunstloft.de\/magazin\/wp-content\/uploads\/2023\/01\/Wohnszene-1-1-1536x1129.jpg 1536w, https:\/\/www.kunstloft.de\/magazin\/wp-content\/uploads\/2023\/01\/Wohnszene-1-1-640x470.jpg 640w, https:\/\/www.kunstloft.de\/magazin\/wp-content\/uploads\/2023\/01\/Wohnszene-1-1.jpg 1920w\" sizes=\"100vw\" \/>\t\t\t\t\t\t\t\t<\/a>\n\t\t\t\t\t\t\t\t\t\t\t\t\t\t\t<\/div>\n\t\t\t\t<\/div>\n\t\t\t\t\t<\/div>\n\t\t<\/div>\n\t\t\t\t\t<\/div>\n\t\t<\/section>\n\t\t\t\t<section class=\"elementor-section elementor-top-section elementor-element elementor-element-dca0354 elementor-section-boxed elementor-section-height-default elementor-section-height-default\" data-id=\"dca0354\" data-element_type=\"section\" data-e-type=\"section\">\n\t\t\t\t\t\t<div class=\"elementor-container elementor-column-gap-default\">\n\t\t\t\t\t<div class=\"elementor-column elementor-col-100 elementor-top-column elementor-element elementor-element-43002a6\" data-id=\"43002a6\" data-element_type=\"column\" data-e-type=\"column\">\n\t\t\t<div class=\"elementor-widget-wrap elementor-element-populated\">\n\t\t\t\t\t\t<div class=\"elementor-element elementor-element-1e12e73 elementor-widget elementor-widget-spacer\" data-id=\"1e12e73\" data-element_type=\"widget\" data-e-type=\"widget\" data-widget_type=\"spacer.default\">\n\t\t\t\t<div class=\"elementor-widget-container\">\n\t\t\t\t\t\t\t<div class=\"elementor-spacer\">\n\t\t\t<div class=\"elementor-spacer-inner\"><\/div>\n\t\t<\/div>\n\t\t\t\t\t\t<\/div>\n\t\t\t\t<\/div>\n\t\t\t\t\t<\/div>\n\t\t<\/div>\n\t\t\t\t\t<\/div>\n\t\t<\/section>\n\t\t\t\t<section class=\"elementor-section elementor-top-section elementor-element elementor-element-d50ed4a elementor-section-boxed elementor-section-height-default elementor-section-height-default\" data-id=\"d50ed4a\" data-element_type=\"section\" data-e-type=\"section\">\n\t\t\t\t\t\t<div class=\"elementor-container elementor-column-gap-default\">\n\t\t\t\t\t<div class=\"elementor-column elementor-col-100 elementor-top-column elementor-element elementor-element-a7c2112\" data-id=\"a7c2112\" data-element_type=\"column\" data-e-type=\"column\">\n\t\t\t<div class=\"elementor-widget-wrap elementor-element-populated\">\n\t\t\t\t\t\t<div class=\"elementor-element elementor-element-1a69f31 elementor-widget elementor-widget-text-editor\" data-id=\"1a69f31\" data-element_type=\"widget\" data-e-type=\"widget\" data-widget_type=\"text-editor.default\">\n\t\t\t\t<div class=\"elementor-widget-container\">\n\t\t\t\t\t\t\t\t\t<p><span style=\"font-weight: 400;\">Dieses <a href=\"https:\/\/www.kunstloft.de\/1253-oel-gemaelde-adoration\/\">XXL-\u00d6lbild<\/a> hat es in sich. Auf beeindruckenden Format ist das Viva Magenta, das hier in einem <strong>leuchtenden Pinkton<\/strong> vertreten ist, ein absoluter Blickfang. Auf dem auff\u00e4lligen Hintergrund zeigt sich in kontrastivem Schwarz, Wei\u00df und Blau eine Komposition im abstrakten Stil. Die Kombination der verschiedenen Farbt\u00f6ne und die minimalistische Motivik geben dem Kunstwerk eine <strong>moderne Ausstrahlung,<\/strong> die mit einer schlicht gehaltenen Einrichtung perfekt harmoniert.<\/span><\/p>\t\t\t\t\t\t\t\t<\/div>\n\t\t\t\t<\/div>\n\t\t\t\t\t<\/div>\n\t\t<\/div>\n\t\t\t\t\t<\/div>\n\t\t<\/section>\n\t\t\t\t<section class=\"elementor-section elementor-top-section elementor-element elementor-element-3ca473d elementor-section-boxed elementor-section-height-default elementor-section-height-default\" data-id=\"3ca473d\" data-element_type=\"section\" data-e-type=\"section\">\n\t\t\t\t\t\t<div class=\"elementor-container elementor-column-gap-default\">\n\t\t\t\t\t<div class=\"elementor-column elementor-col-100 elementor-top-column elementor-element elementor-element-314a271\" data-id=\"314a271\" data-element_type=\"column\" data-e-type=\"column\">\n\t\t\t<div class=\"elementor-widget-wrap elementor-element-populated\">\n\t\t\t\t\t\t<div class=\"elementor-element elementor-element-cd4df92 elementor-widget elementor-widget-image\" data-id=\"cd4df92\" data-element_type=\"widget\" data-e-type=\"widget\" data-widget_type=\"image.default\">\n\t\t\t\t<div class=\"elementor-widget-container\">\n\t\t\t\t\t\t\t\t\t\t\t\t\t\t\t\t<a href=\"https:\/\/www.kunstloft.de\/2437-acryl-gemaelde-paradigmen\/\">\n\t\t\t\t\t\t\t<img loading=\"lazy\" decoding=\"async\" width=\"950\" height=\"675\" src=\"https:\/\/www.kunstloft.de\/magazin\/wp-content\/uploads\/2023\/01\/Magenta-1-1024x728.png\" class=\"elementor-animation-grow attachment-large size-large wp-image-1984\" alt=\"\" srcset=\"https:\/\/www.kunstloft.de\/magazin\/wp-content\/uploads\/2023\/01\/Magenta-1-1024x728.png 1024w, https:\/\/www.kunstloft.de\/magazin\/wp-content\/uploads\/2023\/01\/Magenta-1-300x213.png 300w, https:\/\/www.kunstloft.de\/magazin\/wp-content\/uploads\/2023\/01\/Magenta-1-768x546.png 768w, https:\/\/www.kunstloft.de\/magazin\/wp-content\/uploads\/2023\/01\/Magenta-1.png 1115w\" sizes=\"100vw\" \/>\t\t\t\t\t\t\t\t<\/a>\n\t\t\t\t\t\t\t\t\t\t\t\t\t\t\t<\/div>\n\t\t\t\t<\/div>\n\t\t\t\t\t<\/div>\n\t\t<\/div>\n\t\t\t\t\t<\/div>\n\t\t<\/section>\n\t\t\t\t<section class=\"elementor-section elementor-top-section elementor-element elementor-element-fe24b9d elementor-section-boxed elementor-section-height-default elementor-section-height-default\" data-id=\"fe24b9d\" data-element_type=\"section\" data-e-type=\"section\">\n\t\t\t\t\t\t<div class=\"elementor-container elementor-column-gap-default\">\n\t\t\t\t\t<div class=\"elementor-column elementor-col-100 elementor-top-column elementor-element elementor-element-a05b412\" data-id=\"a05b412\" data-element_type=\"column\" data-e-type=\"column\">\n\t\t\t<div class=\"elementor-widget-wrap elementor-element-populated\">\n\t\t\t\t\t\t<div class=\"elementor-element elementor-element-c3812d0 elementor-widget elementor-widget-text-editor\" data-id=\"c3812d0\" data-element_type=\"widget\" data-e-type=\"widget\" data-widget_type=\"text-editor.default\">\n\t\t\t\t<div class=\"elementor-widget-container\">\n\t\t\t\t\t\t\t\t\t<p><span style=\"font-weight: 400;\">Bei diesem <a href=\"https:\/\/www.kunstloft.de\/2437-acryl-gemaelde-paradigmen\/\">Acrylgem\u00e4lde<\/a> funkelt Magenta, das sich in abstufenden Pinkt\u00f6nen pr\u00e4sentiert, mit Goldglanz um die Wette. Sanft verschwimmen die <strong>ausdrucksstarken Farbverl\u00e4ufe<\/strong> ineinander und zeichnen sich vom Hintergrund in Wei\u00df und Grau deutlich ab. Die Goldglanzverzierungen am Bildrand lassen der Trendfarbe gen\u00fcgend Raum, um ihre volle Wirkung zu entfalten. Insgesamt besticht das Gem\u00e4lde durch seine harmonische Farbgebung, sodass es sich wunderbar als Wanddeko f\u00fcr Ihr Schlafzimmer eignet.<\/span><\/p>\t\t\t\t\t\t\t\t<\/div>\n\t\t\t\t<\/div>\n\t\t\t\t\t<\/div>\n\t\t<\/div>\n\t\t\t\t\t<\/div>\n\t\t<\/section>\n\t\t\t\t<section class=\"elementor-section elementor-top-section elementor-element elementor-element-5dc6bc6 elementor-section-boxed elementor-section-height-default elementor-section-height-default\" data-id=\"5dc6bc6\" data-element_type=\"section\" data-e-type=\"section\">\n\t\t\t\t\t\t<div class=\"elementor-container elementor-column-gap-default\">\n\t\t\t\t\t<div class=\"elementor-column elementor-col-100 elementor-top-column elementor-element elementor-element-a1e1ad7\" data-id=\"a1e1ad7\" data-element_type=\"column\" data-e-type=\"column\">\n\t\t\t<div class=\"elementor-widget-wrap elementor-element-populated\">\n\t\t\t\t\t\t<div class=\"elementor-element elementor-element-53a31ec elementor-widget elementor-widget-image\" data-id=\"53a31ec\" data-element_type=\"widget\" data-e-type=\"widget\" data-widget_type=\"image.default\">\n\t\t\t\t<div class=\"elementor-widget-container\">\n\t\t\t\t\t\t\t\t\t\t\t\t\t\t\t\t<a href=\"https:\/\/www.kunstloft.de\/7432-metall-wandskulptur-crossing-the-void\/\">\n\t\t\t\t\t\t\t<img loading=\"lazy\" decoding=\"async\" width=\"950\" height=\"678\" src=\"https:\/\/www.kunstloft.de\/magazin\/wp-content\/uploads\/2023\/01\/magenta-2-1024x731.jpg\" class=\"elementor-animation-grow attachment-large size-large wp-image-1985\" alt=\"\" srcset=\"https:\/\/www.kunstloft.de\/magazin\/wp-content\/uploads\/2023\/01\/magenta-2-1024x731.jpg 1024w, https:\/\/www.kunstloft.de\/magazin\/wp-content\/uploads\/2023\/01\/magenta-2-300x214.jpg 300w, https:\/\/www.kunstloft.de\/magazin\/wp-content\/uploads\/2023\/01\/magenta-2-768x548.jpg 768w, https:\/\/www.kunstloft.de\/magazin\/wp-content\/uploads\/2023\/01\/magenta-2-1536x1097.jpg 1536w, https:\/\/www.kunstloft.de\/magazin\/wp-content\/uploads\/2023\/01\/magenta-2.jpg 1920w\" sizes=\"100vw\" \/>\t\t\t\t\t\t\t\t<\/a>\n\t\t\t\t\t\t\t\t\t\t\t\t\t\t\t<\/div>\n\t\t\t\t<\/div>\n\t\t\t\t\t<\/div>\n\t\t<\/div>\n\t\t\t\t\t<\/div>\n\t\t<\/section>\n\t\t\t\t<section class=\"elementor-section elementor-top-section elementor-element elementor-element-89d1688 elementor-section-boxed elementor-section-height-default elementor-section-height-default\" data-id=\"89d1688\" data-element_type=\"section\" data-e-type=\"section\">\n\t\t\t\t\t\t<div class=\"elementor-container elementor-column-gap-default\">\n\t\t\t\t\t<div class=\"elementor-column elementor-col-100 elementor-top-column elementor-element elementor-element-d6b72db\" data-id=\"d6b72db\" data-element_type=\"column\" data-e-type=\"column\">\n\t\t\t<div class=\"elementor-widget-wrap elementor-element-populated\">\n\t\t\t\t\t\t<div class=\"elementor-element elementor-element-41afb40 elementor-widget elementor-widget-text-editor\" data-id=\"41afb40\" data-element_type=\"widget\" data-e-type=\"widget\" data-widget_type=\"text-editor.default\">\n\t\t\t\t<div class=\"elementor-widget-container\">\n\t\t\t\t\t\t\t\t\t<p><span style=\"font-weight: 400;\">Es muss nicht immer ein klassisches Gem\u00e4lde sein, das als Wanddeko Eindruck macht. Bei dieser <a href=\"https:\/\/www.kunstloft.de\/7432-metall-wandskulptur-crossing-the-void\/\">kunstvollen Konstruktion<\/a> aus Metall trifft Magenta auf futuristisches Design. Metallstreben in Pink und Schwarz bilden eine ineinander verflochtene Formation, die <strong>inspirierende Vibes<\/strong> an die Wand bringen. Ein perfektes Schmuckst\u00fcck f\u00fcr B\u00fcro oder Flur.<\/span><\/p>\t\t\t\t\t\t\t\t<\/div>\n\t\t\t\t<\/div>\n\t\t\t\t\t<\/div>\n\t\t<\/div>\n\t\t\t\t\t<\/div>\n\t\t<\/section>\n\t\t\t\t<section class=\"elementor-section elementor-top-section elementor-element elementor-element-1e81d8c elementor-section-boxed elementor-section-height-default elementor-section-height-default\" data-id=\"1e81d8c\" data-element_type=\"section\" data-e-type=\"section\">\n\t\t\t\t\t\t<div class=\"elementor-container elementor-column-gap-default\">\n\t\t\t\t\t<div class=\"elementor-column elementor-col-100 elementor-top-column elementor-element elementor-element-9c7ddc9\" data-id=\"9c7ddc9\" data-element_type=\"column\" data-e-type=\"column\">\n\t\t\t<div class=\"elementor-widget-wrap elementor-element-populated\">\n\t\t\t\t\t\t<div class=\"elementor-element elementor-element-3fb4d18 elementor-widget elementor-widget-heading\" data-id=\"3fb4d18\" data-element_type=\"widget\" data-e-type=\"widget\" data-widget_type=\"heading.default\">\n\t\t\t\t<div class=\"elementor-widget-container\">\n\t\t\t\t\t<h3 class=\"elementor-heading-title elementor-size-default\">Kleine Akzente mit Deko schaffen<\/h3>\t\t\t\t<\/div>\n\t\t\t\t<\/div>\n\t\t\t\t\t<\/div>\n\t\t<\/div>\n\t\t\t\t\t<\/div>\n\t\t<\/section>\n\t\t\t\t<section class=\"elementor-section elementor-top-section elementor-element elementor-element-b011e66 elementor-section-boxed elementor-section-height-default elementor-section-height-default\" data-id=\"b011e66\" data-element_type=\"section\" data-e-type=\"section\">\n\t\t\t\t\t\t<div class=\"elementor-container elementor-column-gap-default\">\n\t\t\t\t\t<div class=\"elementor-column elementor-col-100 elementor-top-column elementor-element elementor-element-3db8696\" data-id=\"3db8696\" data-element_type=\"column\" data-e-type=\"column\">\n\t\t\t<div class=\"elementor-widget-wrap elementor-element-populated\">\n\t\t\t\t\t\t<div class=\"elementor-element elementor-element-a17f916 elementor-widget elementor-widget-text-editor\" data-id=\"a17f916\" data-element_type=\"widget\" data-e-type=\"widget\" data-widget_type=\"text-editor.default\">\n\t\t\t\t<div class=\"elementor-widget-container\">\n\t\t\t\t\t\t\t\t\t<p><span style=\"font-weight: 400;\">Wem das trotzdem noch zu viel Farbe ist, schafft mit kleinen Akzenten ebenso eindrucksvolle Momente. Arrangieren Sie dekorative Accessoires wie Vasen, einen Strau\u00df Trockenblumen oder Lampen oder arbeiten Sie mit Textilien wie Kissen und Teppichen, um den <strong>Wow- Effekt<\/strong> zu erzielen. Auch eine Fotografie oder ein Gem\u00e4lde, das nicht komplett in Viva Magenta erscheint, sondern nur Farbakzente in diesem Ton zeigt, bringt die unverwechselbare Ausstrahlungskraft mit sich.<\/span><\/p>\t\t\t\t\t\t\t\t<\/div>\n\t\t\t\t<\/div>\n\t\t\t\t\t<\/div>\n\t\t<\/div>\n\t\t\t\t\t<\/div>\n\t\t<\/section>\n\t\t\t\t<section class=\"elementor-section elementor-top-section elementor-element elementor-element-551ed1f elementor-section-boxed elementor-section-height-default elementor-section-height-default\" data-id=\"551ed1f\" data-element_type=\"section\" data-e-type=\"section\">\n\t\t\t\t\t\t<div class=\"elementor-container elementor-column-gap-default\">\n\t\t\t\t\t<div class=\"elementor-column elementor-col-100 elementor-top-column elementor-element elementor-element-b0f8490\" data-id=\"b0f8490\" data-element_type=\"column\" data-e-type=\"column\">\n\t\t\t<div class=\"elementor-widget-wrap elementor-element-populated\">\n\t\t\t\t\t\t<div class=\"elementor-element elementor-element-4b6744f elementor-widget elementor-widget-heading\" data-id=\"4b6744f\" data-element_type=\"widget\" data-e-type=\"widget\" id=\"vielfalt\" data-widget_type=\"heading.default\">\n\t\t\t\t<div class=\"elementor-widget-container\">\n\t\t\t\t\t<h2 class=\"elementor-heading-title elementor-size-default\">Farbenfrohe Vielfalt bei KunstLoft<\/h2>\t\t\t\t<\/div>\n\t\t\t\t<\/div>\n\t\t\t\t\t<\/div>\n\t\t<\/div>\n\t\t\t\t\t<\/div>\n\t\t<\/section>\n\t\t\t\t<section class=\"elementor-section elementor-top-section elementor-element elementor-element-4c57f16 elementor-section-boxed elementor-section-height-default elementor-section-height-default\" data-id=\"4c57f16\" data-element_type=\"section\" data-e-type=\"section\">\n\t\t\t\t\t\t<div class=\"elementor-container elementor-column-gap-default\">\n\t\t\t\t\t<div class=\"elementor-column elementor-col-100 elementor-top-column elementor-element elementor-element-c7f7fb8\" data-id=\"c7f7fb8\" data-element_type=\"column\" data-e-type=\"column\">\n\t\t\t<div class=\"elementor-widget-wrap elementor-element-populated\">\n\t\t\t\t\t\t<div class=\"elementor-element elementor-element-954c8bc elementor-widget elementor-widget-text-editor\" data-id=\"954c8bc\" data-element_type=\"widget\" data-e-type=\"widget\" data-widget_type=\"text-editor.default\">\n\t\t\t\t<div class=\"elementor-widget-container\">\n\t\t\t\t\t\t\t\t\t<p>Neben der Trendfarbe Viva Magenta finden Sie bei KunstLoft, Gem\u00e4lde, Fotografien und Wanddekorationen in den unterschiedlichsten Farbkombinationen. Ob klassisch in Schwarz-Wei\u00df, beliebte Kompositionen in Grau und Bunt oder in edler Ausf\u00fchrung mit Goldglanz. Weitere Trends aus der Design- und Wohnwelt finden Sie in unserem Magazin:<\/p><ul><li><a href=\"https:\/\/www.kunstloft.de\/magazin\/dunkle-wandfarbe-wirkung\/\" target=\"_blank\" rel=\"noopener\">So wirkt dunkle Wandfarbe: Tipps und Ideen f\u00fcr Ihr Zuhause<\/a><\/li><li aria-level=\"1\"><a href=\"https:\/\/www.kunstloft.de\/magazin\/teppiche-wohnzimmer-ideen\/\">Behaglichkeit und Individualit\u00e4t: Teppiche f\u00fcr Ihr Wohnzimmer<\/a><\/li><\/ul>\t\t\t\t\t\t\t\t<\/div>\n\t\t\t\t<\/div>\n\t\t\t\t\t<\/div>\n\t\t<\/div>\n\t\t\t\t\t<\/div>\n\t\t<\/section>\n\t\t\t\t<section class=\"elementor-section elementor-top-section elementor-element elementor-element-fd5c24d elementor-section-boxed elementor-section-height-default elementor-section-height-default\" data-id=\"fd5c24d\" data-element_type=\"section\" data-e-type=\"section\">\n\t\t\t\t\t\t<div class=\"elementor-container elementor-column-gap-default\">\n\t\t\t\t\t<div class=\"elementor-column elementor-col-100 elementor-top-column elementor-element elementor-element-72a922b\" data-id=\"72a922b\" data-element_type=\"column\" data-e-type=\"column\">\n\t\t\t<div class=\"elementor-widget-wrap elementor-element-populated\">\n\t\t\t\t\t\t<div class=\"elementor-element elementor-element-ca087ab elementor-widget elementor-widget-spacer\" data-id=\"ca087ab\" data-element_type=\"widget\" data-e-type=\"widget\" data-widget_type=\"spacer.default\">\n\t\t\t\t<div class=\"elementor-widget-container\">\n\t\t\t\t\t\t\t<div class=\"elementor-spacer\">\n\t\t\t<div class=\"elementor-spacer-inner\"><\/div>\n\t\t<\/div>\n\t\t\t\t\t\t<\/div>\n\t\t\t\t<\/div>\n\t\t\t\t\t<\/div>\n\t\t<\/div>\n\t\t\t\t\t<\/div>\n\t\t<\/section>\n\t\t\t\t<section class=\"elementor-section elementor-top-section elementor-element elementor-element-d903d16 elementor-section-boxed elementor-section-height-default elementor-section-height-default\" data-id=\"d903d16\" data-element_type=\"section\" data-e-type=\"section\">\n\t\t\t\t\t\t<div class=\"elementor-container elementor-column-gap-default\">\n\t\t\t\t\t<div class=\"elementor-column elementor-col-100 elementor-top-column elementor-element elementor-element-35be32f\" data-id=\"35be32f\" data-element_type=\"column\" data-e-type=\"column\" data-settings=\"{&quot;background_background&quot;:&quot;classic&quot;}\">\n\t\t\t<div class=\"elementor-widget-wrap elementor-element-populated\">\n\t\t\t\t\t\t<div class=\"elementor-element elementor-element-92414d8 elementor-widget elementor-widget-text-editor\" data-id=\"92414d8\" data-element_type=\"widget\" data-e-type=\"widget\" data-widget_type=\"text-editor.default\">\n\t\t\t\t<div class=\"elementor-widget-container\">\n\t\t\t\t\t\t\t\t\t<p><span style=\"font-family: var( --e-global-typography-text-font-family ), Sans-serif; font-weight: var( --e-global-typography-text-font-weight ); vertical-align: inherit;\"><span style=\"vertical-align: inherit;\"><span style=\"vertical-align: inherit;\"><span style=\"vertical-align: inherit;\"><span style=\"vertical-align: inherit;\"><span style=\"vertical-align: inherit;\"><strong>Bildnachweis:<\/strong> Bild \u00a9 Carlie Wright &#8211; Pexels;\u00a0 Bild<\/span><\/span><\/span><\/span><\/span><\/span><span style=\"font-family: var( --e-global-typography-text-font-family ), Sans-serif; font-weight: var( --e-global-typography-text-font-weight ); vertical-align: inherit;\"><span style=\"vertical-align: inherit;\"><span style=\"vertical-align: inherit;\"><span style=\"vertical-align: inherit;\"><span style=\"vertical-align: inherit;\"><span style=\"vertical-align: inherit;\"> \u00a9 Peter Olexa &#8211; Pexels; Bild<\/span><\/span><\/span><\/span><\/span><\/span><span style=\"vertical-align: inherit;\"><span style=\"vertical-align: inherit;\"><span style=\"vertical-align: inherit;\"><span style=\"vertical-align: inherit;\"><span style=\"vertical-align: inherit;\"><span style=\"vertical-align: inherit;\"><span style=\"font-family: var( --e-global-typography-text-font-family ), Sans-serif;\"><span style=\"font-size: 1rem; font-weight: var( --e-global-typography-text-font-weight );\">\u00a0<\/span><\/span>\u00a9<span style=\"font-family: var( --e-global-typography-text-font-family ), Sans-serif;\"><span style=\"font-size: 1rem; font-weight: var( --e-global-typography-text-font-weight );\">KunstLoft<\/span><\/span><\/span><\/span><\/span><\/span><\/span><\/span><\/p>\t\t\t\t\t\t\t\t<\/div>\n\t\t\t\t<\/div>\n\t\t\t\t\t<\/div>\n\t\t<\/div>\n\t\t\t\t\t<\/div>\n\t\t<\/section>\n\t\t\t\t<\/div>\n\t\t","protected":false},"excerpt":{"rendered":"<p>Ende des Jahres war es wieder soweit. Wichtige Institutionen aus Mode, Design und Interior erwarten gespannt die Wahl der Trendfarbe 2023, die vom Farbinstitut Pantone j\u00e4hrlich verk\u00fcndet wird. Die Entscheidung fiel auf einen warmen und gleichzeitig modern sowie kraftvoll wirkenden Rotton mit dem Namen Viva Magenta. Wir verraten Ihnen im Folgenden, was hinter der Farbwahl steckt und welche Trends aus Home&#038;Living und dem Kunstbereich mit diesem besonderen Rot m\u00f6glich sind.<\/p>\n","protected":false},"author":3,"featured_media":47490,"comment_status":"closed","ping_status":"closed","sticky":false,"template":"","format":"standard","meta":{"footnotes":""},"categories":[1,5],"tags":[24,23,21,22],"class_list":["post-1968","post","type-post","status-publish","format-standard","has-post-thumbnail","hentry","category-dekorieren-and-einrichten","category-kunstwissen","tag-farbtrends","tag-pantone","tag-trendfarbe-2023","tag-viva-magenta"],"yoast_head":"<!-- This site is optimized with the Yoast SEO plugin v27.2 - https:\/\/yoast.com\/product\/yoast-seo-wordpress\/ -->\n<title>Viva Magenta. Unsere Einrichtungstipps rund um die Trendfarbe 2023.<\/title>\n<meta name=\"description\" content=\"Ideen rund um die Trendfarbe 2023 - Kombinationsm\u00f6glichkeiten mit Kunst und M\u00f6beln \u2713 Gem\u00e4lde in Viva Magenta \u2713 Lassen Sie sich inspirieren!\" \/>\n<meta name=\"robots\" content=\"index, follow, max-snippet:-1, max-image-preview:large, max-video-preview:-1\" \/>\n<link rel=\"canonical\" href=\"https:\/\/www.kunstloft.de\/magazin\/trendfarbe-2023-pantone\/\" \/>\n<meta property=\"og:locale\" content=\"de_DE\" \/>\n<meta property=\"og:type\" content=\"article\" \/>\n<meta property=\"og:title\" content=\"Viva Magenta. Unsere Einrichtungstipps rund um die Trendfarbe 2023.\" \/>\n<meta property=\"og:description\" content=\"Ideen rund um die Trendfarbe 2023 - Kombinationsm\u00f6glichkeiten mit Kunst und M\u00f6beln \u2713 Gem\u00e4lde in Viva Magenta \u2713 Lassen Sie sich inspirieren!\" \/>\n<meta property=\"og:url\" content=\"https:\/\/www.kunstloft.de\/magazin\/trendfarbe-2023-pantone\/\" \/>\n<meta property=\"og:site_name\" content=\"KUNSTLOFT Magazin\" \/>\n<meta property=\"article:publisher\" content=\"https:\/\/de-de.facebook.com\/kunstloft\/\" \/>\n<meta property=\"article:published_time\" content=\"2023-01-20T14:18:34+00:00\" \/>\n<meta property=\"article:modified_time\" content=\"2024-12-24T07:12:33+00:00\" \/>\n<meta property=\"og:image\" content=\"https:\/\/www.kunstloft.de\/wordpress\/de_DE\/de\/wp-content\/uploads\/2023\/01\/Close-up-of-vibrant-magenta-leaves-with-textured-veins-creating-a-bold-and-dramatic-visual.png\" \/>\n\t<meta property=\"og:image:width\" content=\"1280\" \/>\n\t<meta property=\"og:image:height\" content=\"750\" \/>\n\t<meta property=\"og:image:type\" content=\"image\/png\" \/>\n<meta name=\"author\" content=\"Julia\" \/>\n<meta name=\"twitter:card\" content=\"summary_large_image\" \/>\n<meta name=\"twitter:label1\" content=\"Verfasst von\" \/>\n\t<meta name=\"twitter:data1\" content=\"Julia\" \/>\n\t<meta name=\"twitter:label2\" content=\"Gesch\u00e4tzte Lesezeit\" \/>\n\t<meta name=\"twitter:data2\" content=\"9\u00a0Minuten\" \/>\n<script type=\"application\/ld+json\" class=\"yoast-schema-graph\">{\"@context\":\"https:\/\/schema.org\",\"@graph\":[{\"@type\":\"Article\",\"@id\":\"https:\/\/www.kunstloft.de\/magazin\/trendfarbe-2023-pantone\/#article\",\"isPartOf\":{\"@id\":\"https:\/\/www.kunstloft.de\/magazin\/trendfarbe-2023-pantone\/\"},\"author\":{\"name\":\"Julia\",\"@id\":\"https:\/\/www.kunstloft.de\/magazin\/#\/schema\/person\/36d4b5ac045a1e90c1d814b57dea3b23\"},\"headline\":\"Viva Magenta. Unsere Einrichtungstipps rund um die Trendfarbe 2023.\",\"datePublished\":\"2023-01-20T14:18:34+00:00\",\"dateModified\":\"2024-12-24T07:12:33+00:00\",\"mainEntityOfPage\":{\"@id\":\"https:\/\/www.kunstloft.de\/magazin\/trendfarbe-2023-pantone\/\"},\"wordCount\":1285,\"publisher\":{\"@id\":\"https:\/\/www.kunstloft.de\/magazin\/#organization\"},\"image\":{\"@id\":\"https:\/\/www.kunstloft.de\/magazin\/trendfarbe-2023-pantone\/#primaryimage\"},\"thumbnailUrl\":\"https:\/\/www.kunstloft.de\/magazin\/wp-content\/uploads\/2023\/01\/Close-up-of-vibrant-magenta-leaves-with-textured-veins-creating-a-bold-and-dramatic-visual.png\",\"keywords\":[\"farbtrends\",\"pantone\",\"trendfarbe 2023\",\"viva magenta\"],\"articleSection\":[\"Dekorieren &amp; Einrichten\",\"Kunstwissen\"],\"inLanguage\":\"de\"},{\"@type\":\"WebPage\",\"@id\":\"https:\/\/www.kunstloft.de\/magazin\/trendfarbe-2023-pantone\/\",\"url\":\"https:\/\/www.kunstloft.de\/magazin\/trendfarbe-2023-pantone\/\",\"name\":\"Viva Magenta. Unsere Einrichtungstipps rund um die Trendfarbe 2023.\",\"isPartOf\":{\"@id\":\"https:\/\/www.kunstloft.de\/magazin\/#website\"},\"primaryImageOfPage\":{\"@id\":\"https:\/\/www.kunstloft.de\/magazin\/trendfarbe-2023-pantone\/#primaryimage\"},\"image\":{\"@id\":\"https:\/\/www.kunstloft.de\/magazin\/trendfarbe-2023-pantone\/#primaryimage\"},\"thumbnailUrl\":\"https:\/\/www.kunstloft.de\/magazin\/wp-content\/uploads\/2023\/01\/Close-up-of-vibrant-magenta-leaves-with-textured-veins-creating-a-bold-and-dramatic-visual.png\",\"datePublished\":\"2023-01-20T14:18:34+00:00\",\"dateModified\":\"2024-12-24T07:12:33+00:00\",\"description\":\"Ideen rund um die Trendfarbe 2023 - Kombinationsm\u00f6glichkeiten mit Kunst und M\u00f6beln \u2713 Gem\u00e4lde in Viva Magenta \u2713 Lassen Sie sich inspirieren!\",\"breadcrumb\":{\"@id\":\"https:\/\/www.kunstloft.de\/magazin\/trendfarbe-2023-pantone\/#breadcrumb\"},\"inLanguage\":\"de\",\"potentialAction\":[{\"@type\":\"ReadAction\",\"target\":[\"https:\/\/www.kunstloft.de\/magazin\/trendfarbe-2023-pantone\/\"]}]},{\"@type\":\"ImageObject\",\"inLanguage\":\"de\",\"@id\":\"https:\/\/www.kunstloft.de\/magazin\/trendfarbe-2023-pantone\/#primaryimage\",\"url\":\"https:\/\/www.kunstloft.de\/magazin\/wp-content\/uploads\/2023\/01\/Close-up-of-vibrant-magenta-leaves-with-textured-veins-creating-a-bold-and-dramatic-visual.png\",\"contentUrl\":\"https:\/\/www.kunstloft.de\/magazin\/wp-content\/uploads\/2023\/01\/Close-up-of-vibrant-magenta-leaves-with-textured-veins-creating-a-bold-and-dramatic-visual.png\",\"width\":1280,\"height\":750,\"caption\":\"Nahaufnahme von leuchtend magentafarbenen Bl\u00e4ttern mit strukturierten Adern, die ein k\u00fchnes und dramatisches Bild ergeben\"},{\"@type\":\"BreadcrumbList\",\"@id\":\"https:\/\/www.kunstloft.de\/magazin\/trendfarbe-2023-pantone\/#breadcrumb\",\"itemListElement\":[{\"@type\":\"ListItem\",\"position\":1,\"name\":\"Startseite\",\"item\":\"https:\/\/www.kunstloft.de\/magazin\/\"},{\"@type\":\"ListItem\",\"position\":2,\"name\":\"Viva Magenta. Unsere Einrichtungstipps rund um die Trendfarbe 2023.\"}]},{\"@type\":\"WebSite\",\"@id\":\"https:\/\/www.kunstloft.de\/magazin\/#website\",\"url\":\"https:\/\/www.kunstloft.de\/magazin\/\",\"name\":\"KUNSTLOFT Magazin\",\"description\":\"Die Kunst des Einrichtens\",\"publisher\":{\"@id\":\"https:\/\/www.kunstloft.de\/magazin\/#organization\"},\"potentialAction\":[{\"@type\":\"SearchAction\",\"target\":{\"@type\":\"EntryPoint\",\"urlTemplate\":\"https:\/\/www.kunstloft.de\/magazin\/?s={search_term_string}\"},\"query-input\":{\"@type\":\"PropertyValueSpecification\",\"valueRequired\":true,\"valueName\":\"search_term_string\"}}],\"inLanguage\":\"de\"},{\"@type\":\"Organization\",\"@id\":\"https:\/\/www.kunstloft.de\/magazin\/#organization\",\"name\":\"KunstLoft\",\"url\":\"https:\/\/www.kunstloft.de\/magazin\/\",\"logo\":{\"@type\":\"ImageObject\",\"inLanguage\":\"de\",\"@id\":\"https:\/\/www.kunstloft.de\/magazin\/#\/schema\/logo\/image\/\",\"url\":\"https:\/\/www.kunstloft.de\/magazin\/wp-content\/uploads\/2022\/06\/cropped-Logo-Kunstloft-512x512-1.png\",\"contentUrl\":\"https:\/\/www.kunstloft.de\/magazin\/wp-content\/uploads\/2022\/06\/cropped-Logo-Kunstloft-512x512-1.png\",\"width\":512,\"height\":512,\"caption\":\"KunstLoft\"},\"image\":{\"@id\":\"https:\/\/www.kunstloft.de\/magazin\/#\/schema\/logo\/image\/\"},\"sameAs\":[\"https:\/\/de-de.facebook.com\/kunstloft\/\",\"https:\/\/www.instagram.com\/kunstloft\/?hl=de\"]},{\"@type\":\"Person\",\"@id\":\"https:\/\/www.kunstloft.de\/magazin\/#\/schema\/person\/36d4b5ac045a1e90c1d814b57dea3b23\",\"name\":\"Julia\",\"image\":{\"@type\":\"ImageObject\",\"inLanguage\":\"de\",\"@id\":\"https:\/\/secure.gravatar.com\/avatar\/d536e3ade6f02534658293a327bf7d59dc2d1c8b7967ce10a12d447f7fc3e304?s=96&d=mm&r=g\",\"url\":\"https:\/\/secure.gravatar.com\/avatar\/d536e3ade6f02534658293a327bf7d59dc2d1c8b7967ce10a12d447f7fc3e304?s=96&d=mm&r=g\",\"contentUrl\":\"https:\/\/secure.gravatar.com\/avatar\/d536e3ade6f02534658293a327bf7d59dc2d1c8b7967ce10a12d447f7fc3e304?s=96&d=mm&r=g\",\"caption\":\"Julia\"},\"url\":\"https:\/\/www.kunstloft.de\/magazin\/author\/julia_a\/\"}]}<\/script>\n<!-- \/ Yoast SEO plugin. -->","yoast_head_json":{"title":"Viva Magenta. Unsere Einrichtungstipps rund um die Trendfarbe 2023.","description":"Ideen rund um die Trendfarbe 2023 - Kombinationsm\u00f6glichkeiten mit Kunst und M\u00f6beln \u2713 Gem\u00e4lde in Viva Magenta \u2713 Lassen Sie sich inspirieren!","robots":{"index":"index","follow":"follow","max-snippet":"max-snippet:-1","max-image-preview":"max-image-preview:large","max-video-preview":"max-video-preview:-1"},"canonical":"https:\/\/www.kunstloft.de\/magazin\/trendfarbe-2023-pantone\/","og_locale":"de_DE","og_type":"article","og_title":"Viva Magenta. Unsere Einrichtungstipps rund um die Trendfarbe 2023.","og_description":"Ideen rund um die Trendfarbe 2023 - Kombinationsm\u00f6glichkeiten mit Kunst und M\u00f6beln \u2713 Gem\u00e4lde in Viva Magenta \u2713 Lassen Sie sich inspirieren!","og_url":"https:\/\/www.kunstloft.de\/magazin\/trendfarbe-2023-pantone\/","og_site_name":"KUNSTLOFT Magazin","article_publisher":"https:\/\/de-de.facebook.com\/kunstloft\/","article_published_time":"2023-01-20T14:18:34+00:00","article_modified_time":"2024-12-24T07:12:33+00:00","og_image":[{"width":1280,"height":750,"url":"https:\/\/www.kunstloft.de\/wordpress\/de_DE\/de\/wp-content\/uploads\/2023\/01\/Close-up-of-vibrant-magenta-leaves-with-textured-veins-creating-a-bold-and-dramatic-visual.png","type":"image\/png"}],"author":"Julia","twitter_card":"summary_large_image","twitter_misc":{"Verfasst von":"Julia","Gesch\u00e4tzte Lesezeit":"9\u00a0Minuten"},"schema":{"@context":"https:\/\/schema.org","@graph":[{"@type":"Article","@id":"https:\/\/www.kunstloft.de\/magazin\/trendfarbe-2023-pantone\/#article","isPartOf":{"@id":"https:\/\/www.kunstloft.de\/magazin\/trendfarbe-2023-pantone\/"},"author":{"name":"Julia","@id":"https:\/\/www.kunstloft.de\/magazin\/#\/schema\/person\/36d4b5ac045a1e90c1d814b57dea3b23"},"headline":"Viva Magenta. Unsere Einrichtungstipps rund um die Trendfarbe 2023.","datePublished":"2023-01-20T14:18:34+00:00","dateModified":"2024-12-24T07:12:33+00:00","mainEntityOfPage":{"@id":"https:\/\/www.kunstloft.de\/magazin\/trendfarbe-2023-pantone\/"},"wordCount":1285,"publisher":{"@id":"https:\/\/www.kunstloft.de\/magazin\/#organization"},"image":{"@id":"https:\/\/www.kunstloft.de\/magazin\/trendfarbe-2023-pantone\/#primaryimage"},"thumbnailUrl":"https:\/\/www.kunstloft.de\/magazin\/wp-content\/uploads\/2023\/01\/Close-up-of-vibrant-magenta-leaves-with-textured-veins-creating-a-bold-and-dramatic-visual.png","keywords":["farbtrends","pantone","trendfarbe 2023","viva magenta"],"articleSection":["Dekorieren &amp; Einrichten","Kunstwissen"],"inLanguage":"de"},{"@type":"WebPage","@id":"https:\/\/www.kunstloft.de\/magazin\/trendfarbe-2023-pantone\/","url":"https:\/\/www.kunstloft.de\/magazin\/trendfarbe-2023-pantone\/","name":"Viva Magenta. Unsere Einrichtungstipps rund um die Trendfarbe 2023.","isPartOf":{"@id":"https:\/\/www.kunstloft.de\/magazin\/#website"},"primaryImageOfPage":{"@id":"https:\/\/www.kunstloft.de\/magazin\/trendfarbe-2023-pantone\/#primaryimage"},"image":{"@id":"https:\/\/www.kunstloft.de\/magazin\/trendfarbe-2023-pantone\/#primaryimage"},"thumbnailUrl":"https:\/\/www.kunstloft.de\/magazin\/wp-content\/uploads\/2023\/01\/Close-up-of-vibrant-magenta-leaves-with-textured-veins-creating-a-bold-and-dramatic-visual.png","datePublished":"2023-01-20T14:18:34+00:00","dateModified":"2024-12-24T07:12:33+00:00","description":"Ideen rund um die Trendfarbe 2023 - Kombinationsm\u00f6glichkeiten mit Kunst und M\u00f6beln \u2713 Gem\u00e4lde in Viva Magenta \u2713 Lassen Sie sich inspirieren!","breadcrumb":{"@id":"https:\/\/www.kunstloft.de\/magazin\/trendfarbe-2023-pantone\/#breadcrumb"},"inLanguage":"de","potentialAction":[{"@type":"ReadAction","target":["https:\/\/www.kunstloft.de\/magazin\/trendfarbe-2023-pantone\/"]}]},{"@type":"ImageObject","inLanguage":"de","@id":"https:\/\/www.kunstloft.de\/magazin\/trendfarbe-2023-pantone\/#primaryimage","url":"https:\/\/www.kunstloft.de\/magazin\/wp-content\/uploads\/2023\/01\/Close-up-of-vibrant-magenta-leaves-with-textured-veins-creating-a-bold-and-dramatic-visual.png","contentUrl":"https:\/\/www.kunstloft.de\/magazin\/wp-content\/uploads\/2023\/01\/Close-up-of-vibrant-magenta-leaves-with-textured-veins-creating-a-bold-and-dramatic-visual.png","width":1280,"height":750,"caption":"Nahaufnahme von leuchtend magentafarbenen Bl\u00e4ttern mit strukturierten Adern, die ein k\u00fchnes und dramatisches Bild ergeben"},{"@type":"BreadcrumbList","@id":"https:\/\/www.kunstloft.de\/magazin\/trendfarbe-2023-pantone\/#breadcrumb","itemListElement":[{"@type":"ListItem","position":1,"name":"Startseite","item":"https:\/\/www.kunstloft.de\/magazin\/"},{"@type":"ListItem","position":2,"name":"Viva Magenta. Unsere Einrichtungstipps rund um die Trendfarbe 2023."}]},{"@type":"WebSite","@id":"https:\/\/www.kunstloft.de\/magazin\/#website","url":"https:\/\/www.kunstloft.de\/magazin\/","name":"KUNSTLOFT Magazin","description":"Die Kunst des Einrichtens","publisher":{"@id":"https:\/\/www.kunstloft.de\/magazin\/#organization"},"potentialAction":[{"@type":"SearchAction","target":{"@type":"EntryPoint","urlTemplate":"https:\/\/www.kunstloft.de\/magazin\/?s={search_term_string}"},"query-input":{"@type":"PropertyValueSpecification","valueRequired":true,"valueName":"search_term_string"}}],"inLanguage":"de"},{"@type":"Organization","@id":"https:\/\/www.kunstloft.de\/magazin\/#organization","name":"KunstLoft","url":"https:\/\/www.kunstloft.de\/magazin\/","logo":{"@type":"ImageObject","inLanguage":"de","@id":"https:\/\/www.kunstloft.de\/magazin\/#\/schema\/logo\/image\/","url":"https:\/\/www.kunstloft.de\/magazin\/wp-content\/uploads\/2022\/06\/cropped-Logo-Kunstloft-512x512-1.png","contentUrl":"https:\/\/www.kunstloft.de\/magazin\/wp-content\/uploads\/2022\/06\/cropped-Logo-Kunstloft-512x512-1.png","width":512,"height":512,"caption":"KunstLoft"},"image":{"@id":"https:\/\/www.kunstloft.de\/magazin\/#\/schema\/logo\/image\/"},"sameAs":["https:\/\/de-de.facebook.com\/kunstloft\/","https:\/\/www.instagram.com\/kunstloft\/?hl=de"]},{"@type":"Person","@id":"https:\/\/www.kunstloft.de\/magazin\/#\/schema\/person\/36d4b5ac045a1e90c1d814b57dea3b23","name":"Julia","image":{"@type":"ImageObject","inLanguage":"de","@id":"https:\/\/secure.gravatar.com\/avatar\/d536e3ade6f02534658293a327bf7d59dc2d1c8b7967ce10a12d447f7fc3e304?s=96&d=mm&r=g","url":"https:\/\/secure.gravatar.com\/avatar\/d536e3ade6f02534658293a327bf7d59dc2d1c8b7967ce10a12d447f7fc3e304?s=96&d=mm&r=g","contentUrl":"https:\/\/secure.gravatar.com\/avatar\/d536e3ade6f02534658293a327bf7d59dc2d1c8b7967ce10a12d447f7fc3e304?s=96&d=mm&r=g","caption":"Julia"},"url":"https:\/\/www.kunstloft.de\/magazin\/author\/julia_a\/"}]}},"_links":{"self":[{"href":"https:\/\/www.kunstloft.de\/magazin\/wp-json\/wp\/v2\/posts\/1968","targetHints":{"allow":["GET"]}}],"collection":[{"href":"https:\/\/www.kunstloft.de\/magazin\/wp-json\/wp\/v2\/posts"}],"about":[{"href":"https:\/\/www.kunstloft.de\/magazin\/wp-json\/wp\/v2\/types\/post"}],"author":[{"embeddable":true,"href":"https:\/\/www.kunstloft.de\/magazin\/wp-json\/wp\/v2\/users\/3"}],"replies":[{"embeddable":true,"href":"https:\/\/www.kunstloft.de\/magazin\/wp-json\/wp\/v2\/comments?post=1968"}],"version-history":[{"count":66,"href":"https:\/\/www.kunstloft.de\/magazin\/wp-json\/wp\/v2\/posts\/1968\/revisions"}],"predecessor-version":[{"id":47520,"href":"https:\/\/www.kunstloft.de\/magazin\/wp-json\/wp\/v2\/posts\/1968\/revisions\/47520"}],"wp:featuredmedia":[{"embeddable":true,"href":"https:\/\/www.kunstloft.de\/magazin\/wp-json\/wp\/v2\/media\/47490"}],"wp:attachment":[{"href":"https:\/\/www.kunstloft.de\/magazin\/wp-json\/wp\/v2\/media?parent=1968"}],"wp:term":[{"taxonomy":"category","embeddable":true,"href":"https:\/\/www.kunstloft.de\/magazin\/wp-json\/wp\/v2\/categories?post=1968"},{"taxonomy":"post_tag","embeddable":true,"href":"https:\/\/www.kunstloft.de\/magazin\/wp-json\/wp\/v2\/tags?post=1968"}],"curies":[{"name":"wp","href":"https:\/\/api.w.org\/{rel}","templated":true}]}}