{"id":11666,"date":"2024-01-21T14:00:00","date_gmt":"2024-01-21T13:00:00","guid":{"rendered":"https:\/\/www.kunstloft.de\/magazin\/?p=10590"},"modified":"2025-08-06T17:24:19","modified_gmt":"2025-08-06T15:24:19","slug":"7-einrichtungsideen-mit-kleinem-budget","status":"publish","type":"post","link":"https:\/\/www.kunstloft.de\/magazin\/7-einrichtungsideen-mit-kleinem-budget\/","title":{"rendered":"7 kreative Einrichtungsideen mit kleinem Budget, die Ihren Raum aufwerten"},"content":{"rendered":"\t\t<div data-elementor-type=\"wp-post\" data-elementor-id=\"11666\" class=\"elementor elementor-11666\">\n\t\t\t\t\t\t<section class=\"elementor-section elementor-top-section elementor-element elementor-element-1c5c757 elementor-section-boxed elementor-section-height-default elementor-section-height-default\" data-id=\"1c5c757\" data-element_type=\"section\" data-e-type=\"section\">\n\t\t\t\t\t\t<div class=\"elementor-container elementor-column-gap-default\">\n\t\t\t\t\t<div class=\"elementor-column elementor-col-100 elementor-top-column elementor-element elementor-element-8b78a0a\" data-id=\"8b78a0a\" data-element_type=\"column\" data-e-type=\"column\">\n\t\t\t<div class=\"elementor-widget-wrap elementor-element-populated\">\n\t\t\t\t\t\t<div class=\"elementor-element elementor-element-818576a elementor-widget elementor-widget-heading\" data-id=\"818576a\" data-element_type=\"widget\" data-e-type=\"widget\" data-widget_type=\"heading.default\">\n\t\t\t\t<div class=\"elementor-widget-container\">\n\t\t\t\t\t<h1 class=\"elementor-heading-title elementor-size-default\">7 kreative Einrichtungsideen mit kleinem Budget, die Ihren Raum aufwerten<\/h1>\t\t\t\t<\/div>\n\t\t\t\t<\/div>\n\t\t\t\t<div class=\"elementor-element elementor-element-765bf1c elementor-widget elementor-widget-text-editor\" data-id=\"765bf1c\" data-element_type=\"widget\" data-e-type=\"widget\" data-widget_type=\"text-editor.default\">\n\t\t\t\t<div class=\"elementor-widget-container\">\n\t\t\t\t\t\t\t\t\t<p><span style=\"font-weight: 400;\">Es ist der Beginn eines neuen Jahres, ein weiteres Jahr, um das Leben zu leben und einen Neuanfang zu machen. Als Hausbesitzer lieben wir es, unser Zuhause umzugestalten, um das Jahr frisch zu beginnen, und die Verwandlung Ihres Wohnraums in eine stilvolle Oase muss nicht teuer sein. In diesem Artikel finden Sie <strong>7 Einrichtungsideen mit kleinem Budget<\/strong>, die nicht nur Ihre Wohnung versch\u00f6nern, sondern auch Ihre einzigartige Pers\u00f6nlichkeit und Ihren Stil widerspiegeln werden.<\/span><\/p>\t\t\t\t\t\t\t\t<\/div>\n\t\t\t\t<\/div>\n\t\t\t\t<div class=\"elementor-element elementor-element-4d6a84e elementor-widget elementor-widget-image\" data-id=\"4d6a84e\" data-element_type=\"widget\" data-e-type=\"widget\" data-widget_type=\"image.default\">\n\t\t\t\t<div class=\"elementor-widget-container\">\n\t\t\t\t\t\t\t\t\t\t\t\t\t\t\t<img fetchpriority=\"high\" decoding=\"async\" width=\"950\" height=\"536\" src=\"https:\/\/www.kunstloft.de\/magazin\/wp-content\/uploads\/2024\/04\/wohndekoration-mit-kleinem-budget-1024x578.webp\" class=\"attachment-large size-large wp-image-11684\" alt=\"wohndekoration mit kleinem budget\" srcset=\"https:\/\/www.kunstloft.de\/magazin\/wp-content\/uploads\/2024\/04\/wohndekoration-mit-kleinem-budget-1024x578.webp 1024w, https:\/\/www.kunstloft.de\/magazin\/wp-content\/uploads\/2024\/04\/wohndekoration-mit-kleinem-budget-300x169.webp 300w, https:\/\/www.kunstloft.de\/magazin\/wp-content\/uploads\/2024\/04\/wohndekoration-mit-kleinem-budget-768x433.webp 768w, https:\/\/www.kunstloft.de\/magazin\/wp-content\/uploads\/2024\/04\/wohndekoration-mit-kleinem-budget-1536x866.webp 1536w, https:\/\/www.kunstloft.de\/magazin\/wp-content\/uploads\/2024\/04\/wohndekoration-mit-kleinem-budget-2000x1128.webp 2000w, https:\/\/www.kunstloft.de\/magazin\/wp-content\/uploads\/2024\/04\/wohndekoration-mit-kleinem-budget-640x361.webp 640w, https:\/\/www.kunstloft.de\/magazin\/wp-content\/uploads\/2024\/04\/wohndekoration-mit-kleinem-budget.webp 2048w\" sizes=\"100vw\" \/>\t\t\t\t\t\t\t\t\t\t\t\t\t\t\t<\/div>\n\t\t\t\t<\/div>\n\t\t\t\t\t<\/div>\n\t\t<\/div>\n\t\t\t\t\t<\/div>\n\t\t<\/section>\n\t\t\t\t<section class=\"elementor-section elementor-top-section elementor-element elementor-element-fda2244 elementor-section-boxed elementor-section-height-default elementor-section-height-default\" data-id=\"fda2244\" data-element_type=\"section\" data-e-type=\"section\">\n\t\t\t\t\t\t<div class=\"elementor-container elementor-column-gap-default\">\n\t\t\t\t\t<div class=\"elementor-column elementor-col-100 elementor-top-column elementor-element elementor-element-b578651\" data-id=\"b578651\" data-element_type=\"column\" data-e-type=\"column\" data-settings=\"{&quot;background_background&quot;:&quot;classic&quot;}\">\n\t\t\t<div class=\"elementor-widget-wrap elementor-element-populated\">\n\t\t\t\t\t\t<section class=\"elementor-section elementor-inner-section elementor-element elementor-element-f85c2aa elementor-section-boxed elementor-section-height-default elementor-section-height-default\" data-id=\"f85c2aa\" data-element_type=\"section\" data-e-type=\"section\">\n\t\t\t\t\t\t<div class=\"elementor-container elementor-column-gap-default\">\n\t\t\t\t\t<div class=\"elementor-column elementor-col-100 elementor-inner-column elementor-element elementor-element-dc29bb4\" data-id=\"dc29bb4\" data-element_type=\"column\" data-e-type=\"column\" data-settings=\"{&quot;background_background&quot;:&quot;classic&quot;}\">\n\t\t\t<div class=\"elementor-widget-wrap elementor-element-populated\">\n\t\t\t\t\t\t<div class=\"elementor-element elementor-element-02bbff7 elementor-widget elementor-widget-heading\" data-id=\"02bbff7\" data-element_type=\"widget\" data-e-type=\"widget\" data-widget_type=\"heading.default\">\n\t\t\t\t<div class=\"elementor-widget-container\">\n\t\t\t\t\t<h3 class=\"elementor-heading-title elementor-size-default\">Inhalts\u00fcbersicht<\/h3>\t\t\t\t<\/div>\n\t\t\t\t<\/div>\n\t\t\t\t<div class=\"elementor-element elementor-element-84efbe0 elementor-widget elementor-widget-text-editor\" data-id=\"84efbe0\" data-element_type=\"widget\" data-e-type=\"widget\" data-widget_type=\"text-editor.default\">\n\t\t\t\t<div class=\"elementor-widget-container\">\n\t\t\t\t\t\t\t\t\t<ul><li style=\"font-weight: 400;\" aria-level=\"1\"><a href=\"#Tapeten\"><span style=\"font-weight: 400;\">Versch\u00f6nern<\/span> <span style=\"font-weight: 400;\">Sie Ihre Wand mit Tapeten\u00a0<\/span><\/a><\/li><li style=\"font-weight: 400;\" aria-level=\"1\"><a href=\"#Blumen\"><span style=\"font-weight: 400;\">Dekorieren Sie Ihren Raum mit Pflanzen und Blumen<\/span><\/a><\/li><li style=\"font-weight: 400;\" aria-level=\"1\"><a href=\"#Wandgalerie\"><span style=\"font-weight: 400;\">Erstellen Sie eine personalisierte Wandgalerie\u00a0<\/span><\/a><\/li><li style=\"font-weight: 400;\" aria-level=\"1\"><a href=\"#Stellen\"><span style=\"font-weight: 400;\">Stellen Sie Ihre Kochzutaten und -werkzeuge zur Schau<\/span><\/a><\/li><li style=\"font-weight: 400;\" aria-level=\"1\"><a href=\"#Werten\">Werten Sie Ihren Raum mit energieeffizienter Beleuchtung auf<\/a><\/li><li style=\"font-weight: 400;\" aria-level=\"1\"><a href=\"#DIY-Accessoires\"><span style=\"font-weight: 400;\">Erstellen Sie dekorative DIY-Accessoires<\/span><\/a><\/li><li style=\"font-weight: 400;\" aria-level=\"1\"><a href=\"#Couchtisch\"><span style=\"font-weight: 400;\">Dekorieren Sie den Couchtisch mit B\u00fcchern und Kerzen<\/span><\/a><\/li><\/ul>\t\t\t\t\t\t\t\t<\/div>\n\t\t\t\t<\/div>\n\t\t\t\t\t<\/div>\n\t\t<\/div>\n\t\t\t\t\t<\/div>\n\t\t<\/section>\n\t\t\t\t\t<\/div>\n\t\t<\/div>\n\t\t\t\t\t<\/div>\n\t\t<\/section>\n\t\t\t\t<section class=\"elementor-section elementor-top-section elementor-element elementor-element-3132b86 elementor-section-boxed elementor-section-height-default elementor-section-height-default\" data-id=\"3132b86\" data-element_type=\"section\" data-e-type=\"section\">\n\t\t\t\t\t\t<div class=\"elementor-container elementor-column-gap-default\">\n\t\t\t\t\t<div class=\"elementor-column elementor-col-100 elementor-top-column elementor-element elementor-element-6241ea3\" data-id=\"6241ea3\" data-element_type=\"column\" data-e-type=\"column\">\n\t\t\t<div class=\"elementor-widget-wrap elementor-element-populated\">\n\t\t\t\t\t\t<div class=\"elementor-element elementor-element-90a4069 elementor-widget elementor-widget-heading\" data-id=\"90a4069\" data-element_type=\"widget\" data-e-type=\"widget\" id=\"Tapeten\" data-widget_type=\"heading.default\">\n\t\t\t\t<div class=\"elementor-widget-container\">\n\t\t\t\t\t<h2 class=\"elementor-heading-title elementor-size-default\">1.\tVersch\u00f6nern Sie Ihre W\u00e4nde mit Tapeten <\/h2>\t\t\t\t<\/div>\n\t\t\t\t<\/div>\n\t\t\t\t<div class=\"elementor-element elementor-element-a7abe0c elementor-widget elementor-widget-text-editor\" data-id=\"a7abe0c\" data-element_type=\"widget\" data-e-type=\"widget\" data-widget_type=\"text-editor.default\">\n\t\t\t\t<div class=\"elementor-widget-container\">\n\t\t\t\t\t\t\t\t\t<p><span style=\"font-weight: 400;\"><a href=\"https:\/\/www.kunstloft.de\/magazin\/tapeten-wohnzimmer-ideen\/\" target=\"_blank\" rel=\"noopener\">Die Erneuerung Ihrer W\u00e4nde mit Tapeten<\/a> ist eine fantastische M\u00f6glichkeit, das Aussehen und die Atmosph\u00e4re eines jeden Raumes zu ver\u00e4ndern. Mit einer gro\u00dfen Auswahl an Mustern, Strukturen und Farben k\u00f6nnen Sie ganz einfach das gew\u00fcnschte Ambiente schaffen &#8211; von gem\u00fctlich und traditionell bis hin zu modern und lebhaft. Tapeten verleihen Ihrem Raum nicht nur Pers\u00f6nlichkeit, sondern sind auch eine preisg\u00fcnstige Alternative zum Streichen, mit der Sie Ihren ganz eigenen Stil zum Ausdruck bringen k\u00f6nnen.<\/span><\/p>\t\t\t\t\t\t\t\t<\/div>\n\t\t\t\t<\/div>\n\t\t\t\t<div class=\"elementor-element elementor-element-1a1b353 elementor-widget elementor-widget-image\" data-id=\"1a1b353\" data-element_type=\"widget\" data-e-type=\"widget\" data-widget_type=\"image.default\">\n\t\t\t\t<div class=\"elementor-widget-container\">\n\t\t\t\t\t\t\t\t\t\t\t\t\t\t\t\t<a href=\"https:\/\/www.kunstloft.de\/17638-wandtapete-bicycle-vintage\/\" target=\"_blank\">\n\t\t\t\t\t\t\t<img decoding=\"async\" width=\"950\" height=\"950\" src=\"https:\/\/www.kunstloft.de\/magazin\/wp-content\/uploads\/2024\/04\/tapete-bicycle-vintage.webp\" class=\"attachment-large size-large wp-image-11688\" alt=\"tapete bicycle vintage\" srcset=\"https:\/\/www.kunstloft.de\/magazin\/wp-content\/uploads\/2024\/04\/tapete-bicycle-vintage.webp 1000w, https:\/\/www.kunstloft.de\/magazin\/wp-content\/uploads\/2024\/04\/tapete-bicycle-vintage-300x300.webp 300w, https:\/\/www.kunstloft.de\/magazin\/wp-content\/uploads\/2024\/04\/tapete-bicycle-vintage-150x150.webp 150w, https:\/\/www.kunstloft.de\/magazin\/wp-content\/uploads\/2024\/04\/tapete-bicycle-vintage-768x768.webp 768w\" sizes=\"100vw\" \/>\t\t\t\t\t\t\t\t<\/a>\n\t\t\t\t\t\t\t\t\t\t\t\t\t\t\t<\/div>\n\t\t\t\t<\/div>\n\t\t\t\t<div class=\"elementor-element elementor-element-1908b5b elementor-widget elementor-widget-text-editor\" data-id=\"1908b5b\" data-element_type=\"widget\" data-e-type=\"widget\" data-widget_type=\"text-editor.default\">\n\t\t\t\t<div class=\"elementor-widget-container\">\n\t\t\t\t\t\t\t\t\t<p style=\"text-align: center;\"><a href=\"https:\/\/www.kunstloft.de\/17638-wandtapete-bicycle-vintage\/\" target=\"_blank\" rel=\"noopener\">Tapete &#8218;Bicycle (Vintage)&#8216;<\/a><\/p>\t\t\t\t\t\t\t\t<\/div>\n\t\t\t\t<\/div>\n\t\t\t\t\t<\/div>\n\t\t<\/div>\n\t\t\t\t\t<\/div>\n\t\t<\/section>\n\t\t\t\t<section class=\"elementor-section elementor-top-section elementor-element elementor-element-96abc36 elementor-section-boxed elementor-section-height-default elementor-section-height-default\" data-id=\"96abc36\" data-element_type=\"section\" data-e-type=\"section\">\n\t\t\t\t\t\t<div class=\"elementor-container elementor-column-gap-default\">\n\t\t\t\t\t<div class=\"elementor-column elementor-col-50 elementor-top-column elementor-element elementor-element-6779c4c\" data-id=\"6779c4c\" data-element_type=\"column\" data-e-type=\"column\">\n\t\t\t<div class=\"elementor-widget-wrap elementor-element-populated\">\n\t\t\t\t\t\t<div class=\"elementor-element elementor-element-ffbc879 elementor-widget elementor-widget-image\" data-id=\"ffbc879\" data-element_type=\"widget\" data-e-type=\"widget\" data-widget_type=\"image.default\">\n\t\t\t\t<div class=\"elementor-widget-container\">\n\t\t\t\t\t\t\t\t\t\t\t\t\t\t\t\t<a href=\"https:\/\/www.kunstloft.de\/18068-wandtapete-industrial-duet\/\" target=\"_blank\">\n\t\t\t\t\t\t\t<img decoding=\"async\" width=\"950\" height=\"950\" src=\"https:\/\/www.kunstloft.de\/magazin\/wp-content\/uploads\/2024\/04\/wandtapete-industrial-duet-1.webp\" class=\"attachment-large size-large wp-image-11695\" alt=\"wandtapete industrial duet\" srcset=\"https:\/\/www.kunstloft.de\/magazin\/wp-content\/uploads\/2024\/04\/wandtapete-industrial-duet-1.webp 1000w, https:\/\/www.kunstloft.de\/magazin\/wp-content\/uploads\/2024\/04\/wandtapete-industrial-duet-1-300x300.webp 300w, https:\/\/www.kunstloft.de\/magazin\/wp-content\/uploads\/2024\/04\/wandtapete-industrial-duet-1-150x150.webp 150w, https:\/\/www.kunstloft.de\/magazin\/wp-content\/uploads\/2024\/04\/wandtapete-industrial-duet-1-768x768.webp 768w\" sizes=\"100vw\" \/>\t\t\t\t\t\t\t\t<\/a>\n\t\t\t\t\t\t\t\t\t\t\t\t\t\t\t<\/div>\n\t\t\t\t<\/div>\n\t\t\t\t<div class=\"elementor-element elementor-element-ed94525 elementor-widget elementor-widget-text-editor\" data-id=\"ed94525\" data-element_type=\"widget\" data-e-type=\"widget\" data-widget_type=\"text-editor.default\">\n\t\t\t\t<div class=\"elementor-widget-container\">\n\t\t\t\t\t\t\t\t\t<p style=\"text-align: center;\"><a href=\"https:\/\/www.kunstloft.de\/18068-wandtapete-industrial-duet\/\" target=\"_blank\" rel=\"noopener\">Tapete &#8218;Industrial Duet&#8216;<\/a><\/p>\t\t\t\t\t\t\t\t<\/div>\n\t\t\t\t<\/div>\n\t\t\t\t\t<\/div>\n\t\t<\/div>\n\t\t\t\t<div class=\"elementor-column elementor-col-50 elementor-top-column elementor-element elementor-element-d59398e\" data-id=\"d59398e\" data-element_type=\"column\" data-e-type=\"column\">\n\t\t\t<div class=\"elementor-widget-wrap elementor-element-populated\">\n\t\t\t\t\t\t<div class=\"elementor-element elementor-element-6ac4e02 elementor-widget elementor-widget-image\" data-id=\"6ac4e02\" data-element_type=\"widget\" data-e-type=\"widget\" data-widget_type=\"image.default\">\n\t\t\t\t<div class=\"elementor-widget-container\">\n\t\t\t\t\t\t\t\t\t\t\t\t\t\t\t\t<a href=\"https:\/\/www.kunstloft.de\/22412-wandtapete-female-gaze-second-variant\/\" target=\"_blank\">\n\t\t\t\t\t\t\t<img loading=\"lazy\" decoding=\"async\" width=\"950\" height=\"950\" src=\"https:\/\/www.kunstloft.de\/magazin\/wp-content\/uploads\/2024\/04\/wandtapete-female-gaze-second-variant-2-1024x1024.webp\" class=\"attachment-large size-large wp-image-11696\" alt=\"wandtapete female gaze second variant\" srcset=\"https:\/\/www.kunstloft.de\/magazin\/wp-content\/uploads\/2024\/04\/wandtapete-female-gaze-second-variant-2-1024x1024.webp 1024w, https:\/\/www.kunstloft.de\/magazin\/wp-content\/uploads\/2024\/04\/wandtapete-female-gaze-second-variant-2-300x300.webp 300w, https:\/\/www.kunstloft.de\/magazin\/wp-content\/uploads\/2024\/04\/wandtapete-female-gaze-second-variant-2-150x150.webp 150w, https:\/\/www.kunstloft.de\/magazin\/wp-content\/uploads\/2024\/04\/wandtapete-female-gaze-second-variant-2-768x768.webp 768w, https:\/\/www.kunstloft.de\/magazin\/wp-content\/uploads\/2024\/04\/wandtapete-female-gaze-second-variant-2-1536x1536.webp 1536w, https:\/\/www.kunstloft.de\/magazin\/wp-content\/uploads\/2024\/04\/wandtapete-female-gaze-second-variant-2-2000x2000.webp 2000w, https:\/\/www.kunstloft.de\/magazin\/wp-content\/uploads\/2024\/04\/wandtapete-female-gaze-second-variant-2.webp 2048w\" sizes=\"100vw\" \/>\t\t\t\t\t\t\t\t<\/a>\n\t\t\t\t\t\t\t\t\t\t\t\t\t\t\t<\/div>\n\t\t\t\t<\/div>\n\t\t\t\t<div class=\"elementor-element elementor-element-4deedd3 elementor-widget elementor-widget-text-editor\" data-id=\"4deedd3\" data-element_type=\"widget\" data-e-type=\"widget\" data-widget_type=\"text-editor.default\">\n\t\t\t\t<div class=\"elementor-widget-container\">\n\t\t\t\t\t\t\t\t\t<p style=\"text-align: center;\"><a href=\"https:\/\/www.kunstloft.de\/22412-wandtapete-female-gaze-second-variant\/\" rel=\"noopener\">Tapete &#8218;Female Gaze &#8211; Second Variant&#8216;<\/a><\/p>\t\t\t\t\t\t\t\t<\/div>\n\t\t\t\t<\/div>\n\t\t\t\t\t<\/div>\n\t\t<\/div>\n\t\t\t\t\t<\/div>\n\t\t<\/section>\n\t\t\t\t<section class=\"elementor-section elementor-top-section elementor-element elementor-element-4b2af48 elementor-section-boxed elementor-section-height-default elementor-section-height-default\" data-id=\"4b2af48\" data-element_type=\"section\" data-e-type=\"section\">\n\t\t\t\t\t\t<div class=\"elementor-container elementor-column-gap-default\">\n\t\t\t\t\t<div class=\"elementor-column elementor-col-100 elementor-top-column elementor-element elementor-element-779335d\" data-id=\"779335d\" data-element_type=\"column\" data-e-type=\"column\">\n\t\t\t<div class=\"elementor-widget-wrap elementor-element-populated\">\n\t\t\t\t\t\t<div class=\"elementor-element elementor-element-f3e9d99 elementor-widget-divider--view-line_text elementor-widget-divider--element-align-center elementor-widget elementor-widget-divider\" data-id=\"f3e9d99\" data-element_type=\"widget\" data-e-type=\"widget\" data-widget_type=\"divider.default\">\n\t\t\t\t<div class=\"elementor-widget-container\">\n\t\t\t\t\t\t\t<div class=\"elementor-divider\">\n\t\t\t<span class=\"elementor-divider-separator\">\n\t\t\t\t\t\t\t<span class=\"elementor-divider__text elementor-divider__element\">\n\t\t\t\tZEITLOSES TAPETENDESIGN F\u00dcR IHR ZUHAUSE\t\t\t\t<\/span>\n\t\t\t\t\t\t<\/span>\n\t\t<\/div>\n\t\t\t\t\t\t<\/div>\n\t\t\t\t<\/div>\n\t\t\t\t\t<\/div>\n\t\t<\/div>\n\t\t\t\t\t<\/div>\n\t\t<\/section>\n\t\t\t\t<section class=\"elementor-section elementor-top-section elementor-element elementor-element-38a1f64 elementor-section-boxed elementor-section-height-default elementor-section-height-default\" data-id=\"38a1f64\" data-element_type=\"section\" data-e-type=\"section\">\n\t\t\t\t\t\t<div class=\"elementor-container elementor-column-gap-default\">\n\t\t\t\t\t<div class=\"elementor-column elementor-col-20 elementor-top-column elementor-element elementor-element-ca5cbc5\" data-id=\"ca5cbc5\" data-element_type=\"column\" data-e-type=\"column\">\n\t\t\t<div class=\"elementor-widget-wrap elementor-element-populated\">\n\t\t\t\t\t\t<div class=\"elementor-element elementor-element-d9fa68b elementor-widget elementor-widget-image\" data-id=\"d9fa68b\" data-element_type=\"widget\" data-e-type=\"widget\" data-widget_type=\"image.default\">\n\t\t\t\t<div class=\"elementor-widget-container\">\n\t\t\t\t\t\t\t\t\t\t\t\t\t\t\t\t<a href=\"https:\/\/www.kunstloft.de\/8996-wandtapete-versace-flowers-3\/\" target=\"_blank\">\n\t\t\t\t\t\t\t<img loading=\"lazy\" decoding=\"async\" width=\"600\" height=\"540\" src=\"https:\/\/www.kunstloft.de\/magazin\/wp-content\/uploads\/2024\/04\/wandtapete-versace-flowers-3.jpg\" class=\"attachment-medium_large size-medium_large wp-image-11692\" alt=\"wandtapete versace flowers\" srcset=\"https:\/\/www.kunstloft.de\/magazin\/wp-content\/uploads\/2024\/04\/wandtapete-versace-flowers-3.jpg 600w, https:\/\/www.kunstloft.de\/magazin\/wp-content\/uploads\/2024\/04\/wandtapete-versace-flowers-3-300x270.jpg 300w\" sizes=\"100vw\" \/>\t\t\t\t\t\t\t\t<\/a>\n\t\t\t\t\t\t\t\t\t\t\t\t\t\t\t<\/div>\n\t\t\t\t<\/div>\n\t\t\t\t<div class=\"elementor-element elementor-element-cf01f43 elementor-widget elementor-widget-text-editor\" data-id=\"cf01f43\" data-element_type=\"widget\" data-e-type=\"widget\" data-widget_type=\"text-editor.default\">\n\t\t\t\t<div class=\"elementor-widget-container\">\n\t\t\t\t\t\t\t\t\t<p style=\"text-align: center;\"><a href=\"https:\/\/www.kunstloft.de\/8996-wandtapete-versace-flowers-3\/\" target=\"_blank\" rel=\"noopener\">Tapete\n<br\/>&#8218;Versace Flowers 3&#8216;<\/a><\/p>\t\t\t\t\t\t\t\t<\/div>\n\t\t\t\t<\/div>\n\t\t\t\t\t<\/div>\n\t\t<\/div>\n\t\t\t\t<div class=\"elementor-column elementor-col-20 elementor-top-column elementor-element elementor-element-e0dab53\" data-id=\"e0dab53\" data-element_type=\"column\" data-e-type=\"column\">\n\t\t\t<div class=\"elementor-widget-wrap elementor-element-populated\">\n\t\t\t\t\t\t<div class=\"elementor-element elementor-element-1d8170a elementor-widget elementor-widget-image\" data-id=\"1d8170a\" data-element_type=\"widget\" data-e-type=\"widget\" data-widget_type=\"image.default\">\n\t\t\t\t<div class=\"elementor-widget-container\">\n\t\t\t\t\t\t\t\t\t\t\t\t\t\t\t\t<a href=\"https:\/\/www.kunstloft.de\/8590-wandtapete-versace-giungla-4\/\" target=\"_blank\">\n\t\t\t\t\t\t\t<img loading=\"lazy\" decoding=\"async\" width=\"600\" height=\"540\" src=\"https:\/\/www.kunstloft.de\/magazin\/wp-content\/uploads\/2024\/04\/wandtapete-versace-giungla-4.webp\" class=\"attachment-medium_large size-medium_large wp-image-11693\" alt=\"wandtapete versace giungla\" srcset=\"https:\/\/www.kunstloft.de\/magazin\/wp-content\/uploads\/2024\/04\/wandtapete-versace-giungla-4.webp 600w, https:\/\/www.kunstloft.de\/magazin\/wp-content\/uploads\/2024\/04\/wandtapete-versace-giungla-4-300x270.webp 300w\" sizes=\"100vw\" \/>\t\t\t\t\t\t\t\t<\/a>\n\t\t\t\t\t\t\t\t\t\t\t\t\t\t\t<\/div>\n\t\t\t\t<\/div>\n\t\t\t\t<div class=\"elementor-element elementor-element-098f629 elementor-widget elementor-widget-text-editor\" data-id=\"098f629\" data-element_type=\"widget\" data-e-type=\"widget\" data-widget_type=\"text-editor.default\">\n\t\t\t\t<div class=\"elementor-widget-container\">\n\t\t\t\t\t\t\t\t\t<p style=\"text-align: center;\"><a href=\"https:\/\/www.kunstloft.de\/8590-wandtapete-versace-giungla-4\/\" target=\"_blank\" rel=\"noopener\">Tapete\n<br\/>&#8218;Versace Giungla 4&#8216;<\/a><\/p>\t\t\t\t\t\t\t\t<\/div>\n\t\t\t\t<\/div>\n\t\t\t\t\t<\/div>\n\t\t<\/div>\n\t\t\t\t<div class=\"elementor-column elementor-col-20 elementor-top-column elementor-element elementor-element-90852c4\" data-id=\"90852c4\" data-element_type=\"column\" data-e-type=\"column\">\n\t\t\t<div class=\"elementor-widget-wrap elementor-element-populated\">\n\t\t\t\t\t\t<div class=\"elementor-element elementor-element-43ddc2c elementor-widget elementor-widget-image\" data-id=\"43ddc2c\" data-element_type=\"widget\" data-e-type=\"widget\" data-widget_type=\"image.default\">\n\t\t\t\t<div class=\"elementor-widget-container\">\n\t\t\t\t\t\t\t\t\t\t\t\t\t\t\t\t<a href=\"https:\/\/www.kunstloft.de\/8345-wandtapete-metallic-silk-three\/\" target=\"_blank\">\n\t\t\t\t\t\t\t<img loading=\"lazy\" decoding=\"async\" width=\"600\" height=\"540\" src=\"https:\/\/www.kunstloft.de\/magazin\/wp-content\/uploads\/2024\/04\/wandtapete-metallic-silk-three.jpg\" class=\"attachment-medium_large size-medium_large wp-image-11691\" alt=\"wandtapete metallic silk three\" srcset=\"https:\/\/www.kunstloft.de\/magazin\/wp-content\/uploads\/2024\/04\/wandtapete-metallic-silk-three.jpg 600w, https:\/\/www.kunstloft.de\/magazin\/wp-content\/uploads\/2024\/04\/wandtapete-metallic-silk-three-300x270.jpg 300w\" sizes=\"100vw\" \/>\t\t\t\t\t\t\t\t<\/a>\n\t\t\t\t\t\t\t\t\t\t\t\t\t\t\t<\/div>\n\t\t\t\t<\/div>\n\t\t\t\t<div class=\"elementor-element elementor-element-f8c3f45 elementor-widget elementor-widget-text-editor\" data-id=\"f8c3f45\" data-element_type=\"widget\" data-e-type=\"widget\" data-widget_type=\"text-editor.default\">\n\t\t\t\t<div class=\"elementor-widget-container\">\n\t\t\t\t\t\t\t\t\t<p style=\"text-align: center;\"><a href=\"https:\/\/www.kunstloft.de\/8345-wandtapete-metallic-silk-three\/\" target=\"_blank\" rel=\"noopener\">Tapete <br\/>&#8218;Metallic Silk Three&#8216;<\/a><\/p>\t\t\t\t\t\t\t\t<\/div>\n\t\t\t\t<\/div>\n\t\t\t\t\t<\/div>\n\t\t<\/div>\n\t\t\t\t<div class=\"elementor-column elementor-col-20 elementor-top-column elementor-element elementor-element-4d8f999\" data-id=\"4d8f999\" data-element_type=\"column\" data-e-type=\"column\">\n\t\t\t<div class=\"elementor-widget-wrap elementor-element-populated\">\n\t\t\t\t\t\t<div class=\"elementor-element elementor-element-8288c96 elementor-widget elementor-widget-image\" data-id=\"8288c96\" data-element_type=\"widget\" data-e-type=\"widget\" data-widget_type=\"image.default\">\n\t\t\t\t<div class=\"elementor-widget-container\">\n\t\t\t\t\t\t\t\t\t\t\t\t\t\t\t\t<a href=\"https:\/\/www.kunstloft.de\/22596-wandtapete-lush-legends\/\" target=\"_blank\">\n\t\t\t\t\t\t\t<img loading=\"lazy\" decoding=\"async\" width=\"600\" height=\"540\" src=\"https:\/\/www.kunstloft.de\/magazin\/wp-content\/uploads\/2024\/04\/wandtapete-lush-legends.webp\" class=\"attachment-medium_large size-medium_large wp-image-11690\" alt=\"wandtapete lush legends\" srcset=\"https:\/\/www.kunstloft.de\/magazin\/wp-content\/uploads\/2024\/04\/wandtapete-lush-legends.webp 600w, https:\/\/www.kunstloft.de\/magazin\/wp-content\/uploads\/2024\/04\/wandtapete-lush-legends-300x270.webp 300w\" sizes=\"100vw\" \/>\t\t\t\t\t\t\t\t<\/a>\n\t\t\t\t\t\t\t\t\t\t\t\t\t\t\t<\/div>\n\t\t\t\t<\/div>\n\t\t\t\t<div class=\"elementor-element elementor-element-ec16e93 elementor-widget elementor-widget-text-editor\" data-id=\"ec16e93\" data-element_type=\"widget\" data-e-type=\"widget\" data-widget_type=\"text-editor.default\">\n\t\t\t\t<div class=\"elementor-widget-container\">\n\t\t\t\t\t\t\t\t\t<p style=\"text-align: center;\"><a href=\"https:\/\/www.kunstloft.de\/22596-wandtapete-lush-legends\/\" target=\"_blank\" rel=\"noopener\">Tapete\n<br\/>&#8218;Lush Legends&#8216;<\/a><\/p>\t\t\t\t\t\t\t\t<\/div>\n\t\t\t\t<\/div>\n\t\t\t\t\t<\/div>\n\t\t<\/div>\n\t\t\t\t<div class=\"elementor-column elementor-col-20 elementor-top-column elementor-element elementor-element-3a1ccac\" data-id=\"3a1ccac\" data-element_type=\"column\" data-e-type=\"column\">\n\t\t\t<div class=\"elementor-widget-wrap elementor-element-populated\">\n\t\t\t\t\t\t<div class=\"elementor-element elementor-element-1cca34c elementor-widget elementor-widget-image\" data-id=\"1cca34c\" data-element_type=\"widget\" data-e-type=\"widget\" data-widget_type=\"image.default\">\n\t\t\t\t<div class=\"elementor-widget-container\">\n\t\t\t\t\t\t\t\t\t\t\t\t\t\t\t\t<a href=\"https:\/\/www.kunstloft.de\/8432-wandtapete-50s-glam-3\/\" target=\"_blank\">\n\t\t\t\t\t\t\t<img loading=\"lazy\" decoding=\"async\" width=\"600\" height=\"540\" src=\"https:\/\/www.kunstloft.de\/magazin\/wp-content\/uploads\/2024\/04\/wandtapete-50s-glam-3.jpg\" class=\"attachment-medium_large size-medium_large wp-image-11689\" alt=\"wandtapete 50s glam\" srcset=\"https:\/\/www.kunstloft.de\/magazin\/wp-content\/uploads\/2024\/04\/wandtapete-50s-glam-3.jpg 600w, https:\/\/www.kunstloft.de\/magazin\/wp-content\/uploads\/2024\/04\/wandtapete-50s-glam-3-300x270.jpg 300w\" sizes=\"100vw\" \/>\t\t\t\t\t\t\t\t<\/a>\n\t\t\t\t\t\t\t\t\t\t\t\t\t\t\t<\/div>\n\t\t\t\t<\/div>\n\t\t\t\t<div class=\"elementor-element elementor-element-5067f2a elementor-widget elementor-widget-text-editor\" data-id=\"5067f2a\" data-element_type=\"widget\" data-e-type=\"widget\" data-widget_type=\"text-editor.default\">\n\t\t\t\t<div class=\"elementor-widget-container\">\n\t\t\t\t\t\t\t\t\t<p style=\"text-align: center;\"><a href=\"https:\/\/www.kunstloft.de\/8432-wandtapete-50s-glam-3\/\" target=\"_blank\" rel=\"noopener\">Tapete <br\/>&#8217;50&#8217;s Glam 3&#8242;<\/a><\/p>\t\t\t\t\t\t\t\t<\/div>\n\t\t\t\t<\/div>\n\t\t\t\t\t<\/div>\n\t\t<\/div>\n\t\t\t\t\t<\/div>\n\t\t<\/section>\n\t\t\t\t<section class=\"elementor-section elementor-top-section elementor-element elementor-element-9267226 elementor-section-boxed elementor-section-height-default elementor-section-height-default\" data-id=\"9267226\" data-element_type=\"section\" data-e-type=\"section\">\n\t\t\t\t\t\t<div class=\"elementor-container elementor-column-gap-default\">\n\t\t\t\t\t<div class=\"elementor-column elementor-col-100 elementor-top-column elementor-element elementor-element-e876387\" data-id=\"e876387\" data-element_type=\"column\" data-e-type=\"column\">\n\t\t\t<div class=\"elementor-widget-wrap elementor-element-populated\">\n\t\t\t\t\t\t<div class=\"elementor-element elementor-element-93013fd elementor-widget elementor-widget-heading\" data-id=\"93013fd\" data-element_type=\"widget\" data-e-type=\"widget\" id=\"Dekorieren\" data-widget_type=\"heading.default\">\n\t\t\t\t<div class=\"elementor-widget-container\">\n\t\t\t\t\t<h2 class=\"elementor-heading-title elementor-size-default\">2.\tDekorieren Sie Ihren Raum mit Pflanzen und Blumen<\/h2>\t\t\t\t<\/div>\n\t\t\t\t<\/div>\n\t\t\t\t<div class=\"elementor-element elementor-element-a76c5fb elementor-widget elementor-widget-text-editor\" data-id=\"a76c5fb\" data-element_type=\"widget\" data-e-type=\"widget\" data-widget_type=\"text-editor.default\">\n\t\t\t\t<div class=\"elementor-widget-container\">\n\t\t\t\t\t\t\t\t\t<p><span style=\"font-weight: 400;\">Holen Sie sich die Natur ins Haus, <a href=\"https:\/\/www.kunstloft.de\/magazin\/vorteile-natuerlicher-elemente-im-wohndesign\/\" target=\"_blank\" rel=\"noopener\">indem Sie nat\u00fcrliche Elemente wie Pflanzen und Blumen in Ihre Wohnung integrieren<\/a>. Das Hinzuf\u00fcgen von Zimmerpflanzen verbessert nicht nur die \u00c4sthetik Ihres Hauses, sondern auch die Raumluftqualit\u00e4t. W\u00e4hlen Sie pflegeleichte Pflanzen wie Sukkulenten und <\/span><span style=\"font-weight: 400;\">H\u00e4ngepflanzen<\/span><span style=\"font-weight: 400;\">, um Ihr Budget zu schonen.\u00a0<\/span><\/p>\t\t\t\t\t\t\t\t<\/div>\n\t\t\t\t<\/div>\n\t\t\t\t\t<\/div>\n\t\t<\/div>\n\t\t\t\t\t<\/div>\n\t\t<\/section>\n\t\t\t\t<section class=\"elementor-section elementor-top-section elementor-element elementor-element-52d89f9 elementor-section-boxed elementor-section-height-default elementor-section-height-default\" data-id=\"52d89f9\" data-element_type=\"section\" data-e-type=\"section\">\n\t\t\t\t\t\t<div class=\"elementor-container elementor-column-gap-default\">\n\t\t\t\t\t<div class=\"elementor-column elementor-col-50 elementor-top-column elementor-element elementor-element-249bca3\" data-id=\"249bca3\" data-element_type=\"column\" data-e-type=\"column\">\n\t\t\t<div class=\"elementor-widget-wrap elementor-element-populated\">\n\t\t\t\t\t\t<div class=\"elementor-element elementor-element-acfb86a elementor-widget elementor-widget-image\" data-id=\"acfb86a\" data-element_type=\"widget\" data-e-type=\"widget\" data-widget_type=\"image.default\">\n\t\t\t\t<div class=\"elementor-widget-container\">\n\t\t\t\t\t\t\t\t\t\t\t\t\t\t\t<img loading=\"lazy\" decoding=\"async\" width=\"786\" height=\"1024\" src=\"https:\/\/www.kunstloft.de\/magazin\/wp-content\/uploads\/2024\/04\/wohndekoration-mit-pflanzen-786x1024.webp\" class=\"attachment-large size-large wp-image-11700\" alt=\"wohndekoration mit pflanzen\" srcset=\"https:\/\/www.kunstloft.de\/magazin\/wp-content\/uploads\/2024\/04\/wohndekoration-mit-pflanzen-786x1024.webp 786w, https:\/\/www.kunstloft.de\/magazin\/wp-content\/uploads\/2024\/04\/wohndekoration-mit-pflanzen-230x300.webp 230w, https:\/\/www.kunstloft.de\/magazin\/wp-content\/uploads\/2024\/04\/wohndekoration-mit-pflanzen-768x1000.webp 768w, https:\/\/www.kunstloft.de\/magazin\/wp-content\/uploads\/2024\/04\/wohndekoration-mit-pflanzen.webp 1000w\" sizes=\"100vw\" \/>\t\t\t\t\t\t\t\t\t\t\t\t\t\t\t<\/div>\n\t\t\t\t<\/div>\n\t\t\t\t\t<\/div>\n\t\t<\/div>\n\t\t\t\t<div class=\"elementor-column elementor-col-50 elementor-top-column elementor-element elementor-element-cb0756d\" data-id=\"cb0756d\" data-element_type=\"column\" data-e-type=\"column\">\n\t\t\t<div class=\"elementor-widget-wrap elementor-element-populated\">\n\t\t\t\t\t\t<div class=\"elementor-element elementor-element-bcfa94d elementor-widget elementor-widget-image\" data-id=\"bcfa94d\" data-element_type=\"widget\" data-e-type=\"widget\" data-widget_type=\"image.default\">\n\t\t\t\t<div class=\"elementor-widget-container\">\n\t\t\t\t\t\t\t\t\t\t\t\t\t\t\t<img loading=\"lazy\" decoding=\"async\" width=\"786\" height=\"1024\" src=\"https:\/\/www.kunstloft.de\/magazin\/wp-content\/uploads\/2024\/04\/pflanzen-zur-dekoration-ihres-hauses-786x1024.webp\" class=\"attachment-large size-large wp-image-11699\" alt=\"pflanzen zur dekoration ihres hauses\" srcset=\"https:\/\/www.kunstloft.de\/magazin\/wp-content\/uploads\/2024\/04\/pflanzen-zur-dekoration-ihres-hauses-786x1024.webp 786w, https:\/\/www.kunstloft.de\/magazin\/wp-content\/uploads\/2024\/04\/pflanzen-zur-dekoration-ihres-hauses-230x300.webp 230w, https:\/\/www.kunstloft.de\/magazin\/wp-content\/uploads\/2024\/04\/pflanzen-zur-dekoration-ihres-hauses-768x1000.webp 768w, https:\/\/www.kunstloft.de\/magazin\/wp-content\/uploads\/2024\/04\/pflanzen-zur-dekoration-ihres-hauses.webp 1000w\" sizes=\"100vw\" \/>\t\t\t\t\t\t\t\t\t\t\t\t\t\t\t<\/div>\n\t\t\t\t<\/div>\n\t\t\t\t\t<\/div>\n\t\t<\/div>\n\t\t\t\t\t<\/div>\n\t\t<\/section>\n\t\t\t\t<section class=\"elementor-section elementor-top-section elementor-element elementor-element-4e1fe09 elementor-section-boxed elementor-section-height-default elementor-section-height-default\" data-id=\"4e1fe09\" data-element_type=\"section\" data-e-type=\"section\">\n\t\t\t\t\t\t<div class=\"elementor-container elementor-column-gap-default\">\n\t\t\t\t\t<div class=\"elementor-column elementor-col-100 elementor-top-column elementor-element elementor-element-464cafe\" data-id=\"464cafe\" data-element_type=\"column\" data-e-type=\"column\">\n\t\t\t<div class=\"elementor-widget-wrap elementor-element-populated\">\n\t\t\t\t\t\t<div class=\"elementor-element elementor-element-57f360b elementor-widget elementor-widget-heading\" data-id=\"57f360b\" data-element_type=\"widget\" data-e-type=\"widget\" id=\"Wandgalerie\" data-widget_type=\"heading.default\">\n\t\t\t\t<div class=\"elementor-widget-container\">\n\t\t\t\t\t<h2 class=\"elementor-heading-title elementor-size-default\">3.\tErstellen Sie eine personalisierte Wandgalerie <\/h2>\t\t\t\t<\/div>\n\t\t\t\t<\/div>\n\t\t\t\t<div class=\"elementor-element elementor-element-cb3b21b elementor-widget elementor-widget-text-editor\" data-id=\"cb3b21b\" data-element_type=\"widget\" data-e-type=\"widget\" data-widget_type=\"text-editor.default\">\n\t\t\t\t<div class=\"elementor-widget-container\">\n\t\t\t\t\t\t\t\t\t<p>Bringen Sie Ihre Pers\u00f6nlichkeit in Ihr Zuhause, indem Sie mit Ihrer Wandgalerie pers\u00f6nliche Akzente setzen, gerahmte Familienfotos, <a href=\"https:\/\/www.kunstloft.de\/auftragsmalerei\/\" target=\"_blank\" rel=\"noopener\">handgemalte Fotokunstwerke<\/a> oder Gegenst\u00e4nde mit Erinnerungswert ausstellen und so Ihren Raum wirklich zu Ihrem eigenen machen.<\/p>\t\t\t\t\t\t\t\t<\/div>\n\t\t\t\t<\/div>\n\t\t\t\t\t<\/div>\n\t\t<\/div>\n\t\t\t\t\t<\/div>\n\t\t<\/section>\n\t\t\t\t<section class=\"elementor-section elementor-top-section elementor-element elementor-element-a1ff2f9 elementor-section-boxed elementor-section-height-default elementor-section-height-default\" data-id=\"a1ff2f9\" data-element_type=\"section\" data-e-type=\"section\">\n\t\t\t\t\t\t<div class=\"elementor-container elementor-column-gap-default\">\n\t\t\t\t\t<div class=\"elementor-column elementor-col-50 elementor-top-column elementor-element elementor-element-d75179b\" data-id=\"d75179b\" data-element_type=\"column\" data-e-type=\"column\">\n\t\t\t<div class=\"elementor-widget-wrap elementor-element-populated\">\n\t\t\t\t\t\t<div class=\"elementor-element elementor-element-350b68b elementor-widget elementor-widget-image\" data-id=\"350b68b\" data-element_type=\"widget\" data-e-type=\"widget\" data-widget_type=\"image.default\">\n\t\t\t\t<div class=\"elementor-widget-container\">\n\t\t\t\t\t\t\t\t\t\t\t\t\t\t\t<img loading=\"lazy\" decoding=\"async\" width=\"726\" height=\"1024\" src=\"https:\/\/www.kunstloft.de\/magazin\/wp-content\/uploads\/2024\/04\/personalisierte-kunst-wandgalerie-726x1024.jpg\" class=\"attachment-large size-large wp-image-11697\" alt=\"personalisierte kunst wandgalerie\" srcset=\"https:\/\/www.kunstloft.de\/magazin\/wp-content\/uploads\/2024\/04\/personalisierte-kunst-wandgalerie-726x1024.jpg 726w, https:\/\/www.kunstloft.de\/magazin\/wp-content\/uploads\/2024\/04\/personalisierte-kunst-wandgalerie-213x300.jpg 213w, https:\/\/www.kunstloft.de\/magazin\/wp-content\/uploads\/2024\/04\/personalisierte-kunst-wandgalerie-768x1084.jpg 768w, https:\/\/www.kunstloft.de\/magazin\/wp-content\/uploads\/2024\/04\/personalisierte-kunst-wandgalerie.jpg 800w\" sizes=\"100vw\" \/>\t\t\t\t\t\t\t\t\t\t\t\t\t\t\t<\/div>\n\t\t\t\t<\/div>\n\t\t\t\t\t<\/div>\n\t\t<\/div>\n\t\t\t\t<div class=\"elementor-column elementor-col-50 elementor-top-column elementor-element elementor-element-ff8f257\" data-id=\"ff8f257\" data-element_type=\"column\" data-e-type=\"column\">\n\t\t\t<div class=\"elementor-widget-wrap elementor-element-populated\">\n\t\t\t\t\t\t<div class=\"elementor-element elementor-element-a95a4fe elementor-widget elementor-widget-image\" data-id=\"a95a4fe\" data-element_type=\"widget\" data-e-type=\"widget\" data-widget_type=\"image.default\">\n\t\t\t\t<div class=\"elementor-widget-container\">\n\t\t\t\t\t\t\t\t\t\t\t\t\t\t\t<img loading=\"lazy\" decoding=\"async\" width=\"726\" height=\"1024\" src=\"https:\/\/www.kunstloft.de\/magazin\/wp-content\/uploads\/2024\/04\/personalisierte-wandgalerie-726x1024.jpg\" class=\"attachment-large size-large wp-image-11698\" alt=\"personalisierte wandgalerie\" srcset=\"https:\/\/www.kunstloft.de\/magazin\/wp-content\/uploads\/2024\/04\/personalisierte-wandgalerie-726x1024.jpg 726w, https:\/\/www.kunstloft.de\/magazin\/wp-content\/uploads\/2024\/04\/personalisierte-wandgalerie-213x300.jpg 213w, https:\/\/www.kunstloft.de\/magazin\/wp-content\/uploads\/2024\/04\/personalisierte-wandgalerie-768x1084.jpg 768w, https:\/\/www.kunstloft.de\/magazin\/wp-content\/uploads\/2024\/04\/personalisierte-wandgalerie.jpg 800w\" sizes=\"100vw\" \/>\t\t\t\t\t\t\t\t\t\t\t\t\t\t\t<\/div>\n\t\t\t\t<\/div>\n\t\t\t\t\t<\/div>\n\t\t<\/div>\n\t\t\t\t\t<\/div>\n\t\t<\/section>\n\t\t\t\t<section class=\"elementor-section elementor-top-section elementor-element elementor-element-238345f elementor-section-boxed elementor-section-height-default elementor-section-height-default\" data-id=\"238345f\" data-element_type=\"section\" data-e-type=\"section\">\n\t\t\t\t\t\t<div class=\"elementor-container elementor-column-gap-default\">\n\t\t\t\t\t<div class=\"elementor-column elementor-col-100 elementor-top-column elementor-element elementor-element-0d48eef\" data-id=\"0d48eef\" data-element_type=\"column\" data-e-type=\"column\">\n\t\t\t<div class=\"elementor-widget-wrap elementor-element-populated\">\n\t\t\t\t\t\t<div class=\"elementor-element elementor-element-bd118f2 elementor-widget elementor-widget-heading\" data-id=\"bd118f2\" data-element_type=\"widget\" data-e-type=\"widget\" id=\"Stellen\" data-widget_type=\"heading.default\">\n\t\t\t\t<div class=\"elementor-widget-container\">\n\t\t\t\t\t<h2 class=\"elementor-heading-title elementor-size-default\">4.\tStellen Sie Ihre Kochzutaten und -utensilien zur Schau<\/h2>\t\t\t\t<\/div>\n\t\t\t\t<\/div>\n\t\t\t\t<div class=\"elementor-element elementor-element-9a82145 elementor-widget elementor-widget-text-editor\" data-id=\"9a82145\" data-element_type=\"widget\" data-e-type=\"widget\" data-widget_type=\"text-editor.default\">\n\t\t\t\t<div class=\"elementor-widget-container\">\n\t\t\t\t\t\t\t\t\t<p><span style=\"font-weight: 400;\">Das Ausstellen Ihrer Kochzutaten und -utensilien kann sowohl funktionale als auch \u00e4sthetische Zwecke in Ihrer K\u00fcche erf\u00fcllen. Indem Sie sie auf offenen Regalen oder in dekorativen Beh\u00e4ltern aufstellen, haben Sie nicht nur leichten Zugang zu dem, was Sie beim Kochen brauchen, sondern Sie schaffen auch eine optisch ansprechende Pr\u00e4sentation, die Ihrer K\u00fcche Charakter verleiht. Auf diese Weise k\u00f6nnen Sie Ihre Liebe zum Kochen unter Beweis stellen und allt\u00e4gliche Dinge in dekorative Elemente verwandeln.<\/span><\/p>\t\t\t\t\t\t\t\t<\/div>\n\t\t\t\t<\/div>\n\t\t\t\t\t<\/div>\n\t\t<\/div>\n\t\t\t\t\t<\/div>\n\t\t<\/section>\n\t\t\t\t<section class=\"elementor-section elementor-top-section elementor-element elementor-element-6dd87ba elementor-section-boxed elementor-section-height-default elementor-section-height-default\" data-id=\"6dd87ba\" data-element_type=\"section\" data-e-type=\"section\">\n\t\t\t\t\t\t<div class=\"elementor-container elementor-column-gap-default\">\n\t\t\t\t\t<div class=\"elementor-column elementor-col-50 elementor-top-column elementor-element elementor-element-8078c70\" data-id=\"8078c70\" data-element_type=\"column\" data-e-type=\"column\">\n\t\t\t<div class=\"elementor-widget-wrap elementor-element-populated\">\n\t\t\t\t\t\t<div class=\"elementor-element elementor-element-ef3ada6 elementor-widget elementor-widget-image\" data-id=\"ef3ada6\" data-element_type=\"widget\" data-e-type=\"widget\" data-widget_type=\"image.default\">\n\t\t\t\t<div class=\"elementor-widget-container\">\n\t\t\t\t\t\t\t\t\t\t\t\t\t\t\t<img loading=\"lazy\" decoding=\"async\" width=\"726\" height=\"1024\" src=\"https:\/\/www.kunstloft.de\/magazin\/wp-content\/uploads\/2024\/01\/kochutensilien-in-der-auslage-wohndekoration-mit-kleinem-budget-726x1024.webp\" class=\"attachment-large size-large wp-image-11987\" alt=\"kochutensilien in der auslage wohndekoration mit kleinem budget\" srcset=\"https:\/\/www.kunstloft.de\/magazin\/wp-content\/uploads\/2024\/01\/kochutensilien-in-der-auslage-wohndekoration-mit-kleinem-budget-726x1024.webp 726w, https:\/\/www.kunstloft.de\/magazin\/wp-content\/uploads\/2024\/01\/kochutensilien-in-der-auslage-wohndekoration-mit-kleinem-budget-213x300.webp 213w, https:\/\/www.kunstloft.de\/magazin\/wp-content\/uploads\/2024\/01\/kochutensilien-in-der-auslage-wohndekoration-mit-kleinem-budget-768x1084.webp 768w, https:\/\/www.kunstloft.de\/magazin\/wp-content\/uploads\/2024\/01\/kochutensilien-in-der-auslage-wohndekoration-mit-kleinem-budget.webp 800w\" sizes=\"100vw\" \/>\t\t\t\t\t\t\t\t\t\t\t\t\t\t\t<\/div>\n\t\t\t\t<\/div>\n\t\t\t\t\t<\/div>\n\t\t<\/div>\n\t\t\t\t<div class=\"elementor-column elementor-col-50 elementor-top-column elementor-element elementor-element-af0684b\" data-id=\"af0684b\" data-element_type=\"column\" data-e-type=\"column\">\n\t\t\t<div class=\"elementor-widget-wrap elementor-element-populated\">\n\t\t\t\t\t\t<div class=\"elementor-element elementor-element-7ea9e59 elementor-widget elementor-widget-image\" data-id=\"7ea9e59\" data-element_type=\"widget\" data-e-type=\"widget\" data-widget_type=\"image.default\">\n\t\t\t\t<div class=\"elementor-widget-container\">\n\t\t\t\t\t\t\t\t\t\t\t\t\t\t\t<img loading=\"lazy\" decoding=\"async\" width=\"726\" height=\"1024\" src=\"https:\/\/www.kunstloft.de\/magazin\/wp-content\/uploads\/2024\/01\/kochzutaten-in-der-auslage-wohndekoration-mit-kleinem-budget-726x1024.webp\" class=\"attachment-large size-large wp-image-11988\" alt=\"kochzutaten in der auslage wohndekoration mit kleinem budget\" srcset=\"https:\/\/www.kunstloft.de\/magazin\/wp-content\/uploads\/2024\/01\/kochzutaten-in-der-auslage-wohndekoration-mit-kleinem-budget-726x1024.webp 726w, https:\/\/www.kunstloft.de\/magazin\/wp-content\/uploads\/2024\/01\/kochzutaten-in-der-auslage-wohndekoration-mit-kleinem-budget-213x300.webp 213w, https:\/\/www.kunstloft.de\/magazin\/wp-content\/uploads\/2024\/01\/kochzutaten-in-der-auslage-wohndekoration-mit-kleinem-budget-768x1084.webp 768w, https:\/\/www.kunstloft.de\/magazin\/wp-content\/uploads\/2024\/01\/kochzutaten-in-der-auslage-wohndekoration-mit-kleinem-budget.webp 800w\" sizes=\"100vw\" \/>\t\t\t\t\t\t\t\t\t\t\t\t\t\t\t<\/div>\n\t\t\t\t<\/div>\n\t\t\t\t\t<\/div>\n\t\t<\/div>\n\t\t\t\t\t<\/div>\n\t\t<\/section>\n\t\t\t\t<section class=\"elementor-section elementor-top-section elementor-element elementor-element-04206d7 elementor-section-boxed elementor-section-height-default elementor-section-height-default\" data-id=\"04206d7\" data-element_type=\"section\" data-e-type=\"section\">\n\t\t\t\t\t\t<div class=\"elementor-container elementor-column-gap-default\">\n\t\t\t\t\t<div class=\"elementor-column elementor-col-100 elementor-top-column elementor-element elementor-element-9d9f244\" data-id=\"9d9f244\" data-element_type=\"column\" data-e-type=\"column\">\n\t\t\t<div class=\"elementor-widget-wrap elementor-element-populated\">\n\t\t\t\t\t\t<div class=\"elementor-element elementor-element-4f3c8fa elementor-widget elementor-widget-heading\" data-id=\"4f3c8fa\" data-element_type=\"widget\" data-e-type=\"widget\" id=\"Werten\" data-widget_type=\"heading.default\">\n\t\t\t\t<div class=\"elementor-widget-container\">\n\t\t\t\t\t<h2 class=\"elementor-heading-title elementor-size-default\">5.\tWerten Sie Ihren Raum mit energieeffizienter Beleuchtung auf<\/h2>\t\t\t\t<\/div>\n\t\t\t\t<\/div>\n\t\t\t\t<div class=\"elementor-element elementor-element-488f0b3 elementor-widget elementor-widget-text-editor\" data-id=\"488f0b3\" data-element_type=\"widget\" data-e-type=\"widget\" data-widget_type=\"text-editor.default\">\n\t\t\t\t<div class=\"elementor-widget-container\">\n\t\t\t\t\t\t\t\t\t<p><span style=\"font-weight: 400;\">Die Beleuchtung kann das Ambiente Ihres Hauses erheblich beeinflussen. <a href=\"https:\/\/www.kunstloft.de\/deko-leuchten\/\" target=\"_blank\" rel=\"noopener\">Kaufen Sie energieeffiziente Beleuchtungsk\u00f6rper<\/a>, die zu Ihrem Einrichtungsthema passen und die richtige Beleuchtung bieten.<\/span><\/p>\t\t\t\t\t\t\t\t<\/div>\n\t\t\t\t<\/div>\n\t\t\t\t<div class=\"elementor-element elementor-element-5af9035 elementor-widget elementor-widget-image\" data-id=\"5af9035\" data-element_type=\"widget\" data-e-type=\"widget\" data-widget_type=\"image.default\">\n\t\t\t\t<div class=\"elementor-widget-container\">\n\t\t\t\t\t\t\t\t\t\t\t\t\t\t\t\t<a href=\"https:\/\/www.kunstloft.de\/18902-wandleuchte-amulet\/\" target=\"_blank\">\n\t\t\t\t\t\t\t<img loading=\"lazy\" decoding=\"async\" width=\"950\" height=\"950\" src=\"https:\/\/www.kunstloft.de\/magazin\/wp-content\/uploads\/2024\/04\/wandleuchte-amulet.webp\" class=\"attachment-large size-large wp-image-11735\" alt=\"wandleuchte amulet\" srcset=\"https:\/\/www.kunstloft.de\/magazin\/wp-content\/uploads\/2024\/04\/wandleuchte-amulet.webp 1000w, https:\/\/www.kunstloft.de\/magazin\/wp-content\/uploads\/2024\/04\/wandleuchte-amulet-300x300.webp 300w, https:\/\/www.kunstloft.de\/magazin\/wp-content\/uploads\/2024\/04\/wandleuchte-amulet-150x150.webp 150w, https:\/\/www.kunstloft.de\/magazin\/wp-content\/uploads\/2024\/04\/wandleuchte-amulet-768x768.webp 768w\" sizes=\"100vw\" \/>\t\t\t\t\t\t\t\t<\/a>\n\t\t\t\t\t\t\t\t\t\t\t\t\t\t\t<\/div>\n\t\t\t\t<\/div>\n\t\t\t\t<div class=\"elementor-element elementor-element-25d06f2 elementor-widget elementor-widget-text-editor\" data-id=\"25d06f2\" data-element_type=\"widget\" data-e-type=\"widget\" data-widget_type=\"text-editor.default\">\n\t\t\t\t<div class=\"elementor-widget-container\">\n\t\t\t\t\t\t\t\t\t<p style=\"text-align: center;\"><a href=\"https:\/\/www.kunstloft.de\/18902-wandleuchte-amulet\/\" target=\"_blank\" rel=\"noopener\"><span style=\"color: #00a099;\">Design Wandleuchte &#8218;Amulet&#8216;<\/span><\/a><\/p>\t\t\t\t\t\t\t\t<\/div>\n\t\t\t\t<\/div>\n\t\t\t\t\t<\/div>\n\t\t<\/div>\n\t\t\t\t\t<\/div>\n\t\t<\/section>\n\t\t\t\t<section class=\"elementor-section elementor-top-section elementor-element elementor-element-5936999 elementor-section-boxed elementor-section-height-default elementor-section-height-default\" data-id=\"5936999\" data-element_type=\"section\" data-e-type=\"section\">\n\t\t\t\t\t\t<div class=\"elementor-container elementor-column-gap-default\">\n\t\t\t\t\t<div class=\"elementor-column elementor-col-50 elementor-top-column elementor-element elementor-element-a4806b3\" data-id=\"a4806b3\" data-element_type=\"column\" data-e-type=\"column\">\n\t\t\t<div class=\"elementor-widget-wrap elementor-element-populated\">\n\t\t\t\t\t\t<div class=\"elementor-element elementor-element-bc93be2 elementor-widget elementor-widget-image\" data-id=\"bc93be2\" data-element_type=\"widget\" data-e-type=\"widget\" data-widget_type=\"image.default\">\n\t\t\t\t<div class=\"elementor-widget-container\">\n\t\t\t\t\t\t\t\t\t\t\t\t\t\t\t\t<a href=\"https:\/\/www.kunstloft.de\/22655-deckenleuchte-solaris-3\/\" target=\"_blank\">\n\t\t\t\t\t\t\t<img loading=\"lazy\" decoding=\"async\" width=\"950\" height=\"634\" src=\"https:\/\/www.kunstloft.de\/magazin\/wp-content\/uploads\/2024\/04\/deckenleuchte-solaris-3-1024x683.webp\" class=\"attachment-large size-large wp-image-11733\" alt=\"deckenleuchte solaris 3\" srcset=\"https:\/\/www.kunstloft.de\/magazin\/wp-content\/uploads\/2024\/04\/deckenleuchte-solaris-3-1024x683.webp 1024w, https:\/\/www.kunstloft.de\/magazin\/wp-content\/uploads\/2024\/04\/deckenleuchte-solaris-3-300x200.webp 300w, https:\/\/www.kunstloft.de\/magazin\/wp-content\/uploads\/2024\/04\/deckenleuchte-solaris-3-768x512.webp 768w, https:\/\/www.kunstloft.de\/magazin\/wp-content\/uploads\/2024\/04\/deckenleuchte-solaris-3-1536x1024.webp 1536w, https:\/\/www.kunstloft.de\/magazin\/wp-content\/uploads\/2024\/04\/deckenleuchte-solaris-3.webp 1920w\" sizes=\"100vw\" \/>\t\t\t\t\t\t\t\t<\/a>\n\t\t\t\t\t\t\t\t\t\t\t\t\t\t\t<\/div>\n\t\t\t\t<\/div>\n\t\t\t\t<div class=\"elementor-element elementor-element-cc4fc2b elementor-widget elementor-widget-text-editor\" data-id=\"cc4fc2b\" data-element_type=\"widget\" data-e-type=\"widget\" data-widget_type=\"text-editor.default\">\n\t\t\t\t<div class=\"elementor-widget-container\">\n\t\t\t\t\t\t\t\t\t<p style=\"text-align: center;\"><a href=\"https:\/\/www.kunstloft.de\/22655-deckenleuchte-solaris-3\/\" target=\"_blank\" rel=\"noopener\"><span style=\"color: #00a099;\">Design Deckenleuchte &#8218;SOLARIS 3&#8216;<\/span><\/a><\/p>\t\t\t\t\t\t\t\t<\/div>\n\t\t\t\t<\/div>\n\t\t\t\t\t<\/div>\n\t\t<\/div>\n\t\t\t\t<div class=\"elementor-column elementor-col-50 elementor-top-column elementor-element elementor-element-af23b56\" data-id=\"af23b56\" data-element_type=\"column\" data-e-type=\"column\">\n\t\t\t<div class=\"elementor-widget-wrap elementor-element-populated\">\n\t\t\t\t\t\t<div class=\"elementor-element elementor-element-ef51a92 elementor-widget elementor-widget-image\" data-id=\"ef51a92\" data-element_type=\"widget\" data-e-type=\"widget\" data-widget_type=\"image.default\">\n\t\t\t\t<div class=\"elementor-widget-container\">\n\t\t\t\t\t\t\t\t\t\t\t\t\t\t\t\t<a href=\"https:\/\/www.kunstloft.de\/22666-wandleuchte-solaris-9\/\" target=\"_blank\">\n\t\t\t\t\t\t\t<img loading=\"lazy\" decoding=\"async\" width=\"950\" height=\"634\" src=\"https:\/\/www.kunstloft.de\/magazin\/wp-content\/uploads\/2024\/04\/wandleuchte-solaris-9-1024x683.webp\" class=\"attachment-large size-large wp-image-11734\" alt=\"wandleuchte solaris 9\" srcset=\"https:\/\/www.kunstloft.de\/magazin\/wp-content\/uploads\/2024\/04\/wandleuchte-solaris-9-1024x683.webp 1024w, https:\/\/www.kunstloft.de\/magazin\/wp-content\/uploads\/2024\/04\/wandleuchte-solaris-9-300x200.webp 300w, https:\/\/www.kunstloft.de\/magazin\/wp-content\/uploads\/2024\/04\/wandleuchte-solaris-9-768x512.webp 768w, https:\/\/www.kunstloft.de\/magazin\/wp-content\/uploads\/2024\/04\/wandleuchte-solaris-9-1536x1024.webp 1536w, https:\/\/www.kunstloft.de\/magazin\/wp-content\/uploads\/2024\/04\/wandleuchte-solaris-9.webp 1920w\" sizes=\"100vw\" \/>\t\t\t\t\t\t\t\t<\/a>\n\t\t\t\t\t\t\t\t\t\t\t\t\t\t\t<\/div>\n\t\t\t\t<\/div>\n\t\t\t\t<div class=\"elementor-element elementor-element-8401b40 elementor-widget elementor-widget-text-editor\" data-id=\"8401b40\" data-element_type=\"widget\" data-e-type=\"widget\" data-widget_type=\"text-editor.default\">\n\t\t\t\t<div class=\"elementor-widget-container\">\n\t\t\t\t\t\t\t\t\t<p style=\"text-align: center;\"><a href=\"https:\/\/www.kunstloft.de\/22666-wandleuchte-solaris-9\/\" target=\"_blank\" rel=\"noopener\">Design Wandleuchte &#8218;SOLARIS 9&#8216;<\/a><\/p>\t\t\t\t\t\t\t\t<\/div>\n\t\t\t\t<\/div>\n\t\t\t\t\t<\/div>\n\t\t<\/div>\n\t\t\t\t\t<\/div>\n\t\t<\/section>\n\t\t\t\t<section class=\"elementor-section elementor-top-section elementor-element elementor-element-20345d0 elementor-section-boxed elementor-section-height-default elementor-section-height-default\" data-id=\"20345d0\" data-element_type=\"section\" data-e-type=\"section\">\n\t\t\t\t\t\t<div class=\"elementor-container elementor-column-gap-default\">\n\t\t\t\t\t<div class=\"elementor-column elementor-col-100 elementor-top-column elementor-element elementor-element-ad5b151\" data-id=\"ad5b151\" data-element_type=\"column\" data-e-type=\"column\">\n\t\t\t<div class=\"elementor-widget-wrap elementor-element-populated\">\n\t\t\t\t\t\t<div class=\"elementor-element elementor-element-ec868cc elementor-widget-divider--view-line_text elementor-widget-divider--element-align-center elementor-widget elementor-widget-divider\" data-id=\"ec868cc\" data-element_type=\"widget\" data-e-type=\"widget\" data-widget_type=\"divider.default\">\n\t\t\t\t<div class=\"elementor-widget-container\">\n\t\t\t\t\t\t\t<div class=\"elementor-divider\">\n\t\t\t<span class=\"elementor-divider-separator\">\n\t\t\t\t\t\t\t<span class=\"elementor-divider__text elementor-divider__element\">\n\t\t\t\tENERGIESPARENDE BELEUCHTUNGSARMATUREN F\u00dcR IHR ZUHAUSE\t\t\t\t<\/span>\n\t\t\t\t\t\t<\/span>\n\t\t<\/div>\n\t\t\t\t\t\t<\/div>\n\t\t\t\t<\/div>\n\t\t\t\t\t<\/div>\n\t\t<\/div>\n\t\t\t\t\t<\/div>\n\t\t<\/section>\n\t\t\t\t<section class=\"elementor-section elementor-top-section elementor-element elementor-element-9724890 elementor-section-boxed elementor-section-height-default elementor-section-height-default\" data-id=\"9724890\" data-element_type=\"section\" data-e-type=\"section\">\n\t\t\t\t\t\t<div class=\"elementor-container elementor-column-gap-default\">\n\t\t\t\t\t<div class=\"elementor-column elementor-col-20 elementor-top-column elementor-element elementor-element-30518a5\" data-id=\"30518a5\" data-element_type=\"column\" data-e-type=\"column\">\n\t\t\t<div class=\"elementor-widget-wrap elementor-element-populated\">\n\t\t\t\t\t\t<div class=\"elementor-element elementor-element-fcaf83f elementor-widget elementor-widget-image\" data-id=\"fcaf83f\" data-element_type=\"widget\" data-e-type=\"widget\" data-widget_type=\"image.default\">\n\t\t\t\t<div class=\"elementor-widget-container\">\n\t\t\t\t\t\t\t\t\t\t\t\t\t\t\t\t<a href=\"https:\/\/www.kunstloft.de\/18768-wandleuchte-comodo-1\/\" target=\"_blank\">\n\t\t\t\t\t\t\t<img loading=\"lazy\" decoding=\"async\" width=\"950\" height=\"950\" src=\"https:\/\/www.kunstloft.de\/magazin\/wp-content\/uploads\/2024\/04\/wandleuchte-comodo-1-1024x1024.webp\" class=\"attachment-large size-large wp-image-11741\" alt=\"wandleuchte comodo 1\" srcset=\"https:\/\/www.kunstloft.de\/magazin\/wp-content\/uploads\/2024\/04\/wandleuchte-comodo-1-1024x1024.webp 1024w, https:\/\/www.kunstloft.de\/magazin\/wp-content\/uploads\/2024\/04\/wandleuchte-comodo-1-300x300.webp 300w, https:\/\/www.kunstloft.de\/magazin\/wp-content\/uploads\/2024\/04\/wandleuchte-comodo-1-150x150.webp 150w, https:\/\/www.kunstloft.de\/magazin\/wp-content\/uploads\/2024\/04\/wandleuchte-comodo-1-768x768.webp 768w, https:\/\/www.kunstloft.de\/magazin\/wp-content\/uploads\/2024\/04\/wandleuchte-comodo-1-1536x1536.webp 1536w, https:\/\/www.kunstloft.de\/magazin\/wp-content\/uploads\/2024\/04\/wandleuchte-comodo-1.webp 2000w\" sizes=\"100vw\" \/>\t\t\t\t\t\t\t\t<\/a>\n\t\t\t\t\t\t\t\t\t\t\t\t\t\t\t<\/div>\n\t\t\t\t<\/div>\n\t\t\t\t<div class=\"elementor-element elementor-element-d96fc3a elementor-widget elementor-widget-text-editor\" data-id=\"d96fc3a\" data-element_type=\"widget\" data-e-type=\"widget\" data-widget_type=\"text-editor.default\">\n\t\t\t\t<div class=\"elementor-widget-container\">\n\t\t\t\t\t\t\t\t\t<p style=\"text-align: center;\"><a href=\"https:\/\/www.kunstloft.de\/18768-wandleuchte-comodo-1\/\" target=\"_blank\" rel=\"noopener\"><span style=\"color: #00a099;\">Design Wandleuchte &#8218;Comodo 1&#8216;<\/span><\/a><\/p>\t\t\t\t\t\t\t\t<\/div>\n\t\t\t\t<\/div>\n\t\t\t\t\t<\/div>\n\t\t<\/div>\n\t\t\t\t<div class=\"elementor-column elementor-col-20 elementor-top-column elementor-element elementor-element-8ce410d\" data-id=\"8ce410d\" data-element_type=\"column\" data-e-type=\"column\">\n\t\t\t<div class=\"elementor-widget-wrap elementor-element-populated\">\n\t\t\t\t\t\t<div class=\"elementor-element elementor-element-3d766f3 elementor-widget elementor-widget-image\" data-id=\"3d766f3\" data-element_type=\"widget\" data-e-type=\"widget\" data-widget_type=\"image.default\">\n\t\t\t\t<div class=\"elementor-widget-container\">\n\t\t\t\t\t\t\t\t\t\t\t\t\t\t\t\t<a href=\"https:\/\/www.kunstloft.de\/13134-deckenleuchte-treo-8\/\" target=\"_blank\">\n\t\t\t\t\t\t\t<img loading=\"lazy\" decoding=\"async\" width=\"600\" height=\"600\" src=\"https:\/\/www.kunstloft.de\/magazin\/wp-content\/uploads\/2024\/04\/deckenleuchte-treo-8.webp\" class=\"attachment-medium_large size-medium_large wp-image-11748\" alt=\"deckenleuchte treo 8\" srcset=\"https:\/\/www.kunstloft.de\/magazin\/wp-content\/uploads\/2024\/04\/deckenleuchte-treo-8.webp 600w, https:\/\/www.kunstloft.de\/magazin\/wp-content\/uploads\/2024\/04\/deckenleuchte-treo-8-300x300.webp 300w, https:\/\/www.kunstloft.de\/magazin\/wp-content\/uploads\/2024\/04\/deckenleuchte-treo-8-150x150.webp 150w\" sizes=\"100vw\" \/>\t\t\t\t\t\t\t\t<\/a>\n\t\t\t\t\t\t\t\t\t\t\t\t\t\t\t<\/div>\n\t\t\t\t<\/div>\n\t\t\t\t<div class=\"elementor-element elementor-element-ed36942 elementor-widget elementor-widget-text-editor\" data-id=\"ed36942\" data-element_type=\"widget\" data-e-type=\"widget\" data-widget_type=\"text-editor.default\">\n\t\t\t\t<div class=\"elementor-widget-container\">\n\t\t\t\t\t\t\t\t\t<p style=\"text-align: center;\"><a href=\"https:\/\/www.kunstloft.de\/13134-deckenleuchte-treo-8\/\" target=\"_blank\" rel=\"noopener\"><span style=\"color: #00a099;\">Design Deckenleuchte &#8218;Treo 8&#8216;<\/span><\/a><\/p>\t\t\t\t\t\t\t\t<\/div>\n\t\t\t\t<\/div>\n\t\t\t\t\t<\/div>\n\t\t<\/div>\n\t\t\t\t<div class=\"elementor-column elementor-col-20 elementor-top-column elementor-element elementor-element-27d5257\" data-id=\"27d5257\" data-element_type=\"column\" data-e-type=\"column\">\n\t\t\t<div class=\"elementor-widget-wrap elementor-element-populated\">\n\t\t\t\t\t\t<div class=\"elementor-element elementor-element-f14ebe7 elementor-widget elementor-widget-image\" data-id=\"f14ebe7\" data-element_type=\"widget\" data-e-type=\"widget\" data-widget_type=\"image.default\">\n\t\t\t\t<div class=\"elementor-widget-container\">\n\t\t\t\t\t\t\t\t\t\t\t\t\t\t\t\t<a href=\"https:\/\/www.kunstloft.de\/13274-wandleuchte-mezzo-1\/\" target=\"_blank\">\n\t\t\t\t\t\t\t<img loading=\"lazy\" decoding=\"async\" width=\"768\" height=\"768\" src=\"https:\/\/www.kunstloft.de\/magazin\/wp-content\/uploads\/2024\/04\/wandleuchte-mezzo-1-768x768.webp\" class=\"attachment-medium_large size-medium_large wp-image-11739\" alt=\"wandleuchte mezzo 1\" srcset=\"https:\/\/www.kunstloft.de\/magazin\/wp-content\/uploads\/2024\/04\/wandleuchte-mezzo-1-768x768.webp 768w, https:\/\/www.kunstloft.de\/magazin\/wp-content\/uploads\/2024\/04\/wandleuchte-mezzo-1-300x300.webp 300w, https:\/\/www.kunstloft.de\/magazin\/wp-content\/uploads\/2024\/04\/wandleuchte-mezzo-1-1024x1024.webp 1024w, https:\/\/www.kunstloft.de\/magazin\/wp-content\/uploads\/2024\/04\/wandleuchte-mezzo-1-150x150.webp 150w, https:\/\/www.kunstloft.de\/magazin\/wp-content\/uploads\/2024\/04\/wandleuchte-mezzo-1-1536x1536.webp 1536w, https:\/\/www.kunstloft.de\/magazin\/wp-content\/uploads\/2024\/04\/wandleuchte-mezzo-1.webp 2000w\" sizes=\"100vw\" \/>\t\t\t\t\t\t\t\t<\/a>\n\t\t\t\t\t\t\t\t\t\t\t\t\t\t\t<\/div>\n\t\t\t\t<\/div>\n\t\t\t\t<div class=\"elementor-element elementor-element-9c9bdc9 elementor-widget elementor-widget-text-editor\" data-id=\"9c9bdc9\" data-element_type=\"widget\" data-e-type=\"widget\" data-widget_type=\"text-editor.default\">\n\t\t\t\t<div class=\"elementor-widget-container\">\n\t\t\t\t\t\t\t\t\t<p style=\"text-align: center;\"><a href=\"https:\/\/www.kunstloft.de\/13274-wandleuchte-mezzo-1\/\" target=\"_blank\" rel=\"noopener\">Design Wandleuchte &#8218;Mezzo 1&#8216;<\/a><\/p>\t\t\t\t\t\t\t\t<\/div>\n\t\t\t\t<\/div>\n\t\t\t\t\t<\/div>\n\t\t<\/div>\n\t\t\t\t<div class=\"elementor-column elementor-col-20 elementor-top-column elementor-element elementor-element-374ba2b\" data-id=\"374ba2b\" data-element_type=\"column\" data-e-type=\"column\">\n\t\t\t<div class=\"elementor-widget-wrap elementor-element-populated\">\n\t\t\t\t\t\t<div class=\"elementor-element elementor-element-c2b734d elementor-widget elementor-widget-image\" data-id=\"c2b734d\" data-element_type=\"widget\" data-e-type=\"widget\" data-widget_type=\"image.default\">\n\t\t\t\t<div class=\"elementor-widget-container\">\n\t\t\t\t\t\t\t\t\t\t\t\t\t\t\t\t<a href=\"https:\/\/www.kunstloft.de\/12988-deckenleuchte-planet-1\" target=\"_blank\">\n\t\t\t\t\t\t\t<img loading=\"lazy\" decoding=\"async\" width=\"600\" height=\"600\" src=\"https:\/\/www.kunstloft.de\/magazin\/wp-content\/uploads\/2024\/04\/deckenleuchte-planet-1.webp\" class=\"attachment-medium_large size-medium_large wp-image-11749\" alt=\"deckenleuchte planet 1\" srcset=\"https:\/\/www.kunstloft.de\/magazin\/wp-content\/uploads\/2024\/04\/deckenleuchte-planet-1.webp 600w, https:\/\/www.kunstloft.de\/magazin\/wp-content\/uploads\/2024\/04\/deckenleuchte-planet-1-300x300.webp 300w, https:\/\/www.kunstloft.de\/magazin\/wp-content\/uploads\/2024\/04\/deckenleuchte-planet-1-150x150.webp 150w\" sizes=\"100vw\" \/>\t\t\t\t\t\t\t\t<\/a>\n\t\t\t\t\t\t\t\t\t\t\t\t\t\t\t<\/div>\n\t\t\t\t<\/div>\n\t\t\t\t<div class=\"elementor-element elementor-element-0fa2c9f elementor-widget elementor-widget-text-editor\" data-id=\"0fa2c9f\" data-element_type=\"widget\" data-e-type=\"widget\" data-widget_type=\"text-editor.default\">\n\t\t\t\t<div class=\"elementor-widget-container\">\n\t\t\t\t\t\t\t\t\t<p style=\"text-align: center;\"><a href=\"https:\/\/www.kunstloft.de\/12988-deckenleuchte-planet-1\" target=\"_blank\" rel=\"noopener\">Design Deckenleuchte &#8218;Planet 1&#8216;<\/a><\/p>\t\t\t\t\t\t\t\t<\/div>\n\t\t\t\t<\/div>\n\t\t\t\t\t<\/div>\n\t\t<\/div>\n\t\t\t\t<div class=\"elementor-column elementor-col-20 elementor-top-column elementor-element elementor-element-4ac7930\" data-id=\"4ac7930\" data-element_type=\"column\" data-e-type=\"column\">\n\t\t\t<div class=\"elementor-widget-wrap elementor-element-populated\">\n\t\t\t\t\t\t<div class=\"elementor-element elementor-element-c414310 elementor-widget elementor-widget-image\" data-id=\"c414310\" data-element_type=\"widget\" data-e-type=\"widget\" data-widget_type=\"image.default\">\n\t\t\t\t<div class=\"elementor-widget-container\">\n\t\t\t\t\t\t\t\t\t\t\t\t\t\t\t\t<a href=\"https:\/\/www.kunstloft.de\/13266-wandleuchte-ios-176-3\/\" target=\"_blank\">\n\t\t\t\t\t\t\t<img loading=\"lazy\" decoding=\"async\" width=\"600\" height=\"600\" src=\"https:\/\/www.kunstloft.de\/magazin\/wp-content\/uploads\/2024\/04\/wandleuchte-ios-176-3.jpg\" class=\"attachment-medium_large size-medium_large wp-image-11705\" alt=\"wandleuchte ios 176\" srcset=\"https:\/\/www.kunstloft.de\/magazin\/wp-content\/uploads\/2024\/04\/wandleuchte-ios-176-3.jpg 600w, https:\/\/www.kunstloft.de\/magazin\/wp-content\/uploads\/2024\/04\/wandleuchte-ios-176-3-300x300.jpg 300w, https:\/\/www.kunstloft.de\/magazin\/wp-content\/uploads\/2024\/04\/wandleuchte-ios-176-3-150x150.jpg 150w\" sizes=\"100vw\" \/>\t\t\t\t\t\t\t\t<\/a>\n\t\t\t\t\t\t\t\t\t\t\t\t\t\t\t<\/div>\n\t\t\t\t<\/div>\n\t\t\t\t<div class=\"elementor-element elementor-element-7e83f7e elementor-widget elementor-widget-text-editor\" data-id=\"7e83f7e\" data-element_type=\"widget\" data-e-type=\"widget\" data-widget_type=\"text-editor.default\">\n\t\t\t\t<div class=\"elementor-widget-container\">\n\t\t\t\t\t\t\t\t\t<p style=\"text-align: center;\"><a href=\"https:\/\/www.kunstloft.de\/13266-wandleuchte-ios-176-3\/\" target=\"_blank\" rel=\"noopener\"><span style=\"color: #00a099;\">Design Wandleuchte &#8218;Ios 176 3&#8216;<\/span><\/a><\/p>\t\t\t\t\t\t\t\t<\/div>\n\t\t\t\t<\/div>\n\t\t\t\t\t<\/div>\n\t\t<\/div>\n\t\t\t\t\t<\/div>\n\t\t<\/section>\n\t\t\t\t<section class=\"elementor-section elementor-top-section elementor-element elementor-element-e576e57 elementor-section-boxed elementor-section-height-default elementor-section-height-default\" data-id=\"e576e57\" data-element_type=\"section\" data-e-type=\"section\">\n\t\t\t\t\t\t<div class=\"elementor-container elementor-column-gap-default\">\n\t\t\t\t\t<div class=\"elementor-column elementor-col-100 elementor-top-column elementor-element elementor-element-1e98db2\" data-id=\"1e98db2\" data-element_type=\"column\" data-e-type=\"column\">\n\t\t\t<div class=\"elementor-widget-wrap elementor-element-populated\">\n\t\t\t\t\t\t<div class=\"elementor-element elementor-element-f3fa661 elementor-widget elementor-widget-heading\" data-id=\"f3fa661\" data-element_type=\"widget\" data-e-type=\"widget\" id=\"DIY-Accessoires\" data-widget_type=\"heading.default\">\n\t\t\t\t<div class=\"elementor-widget-container\">\n\t\t\t\t\t<h2 class=\"elementor-heading-title elementor-size-default\">6.\tErstellen Sie dekorative DIY-Accessoires<\/h2>\t\t\t\t<\/div>\n\t\t\t\t<\/div>\n\t\t\t\t<div class=\"elementor-element elementor-element-a71f729 elementor-widget elementor-widget-text-editor\" data-id=\"a71f729\" data-element_type=\"widget\" data-e-type=\"widget\" data-widget_type=\"text-editor.default\">\n\t\t\t\t<div class=\"elementor-widget-container\">\n\t\t\t\t\t\t\t\t\t<p><span style=\"font-weight: 400;\">Das Basteln von dekorativen Accessoires kann sowohl kosteneffektiv als auch lohnend sein. Sie k\u00f6nnen dekorative Gegenst\u00e4nde wie Vasen, Kerzenst\u00e4nder oder einzigartige Regale selbst herstellen. Sie k\u00f6nnen alte Vasen in neue, \u00e4sthetisch aussehende Vasen umwandeln, indem Sie sie in einer Farbe bemalen, die zu Ihrem Wohndesign passt.<\/span><\/p>\t\t\t\t\t\t\t\t<\/div>\n\t\t\t\t<\/div>\n\t\t\t\t\t<\/div>\n\t\t<\/div>\n\t\t\t\t\t<\/div>\n\t\t<\/section>\n\t\t\t\t<section class=\"elementor-section elementor-top-section elementor-element elementor-element-a875430 elementor-section-boxed elementor-section-height-default elementor-section-height-default\" data-id=\"a875430\" data-element_type=\"section\" data-e-type=\"section\">\n\t\t\t\t\t\t<div class=\"elementor-container elementor-column-gap-default\">\n\t\t\t\t\t<div class=\"elementor-column elementor-col-33 elementor-top-column elementor-element elementor-element-68a6898\" data-id=\"68a6898\" data-element_type=\"column\" data-e-type=\"column\">\n\t\t\t<div class=\"elementor-widget-wrap elementor-element-populated\">\n\t\t\t\t\t\t<div class=\"elementor-element elementor-element-5847a4a elementor-widget elementor-widget-image\" data-id=\"5847a4a\" data-element_type=\"widget\" data-e-type=\"widget\" data-widget_type=\"image.default\">\n\t\t\t\t<div class=\"elementor-widget-container\">\n\t\t\t\t\t\t\t\t\t\t\t\t\t\t\t<img loading=\"lazy\" decoding=\"async\" width=\"768\" height=\"1084\" src=\"https:\/\/www.kunstloft.de\/magazin\/wp-content\/uploads\/2024\/01\/einzigartige-regale-fuer-Ihre-buecher-zur-wohndekoration-768x1084.webp\" class=\"attachment-medium_large size-medium_large wp-image-11986\" alt=\"einzigartige regale f\u00fcr Ihre b\u00fccher zur wohndekoration\" srcset=\"https:\/\/www.kunstloft.de\/magazin\/wp-content\/uploads\/2024\/01\/einzigartige-regale-fuer-Ihre-buecher-zur-wohndekoration-768x1084.webp 768w, https:\/\/www.kunstloft.de\/magazin\/wp-content\/uploads\/2024\/01\/einzigartige-regale-fuer-Ihre-buecher-zur-wohndekoration-213x300.webp 213w, https:\/\/www.kunstloft.de\/magazin\/wp-content\/uploads\/2024\/01\/einzigartige-regale-fuer-Ihre-buecher-zur-wohndekoration-726x1024.webp 726w, https:\/\/www.kunstloft.de\/magazin\/wp-content\/uploads\/2024\/01\/einzigartige-regale-fuer-Ihre-buecher-zur-wohndekoration.webp 800w\" sizes=\"100vw\" \/>\t\t\t\t\t\t\t\t\t\t\t\t\t\t\t<\/div>\n\t\t\t\t<\/div>\n\t\t\t\t\t<\/div>\n\t\t<\/div>\n\t\t\t\t<div class=\"elementor-column elementor-col-33 elementor-top-column elementor-element elementor-element-e0cc582\" data-id=\"e0cc582\" data-element_type=\"column\" data-e-type=\"column\">\n\t\t\t<div class=\"elementor-widget-wrap elementor-element-populated\">\n\t\t\t\t\t\t<div class=\"elementor-element elementor-element-b8d0b17 elementor-widget elementor-widget-image\" data-id=\"b8d0b17\" data-element_type=\"widget\" data-e-type=\"widget\" data-widget_type=\"image.default\">\n\t\t\t\t<div class=\"elementor-widget-container\">\n\t\t\t\t\t\t\t\t\t\t\t\t\t\t\t<img loading=\"lazy\" decoding=\"async\" width=\"768\" height=\"1084\" src=\"https:\/\/www.kunstloft.de\/magazin\/wp-content\/uploads\/2024\/01\/verwendung-von-vasen-fuer-die-wohndekoration-768x1084.webp\" class=\"attachment-medium_large size-medium_large wp-image-11989\" alt=\"verwendung von vasen f\u00fcr die wohndekoration\" srcset=\"https:\/\/www.kunstloft.de\/magazin\/wp-content\/uploads\/2024\/01\/verwendung-von-vasen-fuer-die-wohndekoration-768x1084.webp 768w, https:\/\/www.kunstloft.de\/magazin\/wp-content\/uploads\/2024\/01\/verwendung-von-vasen-fuer-die-wohndekoration-213x300.webp 213w, https:\/\/www.kunstloft.de\/magazin\/wp-content\/uploads\/2024\/01\/verwendung-von-vasen-fuer-die-wohndekoration-726x1024.webp 726w, https:\/\/www.kunstloft.de\/magazin\/wp-content\/uploads\/2024\/01\/verwendung-von-vasen-fuer-die-wohndekoration.webp 800w\" sizes=\"100vw\" \/>\t\t\t\t\t\t\t\t\t\t\t\t\t\t\t<\/div>\n\t\t\t\t<\/div>\n\t\t\t\t\t<\/div>\n\t\t<\/div>\n\t\t\t\t<div class=\"elementor-column elementor-col-33 elementor-top-column elementor-element elementor-element-520544c\" data-id=\"520544c\" data-element_type=\"column\" data-e-type=\"column\">\n\t\t\t<div class=\"elementor-widget-wrap elementor-element-populated\">\n\t\t\t\t\t\t<div class=\"elementor-element elementor-element-c806d0c elementor-widget elementor-widget-image\" data-id=\"c806d0c\" data-element_type=\"widget\" data-e-type=\"widget\" data-widget_type=\"image.default\">\n\t\t\t\t<div class=\"elementor-widget-container\">\n\t\t\t\t\t\t\t\t\t\t\t\t\t\t\t<img loading=\"lazy\" decoding=\"async\" width=\"768\" height=\"1084\" src=\"https:\/\/www.kunstloft.de\/magazin\/wp-content\/uploads\/2024\/01\/einzigartige-regale-fuer-die-wohndekoration-768x1084.webp\" class=\"attachment-medium_large size-medium_large wp-image-11985\" alt=\"einzigartige regale f\u00fcr die wohndekoration\" srcset=\"https:\/\/www.kunstloft.de\/magazin\/wp-content\/uploads\/2024\/01\/einzigartige-regale-fuer-die-wohndekoration-768x1084.webp 768w, https:\/\/www.kunstloft.de\/magazin\/wp-content\/uploads\/2024\/01\/einzigartige-regale-fuer-die-wohndekoration-213x300.webp 213w, https:\/\/www.kunstloft.de\/magazin\/wp-content\/uploads\/2024\/01\/einzigartige-regale-fuer-die-wohndekoration-726x1024.webp 726w, https:\/\/www.kunstloft.de\/magazin\/wp-content\/uploads\/2024\/01\/einzigartige-regale-fuer-die-wohndekoration.webp 800w\" sizes=\"100vw\" \/>\t\t\t\t\t\t\t\t\t\t\t\t\t\t\t<\/div>\n\t\t\t\t<\/div>\n\t\t\t\t\t<\/div>\n\t\t<\/div>\n\t\t\t\t\t<\/div>\n\t\t<\/section>\n\t\t\t\t<section class=\"elementor-section elementor-top-section elementor-element elementor-element-a07258c elementor-section-boxed elementor-section-height-default elementor-section-height-default\" data-id=\"a07258c\" data-element_type=\"section\" data-e-type=\"section\">\n\t\t\t\t\t\t<div class=\"elementor-container elementor-column-gap-default\">\n\t\t\t\t\t<div class=\"elementor-column elementor-col-100 elementor-top-column elementor-element elementor-element-8c672c4\" data-id=\"8c672c4\" data-element_type=\"column\" data-e-type=\"column\">\n\t\t\t<div class=\"elementor-widget-wrap elementor-element-populated\">\n\t\t\t\t\t\t<div class=\"elementor-element elementor-element-bd548b2 elementor-widget elementor-widget-heading\" data-id=\"bd548b2\" data-element_type=\"widget\" data-e-type=\"widget\" id=\"Couchtisch\" data-widget_type=\"heading.default\">\n\t\t\t\t<div class=\"elementor-widget-container\">\n\t\t\t\t\t<h2 class=\"elementor-heading-title elementor-size-default\">7.\tDekorieren Sie den Couchtisch mit B\u00fcchern und Kerzen<\/h2>\t\t\t\t<\/div>\n\t\t\t\t<\/div>\n\t\t\t\t<div class=\"elementor-element elementor-element-92a0cb4 elementor-widget elementor-widget-text-editor\" data-id=\"92a0cb4\" data-element_type=\"widget\" data-e-type=\"widget\" data-widget_type=\"text-editor.default\">\n\t\t\t\t<div class=\"elementor-widget-container\">\n\t\t\t\t\t\t\t\t\t<p><span style=\"font-weight: 400;\">Die Dekoration Ihres Couchtisches mit B\u00fcchern und Kerzen ist eine kreative und budgetfreundliche M\u00f6glichkeit, die \u00c4sthetik Ihres Wohnzimmers zu verbessern. So k\u00f6nnen Sie Ihren pers\u00f6nlichen Stil zum Ausdruck bringen und eine warme, einladende Atmosph\u00e4re f\u00fcr sich und Ihre G\u00e4ste schaffen.<\/span><\/p>\t\t\t\t\t\t\t\t<\/div>\n\t\t\t\t<\/div>\n\t\t\t\t<div class=\"elementor-element elementor-element-486e690 elementor-widget elementor-widget-image\" data-id=\"486e690\" data-element_type=\"widget\" data-e-type=\"widget\" data-widget_type=\"image.default\">\n\t\t\t\t<div class=\"elementor-widget-container\">\n\t\t\t\t\t\t\t\t\t\t\t\t\t\t\t<img loading=\"lazy\" decoding=\"async\" width=\"950\" height=\"633\" src=\"https:\/\/www.kunstloft.de\/magazin\/wp-content\/uploads\/2024\/01\/couchtisch-wohndekoration-design-mit-kerzen-und-vasen.webp\" class=\"attachment-large size-large wp-image-11725\" alt=\"\" srcset=\"https:\/\/www.kunstloft.de\/magazin\/wp-content\/uploads\/2024\/01\/couchtisch-wohndekoration-design-mit-kerzen-und-vasen.webp 1024w, https:\/\/www.kunstloft.de\/magazin\/wp-content\/uploads\/2024\/01\/couchtisch-wohndekoration-design-mit-kerzen-und-vasen-300x200.webp 300w, https:\/\/www.kunstloft.de\/magazin\/wp-content\/uploads\/2024\/01\/couchtisch-wohndekoration-design-mit-kerzen-und-vasen-768x512.webp 768w\" sizes=\"100vw\" \/>\t\t\t\t\t\t\t\t\t\t\t\t\t\t\t<\/div>\n\t\t\t\t<\/div>\n\t\t\t\t\t<\/div>\n\t\t<\/div>\n\t\t\t\t\t<\/div>\n\t\t<\/section>\n\t\t\t\t<section class=\"elementor-section elementor-top-section elementor-element elementor-element-b046da6 elementor-section-boxed elementor-section-height-default elementor-section-height-default\" data-id=\"b046da6\" data-element_type=\"section\" data-e-type=\"section\">\n\t\t\t\t\t\t<div class=\"elementor-container elementor-column-gap-default\">\n\t\t\t\t\t<div class=\"elementor-column elementor-col-50 elementor-top-column elementor-element elementor-element-522e028\" data-id=\"522e028\" data-element_type=\"column\" data-e-type=\"column\">\n\t\t\t<div class=\"elementor-widget-wrap elementor-element-populated\">\n\t\t\t\t\t\t<div class=\"elementor-element elementor-element-0c20884 elementor-widget elementor-widget-image\" data-id=\"0c20884\" data-element_type=\"widget\" data-e-type=\"widget\" data-widget_type=\"image.default\">\n\t\t\t\t<div class=\"elementor-widget-container\">\n\t\t\t\t\t\t\t\t\t\t\t\t\t\t\t<img loading=\"lazy\" decoding=\"async\" width=\"726\" height=\"1024\" src=\"https:\/\/www.kunstloft.de\/magazin\/wp-content\/uploads\/2024\/01\/couchtisch-wohndekoration-design-mit-pflanzen-und-vasen-726x1024.webp\" class=\"attachment-large size-large wp-image-11984\" alt=\"couchtisch wohndekoration design mit pflanzen und vasen\" srcset=\"https:\/\/www.kunstloft.de\/magazin\/wp-content\/uploads\/2024\/01\/couchtisch-wohndekoration-design-mit-pflanzen-und-vasen-726x1024.webp 726w, https:\/\/www.kunstloft.de\/magazin\/wp-content\/uploads\/2024\/01\/couchtisch-wohndekoration-design-mit-pflanzen-und-vasen-213x300.webp 213w, https:\/\/www.kunstloft.de\/magazin\/wp-content\/uploads\/2024\/01\/couchtisch-wohndekoration-design-mit-pflanzen-und-vasen-768x1084.webp 768w, https:\/\/www.kunstloft.de\/magazin\/wp-content\/uploads\/2024\/01\/couchtisch-wohndekoration-design-mit-pflanzen-und-vasen.webp 800w\" sizes=\"100vw\" \/>\t\t\t\t\t\t\t\t\t\t\t\t\t\t\t<\/div>\n\t\t\t\t<\/div>\n\t\t\t\t\t<\/div>\n\t\t<\/div>\n\t\t\t\t<div class=\"elementor-column elementor-col-50 elementor-top-column elementor-element elementor-element-e44aa62\" data-id=\"e44aa62\" data-element_type=\"column\" data-e-type=\"column\">\n\t\t\t<div class=\"elementor-widget-wrap elementor-element-populated\">\n\t\t\t\t\t\t<div class=\"elementor-element elementor-element-d219b64 elementor-widget elementor-widget-image\" data-id=\"d219b64\" data-element_type=\"widget\" data-e-type=\"widget\" data-widget_type=\"image.default\">\n\t\t\t\t<div class=\"elementor-widget-container\">\n\t\t\t\t\t\t\t\t\t\t\t\t\t\t\t<img loading=\"lazy\" decoding=\"async\" width=\"726\" height=\"1024\" src=\"https:\/\/www.kunstloft.de\/magazin\/wp-content\/uploads\/2024\/01\/couchtisch-wohndekoration-design-mit-pflanzen-und-buechern-726x1024.webp\" class=\"attachment-large size-large wp-image-11983\" alt=\"couchtisch wohndekoration design mit pflanzen und b\u00fcchern\" srcset=\"https:\/\/www.kunstloft.de\/magazin\/wp-content\/uploads\/2024\/01\/couchtisch-wohndekoration-design-mit-pflanzen-und-buechern-726x1024.webp 726w, https:\/\/www.kunstloft.de\/magazin\/wp-content\/uploads\/2024\/01\/couchtisch-wohndekoration-design-mit-pflanzen-und-buechern-213x300.webp 213w, https:\/\/www.kunstloft.de\/magazin\/wp-content\/uploads\/2024\/01\/couchtisch-wohndekoration-design-mit-pflanzen-und-buechern-768x1084.webp 768w, https:\/\/www.kunstloft.de\/magazin\/wp-content\/uploads\/2024\/01\/couchtisch-wohndekoration-design-mit-pflanzen-und-buechern.webp 800w\" sizes=\"100vw\" \/>\t\t\t\t\t\t\t\t\t\t\t\t\t\t\t<\/div>\n\t\t\t\t<\/div>\n\t\t\t\t\t<\/div>\n\t\t<\/div>\n\t\t\t\t\t<\/div>\n\t\t<\/section>\n\t\t\t\t<section class=\"elementor-section elementor-top-section elementor-element elementor-element-7a33e23 elementor-section-boxed elementor-section-height-default elementor-section-height-default\" data-id=\"7a33e23\" data-element_type=\"section\" data-e-type=\"section\">\n\t\t\t\t\t\t<div class=\"elementor-container elementor-column-gap-default\">\n\t\t\t\t\t<div class=\"elementor-column elementor-col-100 elementor-top-column elementor-element elementor-element-97f4100\" data-id=\"97f4100\" data-element_type=\"column\" data-e-type=\"column\">\n\t\t\t<div class=\"elementor-widget-wrap elementor-element-populated\">\n\t\t\t\t\t\t<div class=\"elementor-element elementor-element-dd3a926 elementor-widget-divider--view-line_text elementor-widget-divider--element-align-center elementor-widget elementor-widget-divider\" data-id=\"dd3a926\" data-element_type=\"widget\" data-e-type=\"widget\" data-widget_type=\"divider.default\">\n\t\t\t\t<div class=\"elementor-widget-container\">\n\t\t\t\t\t\t\t<div class=\"elementor-divider\">\n\t\t\t<span class=\"elementor-divider-separator\">\n\t\t\t\t\t\t\t<span class=\"elementor-divider__text elementor-divider__element\">\n\t\t\t\tWOHNDEKORATION STEHENDE SKULPTUREN F\u00dcR IHREN COUCHTISCH\t\t\t\t<\/span>\n\t\t\t\t\t\t<\/span>\n\t\t<\/div>\n\t\t\t\t\t\t<\/div>\n\t\t\t\t<\/div>\n\t\t\t\t\t<\/div>\n\t\t<\/div>\n\t\t\t\t\t<\/div>\n\t\t<\/section>\n\t\t\t\t<section class=\"elementor-section elementor-top-section elementor-element elementor-element-769c487 elementor-section-boxed elementor-section-height-default elementor-section-height-default\" data-id=\"769c487\" data-element_type=\"section\" data-e-type=\"section\">\n\t\t\t\t\t\t<div class=\"elementor-container elementor-column-gap-default\">\n\t\t\t\t\t<div class=\"elementor-column elementor-col-20 elementor-top-column elementor-element elementor-element-6b2656d\" data-id=\"6b2656d\" data-element_type=\"column\" data-e-type=\"column\">\n\t\t\t<div class=\"elementor-widget-wrap elementor-element-populated\">\n\t\t\t\t\t\t<div class=\"elementor-element elementor-element-115fd74 elementor-widget elementor-widget-image\" data-id=\"115fd74\" data-element_type=\"widget\" data-e-type=\"widget\" data-widget_type=\"image.default\">\n\t\t\t\t<div class=\"elementor-widget-container\">\n\t\t\t\t\t\t\t\t\t\t\t\t\t\t\t\t<a href=\"https:\/\/www.kunstloft.de\/1550-skulptur-kunststein-balloon-poodle\/\" target=\"_blank\">\n\t\t\t\t\t\t\t<img loading=\"lazy\" decoding=\"async\" width=\"600\" height=\"400\" src=\"https:\/\/www.kunstloft.de\/magazin\/wp-content\/uploads\/2024\/04\/skulptur-kunststein-balloon-poodle.webp\" class=\"attachment-medium_large size-medium_large wp-image-11746\" alt=\"skulptur kunststein balloon poodle\" srcset=\"https:\/\/www.kunstloft.de\/magazin\/wp-content\/uploads\/2024\/04\/skulptur-kunststein-balloon-poodle.webp 600w, https:\/\/www.kunstloft.de\/magazin\/wp-content\/uploads\/2024\/04\/skulptur-kunststein-balloon-poodle-300x200.webp 300w\" sizes=\"100vw\" \/>\t\t\t\t\t\t\t\t<\/a>\n\t\t\t\t\t\t\t\t\t\t\t\t\t\t\t<\/div>\n\t\t\t\t<\/div>\n\t\t\t\t<div class=\"elementor-element elementor-element-a4b95ec elementor-widget elementor-widget-text-editor\" data-id=\"a4b95ec\" data-element_type=\"widget\" data-e-type=\"widget\" data-widget_type=\"text-editor.default\">\n\t\t\t\t<div class=\"elementor-widget-container\">\n\t\t\t\t\t\t\t\t\t<p style=\"text-align: center;\"><a href=\"https:\/\/www.kunstloft.de\/1550-skulptur-kunststein-balloon-poodle\/\" target=\"_blank\" rel=\"noopener\">Kunststein Skulptur &#8218;Balloon Poodle&#8216;<\/a><\/p>\t\t\t\t\t\t\t\t<\/div>\n\t\t\t\t<\/div>\n\t\t\t\t\t<\/div>\n\t\t<\/div>\n\t\t\t\t<div class=\"elementor-column elementor-col-20 elementor-top-column elementor-element elementor-element-5f0dd79\" data-id=\"5f0dd79\" data-element_type=\"column\" data-e-type=\"column\">\n\t\t\t<div class=\"elementor-widget-wrap elementor-element-populated\">\n\t\t\t\t\t\t<div class=\"elementor-element elementor-element-908a108 elementor-widget elementor-widget-image\" data-id=\"908a108\" data-element_type=\"widget\" data-e-type=\"widget\" data-widget_type=\"image.default\">\n\t\t\t\t<div class=\"elementor-widget-container\">\n\t\t\t\t\t\t\t\t\t\t\t\t\t\t\t\t<a href=\"https:\/\/www.kunstloft.de\/3377-kunststein-skulptur-sweet-dreams\/\" target=\"_blank\">\n\t\t\t\t\t\t\t<img loading=\"lazy\" decoding=\"async\" width=\"600\" height=\"400\" src=\"https:\/\/www.kunstloft.de\/magazin\/wp-content\/uploads\/2024\/04\/kunststein-skulptur-sweet-dreams.webp\" class=\"attachment-medium_large size-medium_large wp-image-11742\" alt=\"kunststein skulptur sweet dreams\" srcset=\"https:\/\/www.kunstloft.de\/magazin\/wp-content\/uploads\/2024\/04\/kunststein-skulptur-sweet-dreams.webp 600w, https:\/\/www.kunstloft.de\/magazin\/wp-content\/uploads\/2024\/04\/kunststein-skulptur-sweet-dreams-300x200.webp 300w\" sizes=\"100vw\" \/>\t\t\t\t\t\t\t\t<\/a>\n\t\t\t\t\t\t\t\t\t\t\t\t\t\t\t<\/div>\n\t\t\t\t<\/div>\n\t\t\t\t<div class=\"elementor-element elementor-element-12254e7 elementor-widget elementor-widget-text-editor\" data-id=\"12254e7\" data-element_type=\"widget\" data-e-type=\"widget\" data-widget_type=\"text-editor.default\">\n\t\t\t\t<div class=\"elementor-widget-container\">\n\t\t\t\t\t\t\t\t\t<p style=\"text-align: center;\"><a href=\"https:\/\/www.kunstloft.de\/3377-kunststein-skulptur-sweet-dreams\/\" target=\"_blank\" rel=\"noopener\">Kunststein Skulptur &#8218;Sweet Dreams&#8216;<\/a><\/p>\t\t\t\t\t\t\t\t<\/div>\n\t\t\t\t<\/div>\n\t\t\t\t\t<\/div>\n\t\t<\/div>\n\t\t\t\t<div class=\"elementor-column elementor-col-20 elementor-top-column elementor-element elementor-element-c482b68\" data-id=\"c482b68\" data-element_type=\"column\" data-e-type=\"column\">\n\t\t\t<div class=\"elementor-widget-wrap elementor-element-populated\">\n\t\t\t\t\t\t<div class=\"elementor-element elementor-element-3c0f741 elementor-widget elementor-widget-image\" data-id=\"3c0f741\" data-element_type=\"widget\" data-e-type=\"widget\" data-widget_type=\"image.default\">\n\t\t\t\t<div class=\"elementor-widget-container\">\n\t\t\t\t\t\t\t\t\t\t\t\t\t\t\t\t<a href=\"https:\/\/www.kunstloft.de\/875-skulptur-kunststein-fokussiert\/\" target=\"_blank\">\n\t\t\t\t\t\t\t<img loading=\"lazy\" decoding=\"async\" width=\"600\" height=\"400\" src=\"https:\/\/www.kunstloft.de\/magazin\/wp-content\/uploads\/2024\/04\/skulptur-kunststein-fokussiert.webp\" class=\"attachment-medium_large size-medium_large wp-image-11745\" alt=\"skulptur kunststein fokussiert\" srcset=\"https:\/\/www.kunstloft.de\/magazin\/wp-content\/uploads\/2024\/04\/skulptur-kunststein-fokussiert.webp 600w, https:\/\/www.kunstloft.de\/magazin\/wp-content\/uploads\/2024\/04\/skulptur-kunststein-fokussiert-300x200.webp 300w\" sizes=\"100vw\" \/>\t\t\t\t\t\t\t\t<\/a>\n\t\t\t\t\t\t\t\t\t\t\t\t\t\t\t<\/div>\n\t\t\t\t<\/div>\n\t\t\t\t<div class=\"elementor-element elementor-element-7c42ab6 elementor-widget elementor-widget-text-editor\" data-id=\"7c42ab6\" data-element_type=\"widget\" data-e-type=\"widget\" data-widget_type=\"text-editor.default\">\n\t\t\t\t<div class=\"elementor-widget-container\">\n\t\t\t\t\t\t\t\t\t<p style=\"text-align: center;\"><a href=\"https:\/\/www.kunstloft.de\/875-skulptur-kunststein-fokussiert\/\" target=\"_blank\" rel=\"noopener\">Kunststein Skulptur &#8218;Fokussiert&#8216;<\/a><\/p>\t\t\t\t\t\t\t\t<\/div>\n\t\t\t\t<\/div>\n\t\t\t\t\t<\/div>\n\t\t<\/div>\n\t\t\t\t<div class=\"elementor-column elementor-col-20 elementor-top-column elementor-element elementor-element-66e36e3\" data-id=\"66e36e3\" data-element_type=\"column\" data-e-type=\"column\">\n\t\t\t<div class=\"elementor-widget-wrap elementor-element-populated\">\n\t\t\t\t\t\t<div class=\"elementor-element elementor-element-244d0eb elementor-widget elementor-widget-image\" data-id=\"244d0eb\" data-element_type=\"widget\" data-e-type=\"widget\" data-widget_type=\"image.default\">\n\t\t\t\t<div class=\"elementor-widget-container\">\n\t\t\t\t\t\t\t\t\t\t\t\t\t\t\t\t<a href=\"https:\/\/www.kunstloft.de\/1548-skulptur-kunststein-fly-away\/\" target=\"_blank\">\n\t\t\t\t\t\t\t<img loading=\"lazy\" decoding=\"async\" width=\"600\" height=\"400\" src=\"https:\/\/www.kunstloft.de\/magazin\/wp-content\/uploads\/2024\/04\/skulptur-kunststein-fly-away.webp\" class=\"attachment-medium_large size-medium_large wp-image-11747\" alt=\"skulptur kunststein fly away\" srcset=\"https:\/\/www.kunstloft.de\/magazin\/wp-content\/uploads\/2024\/04\/skulptur-kunststein-fly-away.webp 600w, https:\/\/www.kunstloft.de\/magazin\/wp-content\/uploads\/2024\/04\/skulptur-kunststein-fly-away-300x200.webp 300w\" sizes=\"100vw\" \/>\t\t\t\t\t\t\t\t<\/a>\n\t\t\t\t\t\t\t\t\t\t\t\t\t\t\t<\/div>\n\t\t\t\t<\/div>\n\t\t\t\t<div class=\"elementor-element elementor-element-a551c7e elementor-widget elementor-widget-text-editor\" data-id=\"a551c7e\" data-element_type=\"widget\" data-e-type=\"widget\" data-widget_type=\"text-editor.default\">\n\t\t\t\t<div class=\"elementor-widget-container\">\n\t\t\t\t\t\t\t\t\t<p style=\"text-align: center;\"><a href=\"https:\/\/www.kunstloft.de\/1548-skulptur-kunststein-fly-away\/\" target=\"_blank\" rel=\"noopener\">Kunststein Skulptur\n<br\/>&#8218;Fly Away&#8216;<\/a><\/p>\t\t\t\t\t\t\t\t<\/div>\n\t\t\t\t<\/div>\n\t\t\t\t\t<\/div>\n\t\t<\/div>\n\t\t\t\t<div class=\"elementor-column elementor-col-20 elementor-top-column elementor-element elementor-element-2bcb626\" data-id=\"2bcb626\" data-element_type=\"column\" data-e-type=\"column\">\n\t\t\t<div class=\"elementor-widget-wrap elementor-element-populated\">\n\t\t\t\t\t\t<div class=\"elementor-element elementor-element-70a71d0 elementor-widget elementor-widget-image\" data-id=\"70a71d0\" data-element_type=\"widget\" data-e-type=\"widget\" data-widget_type=\"image.default\">\n\t\t\t\t<div class=\"elementor-widget-container\">\n\t\t\t\t\t\t\t\t\t\t\t\t\t\t\t\t<a href=\"https:\/\/www.kunstloft.de\/1737-skulptur-kunststein-empowered\/\" target=\"_blank\">\n\t\t\t\t\t\t\t<img loading=\"lazy\" decoding=\"async\" width=\"600\" height=\"400\" src=\"https:\/\/www.kunstloft.de\/magazin\/wp-content\/uploads\/2024\/04\/skulptur-kunststein-empowered.webp\" class=\"attachment-medium_large size-medium_large wp-image-11744\" alt=\"skulptur kunststein empowered\" srcset=\"https:\/\/www.kunstloft.de\/magazin\/wp-content\/uploads\/2024\/04\/skulptur-kunststein-empowered.webp 600w, https:\/\/www.kunstloft.de\/magazin\/wp-content\/uploads\/2024\/04\/skulptur-kunststein-empowered-300x200.webp 300w\" sizes=\"100vw\" \/>\t\t\t\t\t\t\t\t<\/a>\n\t\t\t\t\t\t\t\t\t\t\t\t\t\t\t<\/div>\n\t\t\t\t<\/div>\n\t\t\t\t<div class=\"elementor-element elementor-element-aeba2fe elementor-widget elementor-widget-text-editor\" data-id=\"aeba2fe\" data-element_type=\"widget\" data-e-type=\"widget\" data-widget_type=\"text-editor.default\">\n\t\t\t\t<div class=\"elementor-widget-container\">\n\t\t\t\t\t\t\t\t\t<p style=\"text-align: center;\"><a href=\"https:\/\/www.kunstloft.de\/1737-skulptur-kunststein-empowered\/\" target=\"_blank\" rel=\"noopener\">Kunststein Skulptur &#8218;Empowered&#8216;<\/a><\/p>\t\t\t\t\t\t\t\t<\/div>\n\t\t\t\t<\/div>\n\t\t\t\t\t<\/div>\n\t\t<\/div>\n\t\t\t\t\t<\/div>\n\t\t<\/section>\n\t\t\t\t<section class=\"elementor-section elementor-top-section elementor-element elementor-element-8ea5a14 elementor-section-boxed elementor-section-height-default elementor-section-height-default\" data-id=\"8ea5a14\" data-element_type=\"section\" data-e-type=\"section\">\n\t\t\t\t\t\t<div class=\"elementor-container elementor-column-gap-default\">\n\t\t\t\t\t<div class=\"elementor-column elementor-col-100 elementor-top-column elementor-element elementor-element-c9166f9\" data-id=\"c9166f9\" data-element_type=\"column\" data-e-type=\"column\">\n\t\t\t<div class=\"elementor-widget-wrap elementor-element-populated\">\n\t\t\t\t\t\t<div class=\"elementor-element elementor-element-d1dd5ba elementor-widget elementor-widget-heading\" data-id=\"d1dd5ba\" data-element_type=\"widget\" data-e-type=\"widget\" data-widget_type=\"heading.default\">\n\t\t\t\t<div class=\"elementor-widget-container\">\n\t\t\t\t\t<h3 class=\"elementor-heading-title elementor-size-default\">H\u00e4ufig gestellte Fragen<\/h3>\t\t\t\t<\/div>\n\t\t\t\t<\/div>\n\t\t\t\t<div class=\"elementor-element elementor-element-332fc47 elementor-widget elementor-widget-toggle\" data-id=\"332fc47\" data-element_type=\"widget\" data-e-type=\"widget\" data-widget_type=\"toggle.default\">\n\t\t\t\t<div class=\"elementor-widget-container\">\n\t\t\t\t\t\t\t<div class=\"elementor-toggle\">\n\t\t\t\t\t\t\t<div class=\"elementor-toggle-item\">\n\t\t\t\t\t<div id=\"elementor-tab-title-5361\" class=\"elementor-tab-title\" data-tab=\"1\" role=\"button\" aria-controls=\"elementor-tab-content-5361\" aria-expanded=\"false\">\n\t\t\t\t\t\t\t\t\t\t\t\t<span class=\"elementor-toggle-icon elementor-toggle-icon-left\" aria-hidden=\"true\">\n\t\t\t\t\t\t\t\t\t\t\t\t\t\t\t<span class=\"elementor-toggle-icon-closed\"><i class=\"fas fa-caret-right\"><\/i><\/span>\n\t\t\t\t\t\t\t\t<span class=\"elementor-toggle-icon-opened\"><i class=\"elementor-toggle-icon-opened fas fa-caret-up\"><\/i><\/span>\n\t\t\t\t\t\t\t\t\t\t\t\t\t<\/span>\n\t\t\t\t\t\t\t\t\t\t\t\t<a class=\"elementor-toggle-title\" tabindex=\"0\">Wo finde ich budgetfreundliche Dekoration f\u00fcr mein Zuhause?<\/a>\n\t\t\t\t\t<\/div>\n\n\t\t\t\t\t<div id=\"elementor-tab-content-5361\" class=\"elementor-tab-content elementor-clearfix\" data-tab=\"1\" role=\"region\" aria-labelledby=\"elementor-tab-title-5361\"><p><span style=\"font-weight: 400;\">Wenn Sie g\u00fcnstige Einrichtungsgegenst\u00e4nde suchen, <\/span><a href=\"https:\/\/www.kunstloft.de\/\"><i><span style=\"font-weight: 400;\">besuchen Sie KunstLoft<\/span><\/i><\/a><span style=\"font-weight: 400;\">, wo Sie eine gro\u00dfe Auswahl an stilvollen und preisg\u00fcnstigen Produkten finden. Achten Sie auch auf die saisonalen Ausverk\u00e4ufe von KunstLoft und abonnieren Sie den Newsletter, <\/span><i><span style=\"font-weight: 400;\"><a href=\"https:\/\/www.kunstloft.de\/bestseller\/\" target=\"_blank\" rel=\"noopener\">um \u00fcber reduzierte Artikel und exklusive Angebote<\/a><\/span><\/i><span style=\"font-weight: 400;\"> auf dem Laufenden zu bleiben.<\/span><\/p><\/div>\n\t\t\t\t<\/div>\n\t\t\t\t\t\t\t<div class=\"elementor-toggle-item\">\n\t\t\t\t\t<div id=\"elementor-tab-title-5362\" class=\"elementor-tab-title\" data-tab=\"2\" role=\"button\" aria-controls=\"elementor-tab-content-5362\" aria-expanded=\"false\">\n\t\t\t\t\t\t\t\t\t\t\t\t<span class=\"elementor-toggle-icon elementor-toggle-icon-left\" aria-hidden=\"true\">\n\t\t\t\t\t\t\t\t\t\t\t\t\t\t\t<span class=\"elementor-toggle-icon-closed\"><i class=\"fas fa-caret-right\"><\/i><\/span>\n\t\t\t\t\t\t\t\t<span class=\"elementor-toggle-icon-opened\"><i class=\"elementor-toggle-icon-opened fas fa-caret-up\"><\/i><\/span>\n\t\t\t\t\t\t\t\t\t\t\t\t\t<\/span>\n\t\t\t\t\t\t\t\t\t\t\t\t<a class=\"elementor-toggle-title\" tabindex=\"0\">Wie kann ich vorhandene M\u00f6bel umfunktionieren oder aufwerten, um eine budgetfreundliche Umgestaltung zu erreichen?<\/a>\n\t\t\t\t\t<\/div>\n\n\t\t\t\t\t<div id=\"elementor-tab-content-5362\" class=\"elementor-tab-content elementor-clearfix\" data-tab=\"2\" role=\"region\" aria-labelledby=\"elementor-tab-title-5362\"><p><span style=\"font-weight: 400;\">Die Wiederverwendung oder das Upcycling vorhandener M\u00f6bel f\u00fcr eine kosteng\u00fcnstige Umgestaltung ist ein kreativer und nachhaltiger Ansatz. Beginnen Sie damit, die M\u00f6bel abzuschleifen und mit einer neuen Farbe oder einem Finish zu versehen, das zu Ihrem gew\u00fcnschten Stil passt. Sie k\u00f6nnen auch die Beschl\u00e4ge austauschen, dekorative Elemente wie Schablonen oder Leisten hinzuf\u00fcgen und eine Neupolsterung mit neuem Stoff in Betracht ziehen, um Ihre M\u00f6bel kosteng\u00fcnstig umzugestalten.<\/span><\/p><\/div>\n\t\t\t\t<\/div>\n\t\t\t\t\t\t\t<div class=\"elementor-toggle-item\">\n\t\t\t\t\t<div id=\"elementor-tab-title-5363\" class=\"elementor-tab-title\" data-tab=\"3\" role=\"button\" aria-controls=\"elementor-tab-content-5363\" aria-expanded=\"false\">\n\t\t\t\t\t\t\t\t\t\t\t\t<span class=\"elementor-toggle-icon elementor-toggle-icon-left\" aria-hidden=\"true\">\n\t\t\t\t\t\t\t\t\t\t\t\t\t\t\t<span class=\"elementor-toggle-icon-closed\"><i class=\"fas fa-caret-right\"><\/i><\/span>\n\t\t\t\t\t\t\t\t<span class=\"elementor-toggle-icon-opened\"><i class=\"elementor-toggle-icon-opened fas fa-caret-up\"><\/i><\/span>\n\t\t\t\t\t\t\t\t\t\t\t\t\t<\/span>\n\t\t\t\t\t\t\t\t\t\t\t\t<a class=\"elementor-toggle-title\" tabindex=\"0\">Welche Tipps gibt es f\u00fcr die Dekoration eines kleinen Raumes mit kleinem Budget?<\/a>\n\t\t\t\t\t<\/div>\n\n\t\t\t\t\t<div id=\"elementor-tab-content-5363\" class=\"elementor-tab-content elementor-clearfix\" data-tab=\"3\" role=\"region\" aria-labelledby=\"elementor-tab-title-5363\"><p><span style=\"font-weight: 400;\">Um einen kleinen Raum mit geringem Budget einzurichten, sollten Sie zun\u00e4chst entr\u00fcmpeln und die vertikale Aufbewahrung mit Regalen optimieren. Verwenden Sie helle Farben, um ein Gef\u00fchl von Offenheit zu schaffen, und setzen Sie Spiegel ein, um das Licht zu reflektieren und den Raum gr\u00f6\u00dfer wirken zu lassen. Investieren Sie in multifunktionale M\u00f6bel, entscheiden Sie sich f\u00fcr kleinere St\u00fccke und denken Sie \u00fcber DIY-Dekorationsprojekte nach, um dem Raum eine pers\u00f6nliche Note zu verleihen, ohne das Budget zu sprengen.<\/span><\/p><\/div>\n\t\t\t\t<\/div>\n\t\t\t\t\t\t\t\t<\/div>\n\t\t\t\t\t\t<\/div>\n\t\t\t\t<\/div>\n\t\t\t\t\t<\/div>\n\t\t<\/div>\n\t\t\t\t\t<\/div>\n\t\t<\/section>\n\t\t\t\t<section class=\"elementor-section elementor-top-section elementor-element elementor-element-5123594 elementor-section-boxed elementor-section-height-default elementor-section-height-default\" data-id=\"5123594\" data-element_type=\"section\" data-e-type=\"section\">\n\t\t\t\t\t\t<div class=\"elementor-container elementor-column-gap-default\">\n\t\t\t\t\t<div class=\"elementor-column elementor-col-100 elementor-top-column elementor-element elementor-element-80749c4\" data-id=\"80749c4\" data-element_type=\"column\" data-e-type=\"column\">\n\t\t\t<div class=\"elementor-widget-wrap elementor-element-populated\">\n\t\t\t\t\t\t<div class=\"elementor-element elementor-element-b53820f elementor-widget elementor-widget-text-editor\" data-id=\"b53820f\" data-element_type=\"widget\" data-e-type=\"widget\" data-widget_type=\"text-editor.default\">\n\t\t\t\t<div class=\"elementor-widget-container\">\n\t\t\t\t\t\t\t\t\t<p><strong>Tapete Verwandte Artikel:<\/strong><\/p><ul><li><a href=\"https:\/\/www.kunstloft.de\/magazin\/richtig-tapezieren\/\" target=\"_blank\" rel=\"noopener\"><span data-sheets-root=\"1\" data-sheets-value=\"{&quot;1&quot;:2,&quot;2&quot;:&quot;Richtig tapezieren: Anleitung und Tipps f\u00fcr Anf\u00e4nger&quot;}\" data-sheets-userformat=\"{&quot;2&quot;:4993,&quot;3&quot;:{&quot;1&quot;:0},&quot;10&quot;:1,&quot;11&quot;:4,&quot;12&quot;:0,&quot;15&quot;:&quot;Merriweather&quot;}\">Richtig tapezieren: Anleitung und Tipps f\u00fcr Anf\u00e4nger<\/span><\/a><\/li><li><a href=\"https:\/\/www.kunstloft.de\/magazin\/tapeten-wohnzimmer-ideen\/\" target=\"_blank\" rel=\"noopener\"><span data-sheets-root=\"1\" data-sheets-value=\"{&quot;1&quot;:2,&quot;2&quot;:&quot;Akzente setzen: Tapetenideen f\u00fcr Ihr Wohnzimmer&quot;}\" data-sheets-userformat=\"{&quot;2&quot;:4993,&quot;3&quot;:{&quot;1&quot;:0},&quot;10&quot;:1,&quot;11&quot;:4,&quot;12&quot;:0,&quot;15&quot;:&quot;Merriweather&quot;}\">Akzente setzen: Tapetenideen f\u00fcr Ihr Wohnzimmer<\/span><\/a><\/li><li><a href=\"https:\/\/www.kunstloft.de\/magazin\/wie-3d-tapeten-die-welt-der-innenarchitektur-veraenderten\/\" target=\"_blank\" rel=\"noopener\"><span data-sheets-root=\"1\" data-sheets-value=\"{&quot;1&quot;:2,&quot;2&quot;:&quot;Wie 3D-Tapeten die Welt der Innenarchitektur ver\u00e4nderten&quot;}\" data-sheets-userformat=\"{&quot;2&quot;:4993,&quot;3&quot;:{&quot;1&quot;:0},&quot;10&quot;:1,&quot;11&quot;:4,&quot;12&quot;:0,&quot;15&quot;:&quot;Merriweather&quot;}\">Wie 3D-Tapeten die Welt der Innenarchitektur ver\u00e4nderten<\/span><\/a><\/li><li><a href=\"https:\/\/www.kunstloft.de\/magazin\/so-waehlen-sie-die-richtige-tapete\/\"><span data-sheets-root=\"1\" data-sheets-value=\"{&quot;1&quot;:2,&quot;2&quot;:&quot;So w\u00e4hlen Sie die richtige Tapete f\u00fcr Ihr Schlafzimmer aus&quot;}\" data-sheets-userformat=\"{&quot;2&quot;:384,&quot;10&quot;:1,&quot;11&quot;:4}\" data-sheets-formula=\"='ARTICLE LIST'!R[0]C[-1]\">So w\u00e4hlen Sie die richtige Tapete f\u00fcr Ihr Schlafzimmer aus<\/span><\/a><\/li><\/ul>\t\t\t\t\t\t\t\t<\/div>\n\t\t\t\t<\/div>\n\t\t\t\t\t<\/div>\n\t\t<\/div>\n\t\t\t\t\t<\/div>\n\t\t<\/section>\n\t\t\t\t<section class=\"elementor-section elementor-top-section elementor-element elementor-element-be5572f elementor-section-boxed elementor-section-height-default elementor-section-height-default\" data-id=\"be5572f\" data-element_type=\"section\" data-e-type=\"section\">\n\t\t\t\t\t\t<div class=\"elementor-container elementor-column-gap-default\">\n\t\t\t\t\t<div class=\"elementor-column elementor-col-100 elementor-top-column elementor-element elementor-element-0b6971f\" data-id=\"0b6971f\" data-element_type=\"column\" data-e-type=\"column\">\n\t\t\t<div class=\"elementor-widget-wrap elementor-element-populated\">\n\t\t\t\t\t\t<div class=\"elementor-element elementor-element-e0788ea elementor-widget elementor-widget-spacer\" data-id=\"e0788ea\" data-element_type=\"widget\" data-e-type=\"widget\" data-widget_type=\"spacer.default\">\n\t\t\t\t<div class=\"elementor-widget-container\">\n\t\t\t\t\t\t\t<div class=\"elementor-spacer\">\n\t\t\t<div class=\"elementor-spacer-inner\"><\/div>\n\t\t<\/div>\n\t\t\t\t\t\t<\/div>\n\t\t\t\t<\/div>\n\t\t\t\t\t<\/div>\n\t\t<\/div>\n\t\t\t\t\t<\/div>\n\t\t<\/section>\n\t\t\t\t<section class=\"elementor-section elementor-top-section elementor-element elementor-element-61e8876 elementor-section-boxed elementor-section-height-default elementor-section-height-default\" data-id=\"61e8876\" data-element_type=\"section\" data-e-type=\"section\">\n\t\t\t\t\t\t<div class=\"elementor-container elementor-column-gap-default\">\n\t\t\t\t\t<div class=\"elementor-column elementor-col-100 elementor-top-column elementor-element elementor-element-ae7c06c\" data-id=\"ae7c06c\" data-element_type=\"column\" data-e-type=\"column\">\n\t\t\t<div class=\"elementor-widget-wrap elementor-element-populated\">\n\t\t\t\t\t\t<div class=\"elementor-element elementor-element-05123ce elementor-widget elementor-widget-text-editor\" data-id=\"05123ce\" data-element_type=\"widget\" data-e-type=\"widget\" data-widget_type=\"text-editor.default\">\n\t\t\t\t<div class=\"elementor-widget-container\">\n\t\t\t\t\t\t\t\t\t<div style='display:none;' class='shareaholic-canvas' data-app='follow_buttons' data-title='7 kreative Einrichtungsideen mit kleinem Budget, die Ihren Raum aufwerten' data-link='https:\/\/www.kunstloft.de\/magazin\/7-einrichtungsideen-mit-kleinem-budget\/' data-summary='Es ist der Beginn eines neuen Jahres, ein weiteres Jahr, um das Leben zu leben und einen Neuanfang zu machen. Als Hausbesitzer lieben wir es, unser Zuhause umzugestalten, um das Jahr frisch zu beginnen, und die Verwandlung Ihres Wohnraums in eine stilvolle Oase muss nicht teuer sein. In diesem Artikel finden Sie 7 Einrichtungsideen mit kleinem Budget, die nicht nur Ihre Wohnung versch\u00f6nern, sondern auch Ihre einzigartige Pers\u00f6nlichkeit und Ihren Stil widerspiegeln werden.' data-app-id='28699021'><\/div>\t\t\t\t\t\t\t\t<\/div>\n\t\t\t\t<\/div>\n\t\t\t\t\t<\/div>\n\t\t<\/div>\n\t\t\t\t\t<\/div>\n\t\t<\/section>\n\t\t\t\t<section class=\"elementor-section elementor-top-section elementor-element elementor-element-9009d43 elementor-section-boxed elementor-section-height-default elementor-section-height-default\" data-id=\"9009d43\" data-element_type=\"section\" data-e-type=\"section\">\n\t\t\t\t\t\t<div class=\"elementor-container elementor-column-gap-default\">\n\t\t\t\t\t<div class=\"elementor-column elementor-col-100 elementor-top-column elementor-element elementor-element-50cd39d\" data-id=\"50cd39d\" data-element_type=\"column\" data-e-type=\"column\">\n\t\t\t<div class=\"elementor-widget-wrap elementor-element-populated\">\n\t\t\t\t\t\t<div class=\"elementor-element elementor-element-30a353e elementor-widget elementor-widget-spacer\" data-id=\"30a353e\" data-element_type=\"widget\" data-e-type=\"widget\" data-widget_type=\"spacer.default\">\n\t\t\t\t<div class=\"elementor-widget-container\">\n\t\t\t\t\t\t\t<div class=\"elementor-spacer\">\n\t\t\t<div class=\"elementor-spacer-inner\"><\/div>\n\t\t<\/div>\n\t\t\t\t\t\t<\/div>\n\t\t\t\t<\/div>\n\t\t\t\t\t<\/div>\n\t\t<\/div>\n\t\t\t\t\t<\/div>\n\t\t<\/section>\n\t\t\t\t<section class=\"elementor-section elementor-top-section elementor-element elementor-element-6ba64fe elementor-section-boxed elementor-section-height-default elementor-section-height-default\" data-id=\"6ba64fe\" data-element_type=\"section\" data-e-type=\"section\">\n\t\t\t\t\t\t<div class=\"elementor-container elementor-column-gap-default\">\n\t\t\t\t\t<div class=\"elementor-column elementor-col-100 elementor-top-column elementor-element elementor-element-a5093f3\" data-id=\"a5093f3\" data-element_type=\"column\" data-e-type=\"column\" data-settings=\"{&quot;background_background&quot;:&quot;classic&quot;}\">\n\t\t\t<div class=\"elementor-widget-wrap elementor-element-populated\">\n\t\t\t\t\t\t<div class=\"elementor-element elementor-element-b6826f7 elementor-widget elementor-widget-text-editor\" data-id=\"b6826f7\" data-element_type=\"widget\" data-e-type=\"widget\" data-widget_type=\"text-editor.default\">\n\t\t\t\t<div class=\"elementor-widget-container\">\n\t\t\t\t\t\t\t\t\t<p><strong>Bildnachweis:<\/strong> @KunstLoft @Andrea Davis &#8211; Pexels.com @Karolina Grabowska &#8211; Pexels.com @cottonbro studio &#8211; Pexels.com @Rachel Claire &#8211; Pexels.com @Lisa Fotios &#8211; Pexels.com @Taryn Elliott &#8211; Pexels.com @Mendy Van Hoogdalem van Barneveld &#8211; Pexels.com @Charlotte May &#8211; Pexels.com<\/p>\t\t\t\t\t\t\t\t<\/div>\n\t\t\t\t<\/div>\n\t\t\t\t\t<\/div>\n\t\t<\/div>\n\t\t\t\t\t<\/div>\n\t\t<\/section>\n\t\t\t\t<\/div>\n\t\t","protected":false},"excerpt":{"rendered":"<p>Es ist der Beginn eines neuen Jahres, ein weiteres Jahr, um das Leben zu leben und einen Neuanfang zu machen. Als Hausbesitzer lieben wir es, unser Zuhause umzugestalten, um das Jahr frisch zu beginnen, und die Verwandlung Ihres Wohnraums in eine stilvolle Oase muss nicht teuer sein. In diesem Artikel finden Sie 7 Einrichtungsideen mit kleinem Budget, die nicht nur Ihre Wohnung versch\u00f6nern, sondern auch Ihre einzigartige Pers\u00f6nlichkeit und Ihren Stil widerspiegeln werden.<\/p>\n","protected":false},"author":16,"featured_media":11684,"comment_status":"closed","ping_status":"closed","sticky":false,"template":"","format":"standard","meta":{"footnotes":""},"categories":[1],"tags":[],"class_list":["post-11666","post","type-post","status-publish","format-standard","has-post-thumbnail","hentry","category-dekorieren-and-einrichten"],"yoast_head":"<!-- This site is optimized with the Yoast SEO plugin v27.2 - https:\/\/yoast.com\/product\/yoast-seo-wordpress\/ -->\n<title>7 kreative Einrichtungsideen mit kleinem Budget<\/title>\n<meta name=\"description\" content=\"Versch\u00f6nern Sie Ihr Zuhause, ohne ein Verm\u00f6gen auszugeben. Entdecken Sie diese kreativen Einrichtungsideen f\u00fcr ein stilvolles Zuhause mit kleinem Budget!\" \/>\n<meta name=\"robots\" content=\"index, follow, max-snippet:-1, max-image-preview:large, max-video-preview:-1\" \/>\n<link rel=\"canonical\" href=\"https:\/\/www.kunstloft.de\/magazin\/7-einrichtungsideen-mit-kleinem-budget\/\" \/>\n<meta property=\"og:locale\" content=\"de_DE\" \/>\n<meta property=\"og:type\" content=\"article\" \/>\n<meta property=\"og:title\" content=\"7 kreative Einrichtungsideen mit kleinem Budget\" \/>\n<meta property=\"og:description\" content=\"Versch\u00f6nern Sie Ihr Zuhause, ohne ein Verm\u00f6gen auszugeben. Entdecken Sie diese kreativen Einrichtungsideen f\u00fcr ein stilvolles Zuhause mit kleinem Budget!\" \/>\n<meta property=\"og:url\" content=\"https:\/\/www.kunstloft.de\/magazin\/7-einrichtungsideen-mit-kleinem-budget\/\" \/>\n<meta property=\"og:site_name\" content=\"KUNSTLOFT Magazin\" \/>\n<meta property=\"article:publisher\" content=\"https:\/\/de-de.facebook.com\/kunstloft\/\" \/>\n<meta property=\"article:published_time\" content=\"2024-01-21T13:00:00+00:00\" \/>\n<meta property=\"article:modified_time\" content=\"2025-08-06T15:24:19+00:00\" \/>\n<meta property=\"og:image\" content=\"https:\/\/www.kunstloft.de\/magazin\/wp-content\/uploads\/2024\/04\/wohndekoration-mit-kleinem-budget.webp\" \/>\n\t<meta property=\"og:image:width\" content=\"2048\" \/>\n\t<meta property=\"og:image:height\" content=\"1155\" \/>\n\t<meta property=\"og:image:type\" content=\"image\/webp\" \/>\n<meta name=\"author\" content=\"Coleen\" \/>\n<meta name=\"twitter:card\" content=\"summary_large_image\" \/>\n<meta name=\"twitter:label1\" content=\"Verfasst von\" \/>\n\t<meta name=\"twitter:data1\" content=\"Coleen\" \/>\n\t<meta name=\"twitter:label2\" content=\"Gesch\u00e4tzte Lesezeit\" \/>\n\t<meta name=\"twitter:data2\" content=\"13\u00a0Minuten\" \/>\n<script type=\"application\/ld+json\" class=\"yoast-schema-graph\">{\"@context\":\"https:\/\/schema.org\",\"@graph\":[{\"@type\":\"Article\",\"@id\":\"https:\/\/www.kunstloft.de\/magazin\/7-einrichtungsideen-mit-kleinem-budget\/#article\",\"isPartOf\":{\"@id\":\"https:\/\/www.kunstloft.de\/magazin\/7-einrichtungsideen-mit-kleinem-budget\/\"},\"author\":{\"name\":\"Coleen\",\"@id\":\"https:\/\/www.kunstloft.de\/magazin\/#\/schema\/person\/2e24c2c2309323c4498a7504c40ee4d5\"},\"headline\":\"7 kreative Einrichtungsideen mit kleinem Budget, die Ihren Raum aufwerten\",\"datePublished\":\"2024-01-21T13:00:00+00:00\",\"dateModified\":\"2025-08-06T15:24:19+00:00\",\"mainEntityOfPage\":{\"@id\":\"https:\/\/www.kunstloft.de\/magazin\/7-einrichtungsideen-mit-kleinem-budget\/\"},\"wordCount\":998,\"publisher\":{\"@id\":\"https:\/\/www.kunstloft.de\/magazin\/#organization\"},\"image\":{\"@id\":\"https:\/\/www.kunstloft.de\/magazin\/7-einrichtungsideen-mit-kleinem-budget\/#primaryimage\"},\"thumbnailUrl\":\"https:\/\/www.kunstloft.de\/magazin\/wp-content\/uploads\/2024\/04\/wohndekoration-mit-kleinem-budget.webp\",\"articleSection\":[\"Dekorieren &amp; Einrichten\"],\"inLanguage\":\"de\"},{\"@type\":\"WebPage\",\"@id\":\"https:\/\/www.kunstloft.de\/magazin\/7-einrichtungsideen-mit-kleinem-budget\/\",\"url\":\"https:\/\/www.kunstloft.de\/magazin\/7-einrichtungsideen-mit-kleinem-budget\/\",\"name\":\"7 kreative Einrichtungsideen mit kleinem Budget\",\"isPartOf\":{\"@id\":\"https:\/\/www.kunstloft.de\/magazin\/#website\"},\"primaryImageOfPage\":{\"@id\":\"https:\/\/www.kunstloft.de\/magazin\/7-einrichtungsideen-mit-kleinem-budget\/#primaryimage\"},\"image\":{\"@id\":\"https:\/\/www.kunstloft.de\/magazin\/7-einrichtungsideen-mit-kleinem-budget\/#primaryimage\"},\"thumbnailUrl\":\"https:\/\/www.kunstloft.de\/magazin\/wp-content\/uploads\/2024\/04\/wohndekoration-mit-kleinem-budget.webp\",\"datePublished\":\"2024-01-21T13:00:00+00:00\",\"dateModified\":\"2025-08-06T15:24:19+00:00\",\"description\":\"Versch\u00f6nern Sie Ihr Zuhause, ohne ein Verm\u00f6gen auszugeben. Entdecken Sie diese kreativen Einrichtungsideen f\u00fcr ein stilvolles Zuhause mit kleinem Budget!\",\"breadcrumb\":{\"@id\":\"https:\/\/www.kunstloft.de\/magazin\/7-einrichtungsideen-mit-kleinem-budget\/#breadcrumb\"},\"inLanguage\":\"de\",\"potentialAction\":[{\"@type\":\"ReadAction\",\"target\":[\"https:\/\/www.kunstloft.de\/magazin\/7-einrichtungsideen-mit-kleinem-budget\/\"]}]},{\"@type\":\"ImageObject\",\"inLanguage\":\"de\",\"@id\":\"https:\/\/www.kunstloft.de\/magazin\/7-einrichtungsideen-mit-kleinem-budget\/#primaryimage\",\"url\":\"https:\/\/www.kunstloft.de\/magazin\/wp-content\/uploads\/2024\/04\/wohndekoration-mit-kleinem-budget.webp\",\"contentUrl\":\"https:\/\/www.kunstloft.de\/magazin\/wp-content\/uploads\/2024\/04\/wohndekoration-mit-kleinem-budget.webp\",\"width\":2048,\"height\":1155,\"caption\":\"wohndekoration mit kleinem budget\"},{\"@type\":\"BreadcrumbList\",\"@id\":\"https:\/\/www.kunstloft.de\/magazin\/7-einrichtungsideen-mit-kleinem-budget\/#breadcrumb\",\"itemListElement\":[{\"@type\":\"ListItem\",\"position\":1,\"name\":\"Startseite\",\"item\":\"https:\/\/www.kunstloft.de\/magazin\/\"},{\"@type\":\"ListItem\",\"position\":2,\"name\":\"7 kreative Einrichtungsideen mit kleinem Budget, die Ihren Raum aufwerten\"}]},{\"@type\":\"WebSite\",\"@id\":\"https:\/\/www.kunstloft.de\/magazin\/#website\",\"url\":\"https:\/\/www.kunstloft.de\/magazin\/\",\"name\":\"KUNSTLOFT Magazin\",\"description\":\"Die Kunst des Einrichtens\",\"publisher\":{\"@id\":\"https:\/\/www.kunstloft.de\/magazin\/#organization\"},\"potentialAction\":[{\"@type\":\"SearchAction\",\"target\":{\"@type\":\"EntryPoint\",\"urlTemplate\":\"https:\/\/www.kunstloft.de\/magazin\/?s={search_term_string}\"},\"query-input\":{\"@type\":\"PropertyValueSpecification\",\"valueRequired\":true,\"valueName\":\"search_term_string\"}}],\"inLanguage\":\"de\"},{\"@type\":\"Organization\",\"@id\":\"https:\/\/www.kunstloft.de\/magazin\/#organization\",\"name\":\"KunstLoft\",\"url\":\"https:\/\/www.kunstloft.de\/magazin\/\",\"logo\":{\"@type\":\"ImageObject\",\"inLanguage\":\"de\",\"@id\":\"https:\/\/www.kunstloft.de\/magazin\/#\/schema\/logo\/image\/\",\"url\":\"https:\/\/www.kunstloft.de\/magazin\/wp-content\/uploads\/2022\/06\/cropped-Logo-Kunstloft-512x512-1.png\",\"contentUrl\":\"https:\/\/www.kunstloft.de\/magazin\/wp-content\/uploads\/2022\/06\/cropped-Logo-Kunstloft-512x512-1.png\",\"width\":512,\"height\":512,\"caption\":\"KunstLoft\"},\"image\":{\"@id\":\"https:\/\/www.kunstloft.de\/magazin\/#\/schema\/logo\/image\/\"},\"sameAs\":[\"https:\/\/de-de.facebook.com\/kunstloft\/\",\"https:\/\/www.instagram.com\/kunstloft\/?hl=de\"]},{\"@type\":\"Person\",\"@id\":\"https:\/\/www.kunstloft.de\/magazin\/#\/schema\/person\/2e24c2c2309323c4498a7504c40ee4d5\",\"name\":\"Coleen\",\"image\":{\"@type\":\"ImageObject\",\"inLanguage\":\"de\",\"@id\":\"https:\/\/secure.gravatar.com\/avatar\/c6bb574d79a867e6bbd16c59a1422a9f7e62d389b3847dbc78a68fdedbe6feaf?s=96&d=mm&r=g\",\"url\":\"https:\/\/secure.gravatar.com\/avatar\/c6bb574d79a867e6bbd16c59a1422a9f7e62d389b3847dbc78a68fdedbe6feaf?s=96&d=mm&r=g\",\"contentUrl\":\"https:\/\/secure.gravatar.com\/avatar\/c6bb574d79a867e6bbd16c59a1422a9f7e62d389b3847dbc78a68fdedbe6feaf?s=96&d=mm&r=g\",\"caption\":\"Coleen\"},\"url\":\"https:\/\/www.kunstloft.de\/magazin\/author\/coleens\/\"}]}<\/script>\n<!-- \/ Yoast SEO plugin. -->","yoast_head_json":{"title":"7 kreative Einrichtungsideen mit kleinem Budget","description":"Versch\u00f6nern Sie Ihr Zuhause, ohne ein Verm\u00f6gen auszugeben. Entdecken Sie diese kreativen Einrichtungsideen f\u00fcr ein stilvolles Zuhause mit kleinem Budget!","robots":{"index":"index","follow":"follow","max-snippet":"max-snippet:-1","max-image-preview":"max-image-preview:large","max-video-preview":"max-video-preview:-1"},"canonical":"https:\/\/www.kunstloft.de\/magazin\/7-einrichtungsideen-mit-kleinem-budget\/","og_locale":"de_DE","og_type":"article","og_title":"7 kreative Einrichtungsideen mit kleinem Budget","og_description":"Versch\u00f6nern Sie Ihr Zuhause, ohne ein Verm\u00f6gen auszugeben. Entdecken Sie diese kreativen Einrichtungsideen f\u00fcr ein stilvolles Zuhause mit kleinem Budget!","og_url":"https:\/\/www.kunstloft.de\/magazin\/7-einrichtungsideen-mit-kleinem-budget\/","og_site_name":"KUNSTLOFT Magazin","article_publisher":"https:\/\/de-de.facebook.com\/kunstloft\/","article_published_time":"2024-01-21T13:00:00+00:00","article_modified_time":"2025-08-06T15:24:19+00:00","og_image":[{"width":2048,"height":1155,"url":"https:\/\/www.kunstloft.de\/magazin\/wp-content\/uploads\/2024\/04\/wohndekoration-mit-kleinem-budget.webp","type":"image\/webp"}],"author":"Coleen","twitter_card":"summary_large_image","twitter_misc":{"Verfasst von":"Coleen","Gesch\u00e4tzte Lesezeit":"13\u00a0Minuten"},"schema":{"@context":"https:\/\/schema.org","@graph":[{"@type":"Article","@id":"https:\/\/www.kunstloft.de\/magazin\/7-einrichtungsideen-mit-kleinem-budget\/#article","isPartOf":{"@id":"https:\/\/www.kunstloft.de\/magazin\/7-einrichtungsideen-mit-kleinem-budget\/"},"author":{"name":"Coleen","@id":"https:\/\/www.kunstloft.de\/magazin\/#\/schema\/person\/2e24c2c2309323c4498a7504c40ee4d5"},"headline":"7 kreative Einrichtungsideen mit kleinem Budget, die Ihren Raum aufwerten","datePublished":"2024-01-21T13:00:00+00:00","dateModified":"2025-08-06T15:24:19+00:00","mainEntityOfPage":{"@id":"https:\/\/www.kunstloft.de\/magazin\/7-einrichtungsideen-mit-kleinem-budget\/"},"wordCount":998,"publisher":{"@id":"https:\/\/www.kunstloft.de\/magazin\/#organization"},"image":{"@id":"https:\/\/www.kunstloft.de\/magazin\/7-einrichtungsideen-mit-kleinem-budget\/#primaryimage"},"thumbnailUrl":"https:\/\/www.kunstloft.de\/magazin\/wp-content\/uploads\/2024\/04\/wohndekoration-mit-kleinem-budget.webp","articleSection":["Dekorieren &amp; Einrichten"],"inLanguage":"de"},{"@type":"WebPage","@id":"https:\/\/www.kunstloft.de\/magazin\/7-einrichtungsideen-mit-kleinem-budget\/","url":"https:\/\/www.kunstloft.de\/magazin\/7-einrichtungsideen-mit-kleinem-budget\/","name":"7 kreative Einrichtungsideen mit kleinem Budget","isPartOf":{"@id":"https:\/\/www.kunstloft.de\/magazin\/#website"},"primaryImageOfPage":{"@id":"https:\/\/www.kunstloft.de\/magazin\/7-einrichtungsideen-mit-kleinem-budget\/#primaryimage"},"image":{"@id":"https:\/\/www.kunstloft.de\/magazin\/7-einrichtungsideen-mit-kleinem-budget\/#primaryimage"},"thumbnailUrl":"https:\/\/www.kunstloft.de\/magazin\/wp-content\/uploads\/2024\/04\/wohndekoration-mit-kleinem-budget.webp","datePublished":"2024-01-21T13:00:00+00:00","dateModified":"2025-08-06T15:24:19+00:00","description":"Versch\u00f6nern Sie Ihr Zuhause, ohne ein Verm\u00f6gen auszugeben. Entdecken Sie diese kreativen Einrichtungsideen f\u00fcr ein stilvolles Zuhause mit kleinem Budget!","breadcrumb":{"@id":"https:\/\/www.kunstloft.de\/magazin\/7-einrichtungsideen-mit-kleinem-budget\/#breadcrumb"},"inLanguage":"de","potentialAction":[{"@type":"ReadAction","target":["https:\/\/www.kunstloft.de\/magazin\/7-einrichtungsideen-mit-kleinem-budget\/"]}]},{"@type":"ImageObject","inLanguage":"de","@id":"https:\/\/www.kunstloft.de\/magazin\/7-einrichtungsideen-mit-kleinem-budget\/#primaryimage","url":"https:\/\/www.kunstloft.de\/magazin\/wp-content\/uploads\/2024\/04\/wohndekoration-mit-kleinem-budget.webp","contentUrl":"https:\/\/www.kunstloft.de\/magazin\/wp-content\/uploads\/2024\/04\/wohndekoration-mit-kleinem-budget.webp","width":2048,"height":1155,"caption":"wohndekoration mit kleinem budget"},{"@type":"BreadcrumbList","@id":"https:\/\/www.kunstloft.de\/magazin\/7-einrichtungsideen-mit-kleinem-budget\/#breadcrumb","itemListElement":[{"@type":"ListItem","position":1,"name":"Startseite","item":"https:\/\/www.kunstloft.de\/magazin\/"},{"@type":"ListItem","position":2,"name":"7 kreative Einrichtungsideen mit kleinem Budget, die Ihren Raum aufwerten"}]},{"@type":"WebSite","@id":"https:\/\/www.kunstloft.de\/magazin\/#website","url":"https:\/\/www.kunstloft.de\/magazin\/","name":"KUNSTLOFT Magazin","description":"Die Kunst des Einrichtens","publisher":{"@id":"https:\/\/www.kunstloft.de\/magazin\/#organization"},"potentialAction":[{"@type":"SearchAction","target":{"@type":"EntryPoint","urlTemplate":"https:\/\/www.kunstloft.de\/magazin\/?s={search_term_string}"},"query-input":{"@type":"PropertyValueSpecification","valueRequired":true,"valueName":"search_term_string"}}],"inLanguage":"de"},{"@type":"Organization","@id":"https:\/\/www.kunstloft.de\/magazin\/#organization","name":"KunstLoft","url":"https:\/\/www.kunstloft.de\/magazin\/","logo":{"@type":"ImageObject","inLanguage":"de","@id":"https:\/\/www.kunstloft.de\/magazin\/#\/schema\/logo\/image\/","url":"https:\/\/www.kunstloft.de\/magazin\/wp-content\/uploads\/2022\/06\/cropped-Logo-Kunstloft-512x512-1.png","contentUrl":"https:\/\/www.kunstloft.de\/magazin\/wp-content\/uploads\/2022\/06\/cropped-Logo-Kunstloft-512x512-1.png","width":512,"height":512,"caption":"KunstLoft"},"image":{"@id":"https:\/\/www.kunstloft.de\/magazin\/#\/schema\/logo\/image\/"},"sameAs":["https:\/\/de-de.facebook.com\/kunstloft\/","https:\/\/www.instagram.com\/kunstloft\/?hl=de"]},{"@type":"Person","@id":"https:\/\/www.kunstloft.de\/magazin\/#\/schema\/person\/2e24c2c2309323c4498a7504c40ee4d5","name":"Coleen","image":{"@type":"ImageObject","inLanguage":"de","@id":"https:\/\/secure.gravatar.com\/avatar\/c6bb574d79a867e6bbd16c59a1422a9f7e62d389b3847dbc78a68fdedbe6feaf?s=96&d=mm&r=g","url":"https:\/\/secure.gravatar.com\/avatar\/c6bb574d79a867e6bbd16c59a1422a9f7e62d389b3847dbc78a68fdedbe6feaf?s=96&d=mm&r=g","contentUrl":"https:\/\/secure.gravatar.com\/avatar\/c6bb574d79a867e6bbd16c59a1422a9f7e62d389b3847dbc78a68fdedbe6feaf?s=96&d=mm&r=g","caption":"Coleen"},"url":"https:\/\/www.kunstloft.de\/magazin\/author\/coleens\/"}]}},"_links":{"self":[{"href":"https:\/\/www.kunstloft.de\/magazin\/wp-json\/wp\/v2\/posts\/11666","targetHints":{"allow":["GET"]}}],"collection":[{"href":"https:\/\/www.kunstloft.de\/magazin\/wp-json\/wp\/v2\/posts"}],"about":[{"href":"https:\/\/www.kunstloft.de\/magazin\/wp-json\/wp\/v2\/types\/post"}],"author":[{"embeddable":true,"href":"https:\/\/www.kunstloft.de\/magazin\/wp-json\/wp\/v2\/users\/16"}],"replies":[{"embeddable":true,"href":"https:\/\/www.kunstloft.de\/magazin\/wp-json\/wp\/v2\/comments?post=11666"}],"version-history":[{"count":68,"href":"https:\/\/www.kunstloft.de\/magazin\/wp-json\/wp\/v2\/posts\/11666\/revisions"}],"predecessor-version":[{"id":14118,"href":"https:\/\/www.kunstloft.de\/magazin\/wp-json\/wp\/v2\/posts\/11666\/revisions\/14118"}],"wp:featuredmedia":[{"embeddable":true,"href":"https:\/\/www.kunstloft.de\/magazin\/wp-json\/wp\/v2\/media\/11684"}],"wp:attachment":[{"href":"https:\/\/www.kunstloft.de\/magazin\/wp-json\/wp\/v2\/media?parent=11666"}],"wp:term":[{"taxonomy":"category","embeddable":true,"href":"https:\/\/www.kunstloft.de\/magazin\/wp-json\/wp\/v2\/categories?post=11666"},{"taxonomy":"post_tag","embeddable":true,"href":"https:\/\/www.kunstloft.de\/magazin\/wp-json\/wp\/v2\/tags?post=11666"}],"curies":[{"name":"wp","href":"https:\/\/api.w.org\/{rel}","templated":true}]}}